{"id":666321,"date":"2025-12-23T08:36:25","date_gmt":"2025-12-23T08:36:25","guid":{"rendered":"https:\/\/www.europesays.com\/de\/666321\/"},"modified":"2025-12-23T08:36:25","modified_gmt":"2025-12-23T08:36:25","slug":"trump-bekraeftigt-anspruch-auf-groenland","status":"publish","type":"post","link":"https:\/\/www.europesays.com\/de\/666321\/","title":{"rendered":"Trump bekr\u00e4ftigt Anspruch auf Gr\u00f6nland"},"content":{"rendered":"<p>            <img loading=\"lazy\" decoding=\"async\" class=\"ts-image\" src=\"https:\/\/www.europesays.com\/de\/wp-content\/uploads\/2025\/12\/trump-4508.jpg\" alt=\"Donald Trump\" title=\"Donald Trump | dpa\"\/><\/p>\n<p class=\"metatextline\">Stand: 23.12.2025 09:17 Uhr<\/p>\n<p class=\"article-head__shorttext\">\n        <strong>Im wieder entfachten Streit um Gr\u00f6nland hat US-Pr\u00e4sident Trump das angebliche Bed\u00fcrfnis der USA nach der Insel wiederholt. Sein Land brauche Gr\u00f6nland f\u00fcr die nationale Sicherheit &#8211; es gehe nicht um \u00d6l.<\/strong>\n    <\/p>\n<p class=\"textabsatz m-ten m-offset-one l-eight l-offset-two columns twelve\">US-Pr\u00e4sident Donald \u200dTrump hat erneut sein Interesse an Gr\u00f6nland klargemacht. Wenn man sich die Insel entlang der K\u00fcste anschaue, sehe man \u00fcberall russische und chinesische Schiffe, sagte er vor Journalisten in Florida. &#8222;Wir brauchen Gr\u00f6nland f\u00fcr die nationale Sicherheit. (&#8230;) Wir m\u00fcssen es haben.&#8220; Es gehe nicht um Mineralien oder \u00d6l, so der Pr\u00e4sident, davon h\u00e4tten die USA selbst genug.<\/p>\n<p class=\"textabsatz m-ten m-offset-one l-eight l-offset-two columns twelve\">Der Streit um Gr\u00f6nland war kurz nach dem Beginn von Trumps zweiter Amtszeit im Januar neu ausgebrochen. US-Vizepr\u00e4sident JD Vance besuchte Ende M\u00e4rz den US-Milit\u00e4rst\u00fctzpunkt Pituffik im Nordwesten der Insel, was weithin als Provokation gewertet wurde.<\/p>\n<p class=\"textabsatz m-ten m-offset-one l-eight l-offset-two columns twelve\">Ende August berichtete der d\u00e4nische Fernsehsender DR, dass mindestens drei Trump nahestehende Mitarbeiter der US-Regierung versucht h\u00e4tten, in Gr\u00f6nland Einfluss zu nehmen. Daraufhin bestellte D\u00e4nemark den Gesch\u00e4ftstr\u00e4ger der US-Botschaft ein.<\/p>\n<p>    Trumps Sondergesandter: Gr\u00f6nland zu Teil der USA machen<\/p>\n<p class=\"textabsatz m-ten m-offset-one l-eight l-offset-two columns twelve\">Am Sonntag ernannte Trump den Gouverneur von Louisiana, Jeff Landry, zu seinem Sondergesandten f\u00fcr die Inselgruppe. Dieser solle die Sache vorantreiben. Landry erkl\u00e4rte anschlie\u00dfend auf der Plattform X, es sei \u200cihm eine Ehre, in dieser ehrenamtlichen Position daran mitzuwirken, Gr\u00f6nland zu einem Teil der \u200bUSA zu machen.<\/p>\n<p class=\"textabsatz m-ten m-offset-one l-eight l-offset-two columns twelve\">Darauf reagierten die d\u00e4nische Premierministerin Mette Frederiksen und \u200cder gr\u00f6nl\u00e4ndische Ministerpr\u00e4sident Jens-Frederik Nielsen mit einer gemeinsamen Stellungnahme: &#8222;Man kann nicht einfach ein anderes Land annektieren. (&#8230;) Gr\u00f6nland geh\u00f6rt den Gr\u00f6nl\u00e4ndern&#8220;, hie\u00df es darin. Der d\u00e4nische Au\u00dfenminister Lars L\u00f8kke Rasmussen k\u00fcndigte an, den US-Botschafter in Kopenhagen, Kenneth Howery, einzubestellen.<\/p>\n<p>    Br\u00fcssel steht hinter Gr\u00f6nland<\/p>\n<p class=\"textabsatz m-ten m-offset-one l-eight l-offset-two columns twelve\">Aus der EU gab es R\u00fcckendeckung f\u00fcr D\u00e4nemark und Gr\u00f6nland. Kommissionspr\u00e4sidentin Ursula von der Leyen und Ratspr\u00e4sident Ant\u00f3nio Costa betonten auf X, territoriale Integrit\u00e4t und Souver\u00e4nit\u00e4t seien &#8222;Grundprinzipien des V\u00f6lkerrechts&#8220;. Diese seien &#8222;nicht nur f\u00fcr die Europ\u00e4ische Union, sondern f\u00fcr alle Nationen auf der Welt von wesentlicher Bedeutung. Wir stehen in voller Solidarit\u00e4t mit D\u00e4nemark und der Bev\u00f6lkerung Gr\u00f6nlands.&#8220;<\/p>\n<p class=\"textabsatz m-ten m-offset-one l-eight l-offset-two columns twelve\">Auf der weltgr\u00f6\u00dften Insel &#8211; Gr\u00f6nland ist sechsmal so gro\u00df wie Deutschland &#8211; leben etwa 57.000 Menschen. Im Boden lagern wertvolle Rohstoffe. Durch neu er\u00f6ffnete Seewege infolge des Klimawandels ist das geostrategische Interesse an der Arktis von Seiten der USA, Chinas und Russlands deutlich gewachsen. Seit 1979 ist Gr\u00f6nland in vielen Bereichen autonom, doch entscheidet etwa \u00fcber die Au\u00dfen- und Verteidigungspolitik weiterhin D\u00e4nemark.<\/p>\n","protected":false},"excerpt":{"rendered":"Stand: 23.12.2025 09:17 Uhr Im wieder entfachten Streit um Gr\u00f6nland hat US-Pr\u00e4sident Trump das angebliche Bed\u00fcrfnis der USA&hellip;\n","protected":false},"author":2,"featured_media":666322,"comment_status":"","ping_status":"","sticky":false,"template":"","format":"standard","meta":{"footnotes":""},"categories":[3977],"tags":[331,332,1160,452,13,14,15,12,113,4017,4018,4016,64,4019,4020],"class_list":{"0":"post-666321","1":"post","2":"type-post","3":"status-publish","4":"format-standard","5":"has-post-thumbnail","7":"category-usa","8":"tag-aktuelle-nachrichten","9":"tag-aktuelle-news","10":"tag-daenemark","11":"tag-groenland","12":"tag-headlines","13":"tag-nachrichten","14":"tag-news","15":"tag-schlagzeilen","16":"tag-trump","17":"tag-united-states","18":"tag-united-states-of-america","19":"tag-us","20":"tag-usa","21":"tag-vereinigte-staaten","22":"tag-vereinigte-staaten-von-amerika"},"share_on_mastodon":{"url":"https:\/\/pubeurope.com\/@de\/115767974074065539","error":""},"_links":{"self":[{"href":"https:\/\/www.europesays.com\/de\/wp-json\/wp\/v2\/posts\/666321","targetHints":{"allow":["GET"]}}],"collection":[{"href":"https:\/\/www.europesays.com\/de\/wp-json\/wp\/v2\/posts"}],"about":[{"href":"https:\/\/www.europesays.com\/de\/wp-json\/wp\/v2\/types\/post"}],"author":[{"embeddable":true,"href":"https:\/\/www.europesays.com\/de\/wp-json\/wp\/v2\/users\/2"}],"replies":[{"embeddable":true,"href":"https:\/\/www.europesays.com\/de\/wp-json\/wp\/v2\/comments?post=666321"}],"version-history":[{"count":0,"href":"https:\/\/www.europesays.com\/de\/wp-json\/wp\/v2\/posts\/666321\/revisions"}],"wp:featuredmedia":[{"embeddable":true,"href":"https:\/\/www.europesays.com\/de\/wp-json\/wp\/v2\/media\/666322"}],"wp:attachment":[{"href":"https:\/\/www.europesays.com\/de\/wp-json\/wp\/v2\/media?parent=666321"}],"wp:term":[{"taxonomy":"category","embeddable":true,"href":"https:\/\/www.europesays.com\/de\/wp-json\/wp\/v2\/categories?post=666321"},{"taxonomy":"post_tag","embeddable":true,"href":"https:\/\/www.europesays.com\/de\/wp-json\/wp\/v2\/tags?post=666321"}],"curies":[{"name":"wp","href":"https:\/\/api.w.org\/{rel}","templated":true}]}}