{"id":666418,"date":"2025-12-23T09:39:17","date_gmt":"2025-12-23T09:39:17","guid":{"rendered":"https:\/\/www.europesays.com\/de\/666418\/"},"modified":"2025-12-23T09:39:17","modified_gmt":"2025-12-23T09:39:17","slug":"herbert-reul-dann-bin-ich-weg-nrw-innenminister-droht-mit-cdu-austritt","status":"publish","type":"post","link":"https:\/\/www.europesays.com\/de\/666418\/","title":{"rendered":"Herbert Reul: \u201eDann bin ich weg\u201c \u2013 NRW-Innenminister droht mit CDU-Austritt"},"content":{"rendered":"<p>Nordrhein-Westfalens Innenminister Reul will pers\u00f6nliche Konsequenzen ziehen, sollte sich die CDU auf eine koalitions\u00e4hnliche Zusammenarbeit mit der AfD einlassen. Kritik \u00fcbte er zudem an der \u201eStadtbild\u201c-Debatte. Es werde \u201eviel zu schnell allergisch auf Wortfetzen reagiert\u201c, beklagte er.<\/p>\n<p class=\"is-first-paragraph\" data-external=\"Article.FirstParagraph\">Nordrhein-Westfalens Innenminister Herbert Reul (CDU) hat mit pers\u00f6nlichen Konsequenzen gedroht, sollte seine Partei mit der AfD zusammenarbeiten. \u201eFalls meine Partei meint, man m\u00fcsse da umdenken, dann bin ich weg\u201c, sagte Reul dem Nachrichtenportal <a class=\"is-link c-block-items__link is-external c-link--rich-text-renderer\" href=\"https:\/\/www.t-online.de\/nachrichten\/deutschland\/innenpolitik\/id_101054702\/afd-und-stadtbild-nrw-innenminister-herbert-reul-redet-klartext.html\" target=\"_blank\" title=\"(Link wird in einem neuen Tab ge\u00f6ffnet)\" rel=\"nofollow noopener\" data-internal-tracking-enabled=\"true\" data-internal-tracking=\"{&quot;action&quot;:&quot;click&quot;,&quot;label&quot;:&quot;link&quot;,&quot;name&quot;:&quot;Inline Element&quot;,&quot;data&quot;:{&quot;source&quot;:&quot;&quot;,&quot;target&quot;:&quot;https:\/\/www.t-online.de\/nachrichten\/deutschland\/innenpolitik\/id_101054702\/afd-und-stadtbild-nrw-innenminister-herbert-reul-redet-klartext.html&quot;,&quot;trackingName&quot;:&quot;&quot;,&quot;trackingLabel&quot;:&quot;&quot;}}\">\u201et-online\u201c<\/a>. \u201eDiese Truppe und ihr Denken ist die gr\u00f6\u00dfte Gefahr f\u00fcr die Demokratie. Da darf es nur ein Dagegen geben.\u201c<\/p>\n<p>Die CDU hat sich ohnehin per Parteitagsbeschluss jede Koalition oder \u00e4hnliche Form der Zusammenarbeit mit der AfD versagt, ebenso wie mit der Linken. Reul sprach sich auf Nachfrage auch gegen eine Minderheitsregierung aus, die sich von der AfD tolerieren l\u00e4sst. <\/p>\n<p>Es lasse sich nicht verhindern, dass die AfD CDU-Antr\u00e4gen zustimme. \u201eAber wenn es System wird, auf die AfD angewiesen zu sein f\u00fcr eine Mehrheit, dann geht das nicht\u201c, sagte er.<\/p>\n<p>Die Frage einer Minderheitsregierung k\u00f6nnte im September 2026 in Sachsen-Anhalt relevant werden, falls die AfD dort mit Abstand st\u00e4rkste Partei werden sollte und die Parteien der Mitte keine Mehrheit haben.<\/p>\n<p>\u201eAm Ende ging es nur noch um einen Nebensatz \u2013 v\u00f6llig absurd!\u201c<\/p>\n<p>Deutliche Kritik \u00fcbte Reul auch an der Debatte \u00fcber die \u201eStadtbild\u201c-Aussagen von Bundeskanzler Friedrich Merz (CDU). \u201eIch war fassungslos, wie mit der Debatte umgegangen worden ist\u201c, sagte er. \u201eMerz hat eine Ver\u00e4nderung beschrieben, die viele Menschen wahrnehmen.\u201c<\/p>\n<p>Das Stadtbild habe sich ver\u00e4ndert, sagte Reul, etwa durch gro\u00dfe Gruppen junger M\u00e4nner und mehr M\u00fcll und Dreck. \u201eAm Ende aber ging es nur noch um einen Nebensatz. V\u00f6llig absurd!\u201c Reul warnte vor den Konsequenzen solcher Debatten: \u201eDie Leute, die wir eigentlich zur\u00fcckholen m\u00fcssen, die das Vertrauen in den Staat verloren haben, die sagen nach so einer Debatte: Siehste. Da sagt er einmal was Richtiges und schon fallen sie \u00fcber ihn her.\u201c<\/p>\n<p>Auf die Kritik an Merz\u2018 fehlender Erkl\u00e4rung seiner \u201eStadtbild\u201c-Aussagen angesprochen, gestand Reul ein: \u201eDie Debatte wurde versemmelt. Es h\u00e4tte ums Konkrete gehen m\u00fcssen: Wie kriegen wir die St\u00e4dte sicher, wie kriegen wir sie sauber? Was ist das Problem?\u201c Reul sagte: \u201eKlar ist es besser, wenn man sauber formuliert. Aber oft wird auch viel zu schnell allergisch auf Wortfetzen reagiert.\u201c<\/p>\n<p>dpa\/doli<\/p>\n","protected":false},"excerpt":{"rendered":"Nordrhein-Westfalens Innenminister Reul will pers\u00f6nliche Konsequenzen ziehen, sollte sich die CDU auf eine koalitions\u00e4hnliche Zusammenarbeit mit der AfD&hellip;\n","protected":false},"author":2,"featured_media":666419,"comment_status":"","ping_status":"","sticky":false,"template":"","format":"standard","meta":{"footnotes":""},"categories":[2],"tags":[186,31,29,30,13,40279,14,15,110,40280,12,10,8,9,11],"class_list":{"0":"post-666418","1":"post","2":"type-post","3":"status-publish","4":"format-standard","5":"has-post-thumbnail","7":"category-deutschland","8":"tag-afd","9":"tag-cdu","10":"tag-deutschland","11":"tag-germany","12":"tag-headlines","13":"tag-herbert","14":"tag-nachrichten","15":"tag-news","16":"tag-newsteam","17":"tag-reul","18":"tag-schlagzeilen","19":"tag-top-news","20":"tag-top-meldungen","21":"tag-topmeldungen","22":"tag-topnews"},"share_on_mastodon":{"url":"","error":""},"_links":{"self":[{"href":"https:\/\/www.europesays.com\/de\/wp-json\/wp\/v2\/posts\/666418","targetHints":{"allow":["GET"]}}],"collection":[{"href":"https:\/\/www.europesays.com\/de\/wp-json\/wp\/v2\/posts"}],"about":[{"href":"https:\/\/www.europesays.com\/de\/wp-json\/wp\/v2\/types\/post"}],"author":[{"embeddable":true,"href":"https:\/\/www.europesays.com\/de\/wp-json\/wp\/v2\/users\/2"}],"replies":[{"embeddable":true,"href":"https:\/\/www.europesays.com\/de\/wp-json\/wp\/v2\/comments?post=666418"}],"version-history":[{"count":0,"href":"https:\/\/www.europesays.com\/de\/wp-json\/wp\/v2\/posts\/666418\/revisions"}],"wp:featuredmedia":[{"embeddable":true,"href":"https:\/\/www.europesays.com\/de\/wp-json\/wp\/v2\/media\/666419"}],"wp:attachment":[{"href":"https:\/\/www.europesays.com\/de\/wp-json\/wp\/v2\/media?parent=666418"}],"wp:term":[{"taxonomy":"category","embeddable":true,"href":"https:\/\/www.europesays.com\/de\/wp-json\/wp\/v2\/categories?post=666418"},{"taxonomy":"post_tag","embeddable":true,"href":"https:\/\/www.europesays.com\/de\/wp-json\/wp\/v2\/tags?post=666418"}],"curies":[{"name":"wp","href":"https:\/\/api.w.org\/{rel}","templated":true}]}}