{"id":666422,"date":"2025-12-23T09:41:14","date_gmt":"2025-12-23T09:41:14","guid":{"rendered":"https:\/\/www.europesays.com\/de\/666422\/"},"modified":"2025-12-23T09:41:14","modified_gmt":"2025-12-23T09:41:14","slug":"mann-bewirft-jugendliche-vom-fenster-aus","status":"publish","type":"post","link":"https:\/\/www.europesays.com\/de\/666422\/","title":{"rendered":"Mann bewirft Jugendliche vom Fenster aus"},"content":{"rendered":"<p class=\"fp-paragraph\"><strong>Halle (Saale).<\/strong> &#8211; Eine Gruppe von vier Jugendlichen im Alter von 16 bis 18 Jahren sind am Montagabend gegen 22 Uhr in Halle mit einem B\u00f6ller beworfen worden, teilt die Polizei mit.<\/p>\n<p class=\"fp-paragraph\">Die Jugendlichen waren Angaben zufolge in der Heinrich-Pera-Stra\u00dfe unterwegs, als jemand aus einem Fenster eines Hauses sie von oben mit einem B\u00f6ller bewarf.<\/p>\n<p>Mann wirft B\u00f6ller auf Jugendliche in Halle<\/p>\n<p class=\"fp-paragraph\">Anschlie\u00dfend habe der Tatverd\u00e4chtige die Jugendlichen bedroht, woraufhin sich die Gruppe vom Ort des Geschehens entfernte. Verletzt wurde niemand, so die Polizei.<\/p>\n<p class=\"fp-paragraph\">Die Polizei habe die Jugendlichen wenig sp\u00e4ter angetroffen und suchten die Wohnung des Tatverd\u00e4chtigen auf. N\u00e4here Angaben zu den Gr\u00fcnden des B\u00f6llerwurfs liegen nicht vor. Die Polizei ermittelt wegen des Versuchs der gef\u00e4hrlichen K\u00f6rperverletzung.<\/p>\n","protected":false},"excerpt":{"rendered":"Halle (Saale). &#8211; Eine Gruppe von vier Jugendlichen im Alter von 16 bis 18 Jahren sind am Montagabend&hellip;\n","protected":false},"author":2,"featured_media":666423,"comment_status":"","ping_status":"","sticky":false,"template":"","format":"standard","meta":{"footnotes":""},"categories":[1860],"tags":[3364,29,548,663,3934,30,4062,17332,13,14,15,17331,860,12],"class_list":{"0":"post-666422","1":"post","2":"type-post","3":"status-publish","4":"format-standard","5":"has-post-thumbnail","7":"category-halle-saale","8":"tag-de","9":"tag-deutschland","10":"tag-eu","11":"tag-europa","12":"tag-europe","13":"tag-germany","14":"tag-halle","15":"tag-halle-saale","16":"tag-headlines","17":"tag-nachrichten","18":"tag-news","19":"tag-saale","20":"tag-sachsen-anhalt","21":"tag-schlagzeilen"},"share_on_mastodon":{"url":"https:\/\/pubeurope.com\/@de\/115768229270901147","error":""},"_links":{"self":[{"href":"https:\/\/www.europesays.com\/de\/wp-json\/wp\/v2\/posts\/666422","targetHints":{"allow":["GET"]}}],"collection":[{"href":"https:\/\/www.europesays.com\/de\/wp-json\/wp\/v2\/posts"}],"about":[{"href":"https:\/\/www.europesays.com\/de\/wp-json\/wp\/v2\/types\/post"}],"author":[{"embeddable":true,"href":"https:\/\/www.europesays.com\/de\/wp-json\/wp\/v2\/users\/2"}],"replies":[{"embeddable":true,"href":"https:\/\/www.europesays.com\/de\/wp-json\/wp\/v2\/comments?post=666422"}],"version-history":[{"count":0,"href":"https:\/\/www.europesays.com\/de\/wp-json\/wp\/v2\/posts\/666422\/revisions"}],"wp:featuredmedia":[{"embeddable":true,"href":"https:\/\/www.europesays.com\/de\/wp-json\/wp\/v2\/media\/666423"}],"wp:attachment":[{"href":"https:\/\/www.europesays.com\/de\/wp-json\/wp\/v2\/media?parent=666422"}],"wp:term":[{"taxonomy":"category","embeddable":true,"href":"https:\/\/www.europesays.com\/de\/wp-json\/wp\/v2\/categories?post=666422"},{"taxonomy":"post_tag","embeddable":true,"href":"https:\/\/www.europesays.com\/de\/wp-json\/wp\/v2\/tags?post=666422"}],"curies":[{"name":"wp","href":"https:\/\/api.w.org\/{rel}","templated":true}]}}