{"id":666425,"date":"2025-12-23T09:43:11","date_gmt":"2025-12-23T09:43:11","guid":{"rendered":"https:\/\/www.europesays.com\/de\/666425\/"},"modified":"2025-12-23T09:43:11","modified_gmt":"2025-12-23T09:43:11","slug":"25-jaehriger-schwer-verletzt-mann-wieder-frei","status":"publish","type":"post","link":"https:\/\/www.europesays.com\/de\/666425\/","title":{"rendered":"25-J\u00e4hriger schwer verletzt \u2013 Mann wieder frei"},"content":{"rendered":"<p>Gewalttat am Dreiecksplatz<\/p>\n<p>Schwerverletzter Mann suchte Kieler Klinik auf: 39-J\u00e4hriger wieder auf freiem Fu\u00df<\/p>\n<p class=\"Textstyled__Text-sc-1cqv9mi-0 cLyiiX ArticleHeadstyled__ArticleSubHeadline-sc-tdzyy5-11 fXdZot\">Eine 25-J\u00e4hriger hat in der Nacht zu Montag mit schweren Verletzungen in ein Kieler Krankenhaus Hilfe gesucht. Stunden sp\u00e4ter meldete sich in diesem Fall ein Mann auf der Polizeiwache. Nun hat die Polizei neue Informationen. <\/p>\n<p class=\"Textstyled__Text-sc-1cqv9mi-0 cLyiiX\">Kiel. Versuchtes T\u00f6tungsdelikt in Kiel: Kurz nach Mitternacht hat in der Nacht zu Montag ein 25-j\u00e4hriger Mann schwer verletzt in einem Kieler Krankenhaus Hilfe gesucht. Laut Polizei ergaben Befragungen Hinweise auf eine Gewalttat. Die Kriminalpolizei hatte deshalb die Ermittlungen aufgenommen.<\/p>\n<p>Weiterlesen nach der Anzeige<\/p>\n<p>Weiterlesen nach der Anzeige<\/p>\n<p class=\"Textstyled__Text-sc-1cqv9mi-0 cLyiiX\">Am Montag gegen 8.30 Uhr habe sich dann ein 39-J\u00e4hriger gemeinsam mit einem Rechtsanwalt bei einer Polizeidienststelle gestellt. Er wurde vorl\u00e4ufig festgenommen, so die <a href=\"https:\/\/www.kn-online.de\/themen\/kiel-polizei\/\" target=\"_self\" rel=\"noopener\" title=\"https:\/\/www.kn-online.de\/themen\/kiel-polizei\/\" data-vars-event-category=\"intext_link\" data-vars-event-action=\"click\" data-vars-event-label=\"https:\/\/www.kn-online.de\/themen\/kiel-polizei\/\">Polizei<\/a>. Am Dienstag nun gab die Polizei neue Informationen zu dem Fall bekannt.<\/p>\n<p>Was war in der Nacht zu Montag passiert?<\/p>\n<p class=\"Textstyled__Text-sc-1cqv9mi-0 cLyiiX\">Nach aktuellem Erkenntnisstand ereignete sich die Tat gegen 0.15 Uhr in einem Treppenhaus am Dreiecksplatz. Der 25-J\u00e4hrige sei zuvor an der Wohnungst\u00fcr des sp\u00e4teren Tatverd\u00e4chtigen erschienen und habe diesen mit einer Schusswaffe bedroht. Daraufhin soll der Bewohner versucht haben, die T\u00fcr zu schlie\u00dfen, und habe zeitgleich ebenfalls eine Schusswaffe gezogen. Als er sich so zur Wehr setzte, habe der Angreifer schwere Verletzungen erlitten, so die Polizei weiter. Der j\u00fcngere Mann fl\u00fcchtete und begab sich anschlie\u00dfend in das Krankenhaus.<\/p>\n<p>Weiterlesen nach der Anzeige<\/p>\n<p>Weiterlesen nach der Anzeige<\/p>\n<p class=\"Textstyled__Text-sc-1cqv9mi-0 cLyiiX\">Mangels dringenden Tatverdachts beantragte die Staatsanwaltschaft Kiel gegen den 39-j\u00e4hrigen Mann, der sich sp\u00e4ter bei der Polizei stellte, keinen Untersuchungshaftbefehl. Er kam deshalb laut Polizei am Montagnachmittag wieder auf freien Fu\u00df.<\/p>\n<p class=\"Editorialstyled__Editorial-sc-1bfvh9l-0 cSmjnJ\">KN<\/p>\n","protected":false},"excerpt":{"rendered":"Gewalttat am Dreiecksplatz Schwerverletzter Mann suchte Kieler Klinik auf: 39-J\u00e4hriger wieder auf freiem Fu\u00df Eine 25-J\u00e4hriger hat in&hellip;\n","protected":false},"author":2,"featured_media":365815,"comment_status":"","ping_status":"","sticky":false,"template":"","format":"standard","meta":{"footnotes":""},"categories":[1852],"tags":[3364,29,548,663,3934,30,13,4949,14,15,12,1971],"class_list":{"0":"post-666425","1":"post","2":"type-post","3":"status-publish","4":"format-standard","5":"has-post-thumbnail","7":"category-kiel","8":"tag-de","9":"tag-deutschland","10":"tag-eu","11":"tag-europa","12":"tag-europe","13":"tag-germany","14":"tag-headlines","15":"tag-kiel","16":"tag-nachrichten","17":"tag-news","18":"tag-schlagzeilen","19":"tag-schleswig-holstein"},"share_on_mastodon":{"url":"https:\/\/pubeurope.com\/@de\/115768236822029349","error":""},"_links":{"self":[{"href":"https:\/\/www.europesays.com\/de\/wp-json\/wp\/v2\/posts\/666425","targetHints":{"allow":["GET"]}}],"collection":[{"href":"https:\/\/www.europesays.com\/de\/wp-json\/wp\/v2\/posts"}],"about":[{"href":"https:\/\/www.europesays.com\/de\/wp-json\/wp\/v2\/types\/post"}],"author":[{"embeddable":true,"href":"https:\/\/www.europesays.com\/de\/wp-json\/wp\/v2\/users\/2"}],"replies":[{"embeddable":true,"href":"https:\/\/www.europesays.com\/de\/wp-json\/wp\/v2\/comments?post=666425"}],"version-history":[{"count":0,"href":"https:\/\/www.europesays.com\/de\/wp-json\/wp\/v2\/posts\/666425\/revisions"}],"wp:featuredmedia":[{"embeddable":true,"href":"https:\/\/www.europesays.com\/de\/wp-json\/wp\/v2\/media\/365815"}],"wp:attachment":[{"href":"https:\/\/www.europesays.com\/de\/wp-json\/wp\/v2\/media?parent=666425"}],"wp:term":[{"taxonomy":"category","embeddable":true,"href":"https:\/\/www.europesays.com\/de\/wp-json\/wp\/v2\/categories?post=666425"},{"taxonomy":"post_tag","embeddable":true,"href":"https:\/\/www.europesays.com\/de\/wp-json\/wp\/v2\/tags?post=666425"}],"curies":[{"name":"wp","href":"https:\/\/api.w.org\/{rel}","templated":true}]}}