{"id":666426,"date":"2025-12-23T09:44:14","date_gmt":"2025-12-23T09:44:14","guid":{"rendered":"https:\/\/www.europesays.com\/de\/666426\/"},"modified":"2025-12-23T09:44:14","modified_gmt":"2025-12-23T09:44:14","slug":"30-orte-fuer-die-zukunft-von-chemnitz","status":"publish","type":"post","link":"https:\/\/www.europesays.com\/de\/666426\/","title":{"rendered":"30 Orte f\u00fcr die Zukunft von Chemnitz"},"content":{"rendered":"<p>                Interventionsfl\u00e4chen mit echter Nachhaltigkeit: 30 Orte f\u00fcr die Zukunft von Chemnitz<\/p>\n<p class=\"article__subtitle\">Was auch nach 2025 bleibt<\/p>\n<p>\n        Meilenstein Hartmannfabrik\n    <\/p>\n<p>\n        Garagencampus in Kappel\n    <\/p>\n<p>\n        Stadtwirtschaft auf dem Sonnenberg\n    <\/p>\n<p>\n        Projekt Plei\u00dfenbach \u2013 die gr\u00f6\u00dfte Fl\u00e4che\n    <\/p>\n","protected":false},"excerpt":{"rendered":"Interventionsfl\u00e4chen mit echter Nachhaltigkeit: 30 Orte f\u00fcr die Zukunft von Chemnitz Was auch nach 2025 bleibt Meilenstein Hartmannfabrik&hellip;\n","protected":false},"author":2,"featured_media":666427,"comment_status":"","ping_status":"","sticky":false,"template":"","format":"standard","meta":{"footnotes":""},"categories":[1851],"tags":[2770,3364,29,548,663,3934,30,13,5331,14,15,859,12],"class_list":{"0":"post-666426","1":"post","2":"type-post","3":"status-publish","4":"format-standard","5":"has-post-thumbnail","7":"category-chemnitz","8":"tag-chemnitz","9":"tag-de","10":"tag-deutschland","11":"tag-eu","12":"tag-europa","13":"tag-europe","14":"tag-germany","15":"tag-headlines","16":"tag-immobilien","17":"tag-nachrichten","18":"tag-news","19":"tag-sachsen","20":"tag-schlagzeilen"},"share_on_mastodon":{"url":"https:\/\/pubeurope.com\/@de\/115768240805831394","error":""},"_links":{"self":[{"href":"https:\/\/www.europesays.com\/de\/wp-json\/wp\/v2\/posts\/666426","targetHints":{"allow":["GET"]}}],"collection":[{"href":"https:\/\/www.europesays.com\/de\/wp-json\/wp\/v2\/posts"}],"about":[{"href":"https:\/\/www.europesays.com\/de\/wp-json\/wp\/v2\/types\/post"}],"author":[{"embeddable":true,"href":"https:\/\/www.europesays.com\/de\/wp-json\/wp\/v2\/users\/2"}],"replies":[{"embeddable":true,"href":"https:\/\/www.europesays.com\/de\/wp-json\/wp\/v2\/comments?post=666426"}],"version-history":[{"count":0,"href":"https:\/\/www.europesays.com\/de\/wp-json\/wp\/v2\/posts\/666426\/revisions"}],"wp:featuredmedia":[{"embeddable":true,"href":"https:\/\/www.europesays.com\/de\/wp-json\/wp\/v2\/media\/666427"}],"wp:attachment":[{"href":"https:\/\/www.europesays.com\/de\/wp-json\/wp\/v2\/media?parent=666426"}],"wp:term":[{"taxonomy":"category","embeddable":true,"href":"https:\/\/www.europesays.com\/de\/wp-json\/wp\/v2\/categories?post=666426"},{"taxonomy":"post_tag","embeddable":true,"href":"https:\/\/www.europesays.com\/de\/wp-json\/wp\/v2\/tags?post=666426"}],"curies":[{"name":"wp","href":"https:\/\/api.w.org\/{rel}","templated":true}]}}