{"id":666560,"date":"2025-12-23T11:08:16","date_gmt":"2025-12-23T11:08:16","guid":{"rendered":"https:\/\/www.europesays.com\/de\/666560\/"},"modified":"2025-12-23T11:08:16","modified_gmt":"2025-12-23T11:08:16","slug":"wie-der-24-jaehrige-max-auf-der-strasse-in-halle-lebt","status":"publish","type":"post","link":"https:\/\/www.europesays.com\/de\/666560\/","title":{"rendered":"Wie der 24-j\u00e4hrige Max auf der Stra\u00dfe in Halle lebt"},"content":{"rendered":"<p class=\"fp-paragraph\"><strong>Halle (Saale) &#8211;<\/strong> Tags\u00fcber ist er drau\u00dfen unterwegs, sagt Max. Immer auf der Stra\u00dfe, meist am Hauptbahnhof in Halle. Abends f\u00e4hrt er zu seiner Freundin. Wie lange das  gut geht, wei\u00df der 24-J\u00e4hrige  nicht. \u201eSie nimmt keine Drogen. Das wird auf  Dauer mit einem Partner wie mir schwierig.\u201c Nebenbei packt Max  einen  kleinen Klumpen aus, wiegt ab, es ist Heroin. \u201eDas  ist wie die gro\u00dfe Liebe\u201c, sagt er. \u201eMan kommt nicht davon los, auch wenn man  alles verliert.\u201c Es klingt, als ob es  kein Entrinnen gibt, als ob er aufgegeben hat.  \u201eDas ist mein Leben. Ich m\u00f6chte ein anderes, aber ich bin \u00fcberfordert.\u201c Max l\u00f6ffelt  seine Suppe, die er sich gerade vom Bus  \u201eVierjahreszeiten\u201c abgeholt hat.<\/p>\n","protected":false},"excerpt":{"rendered":"Halle (Saale) &#8211; Tags\u00fcber ist er drau\u00dfen unterwegs, sagt Max. Immer auf der Stra\u00dfe, meist am Hauptbahnhof in&hellip;\n","protected":false},"author":2,"featured_media":666561,"comment_status":"","ping_status":"","sticky":false,"template":"","format":"standard","meta":{"footnotes":""},"categories":[1860],"tags":[3364,29,548,663,3934,30,4062,17332,13,14,15,17331,860,12],"class_list":{"0":"post-666560","1":"post","2":"type-post","3":"status-publish","4":"format-standard","5":"has-post-thumbnail","7":"category-halle-saale","8":"tag-de","9":"tag-deutschland","10":"tag-eu","11":"tag-europa","12":"tag-europe","13":"tag-germany","14":"tag-halle","15":"tag-halle-saale","16":"tag-headlines","17":"tag-nachrichten","18":"tag-news","19":"tag-saale","20":"tag-sachsen-anhalt","21":"tag-schlagzeilen"},"share_on_mastodon":{"url":"https:\/\/pubeurope.com\/@de\/115768570854941128","error":""},"_links":{"self":[{"href":"https:\/\/www.europesays.com\/de\/wp-json\/wp\/v2\/posts\/666560","targetHints":{"allow":["GET"]}}],"collection":[{"href":"https:\/\/www.europesays.com\/de\/wp-json\/wp\/v2\/posts"}],"about":[{"href":"https:\/\/www.europesays.com\/de\/wp-json\/wp\/v2\/types\/post"}],"author":[{"embeddable":true,"href":"https:\/\/www.europesays.com\/de\/wp-json\/wp\/v2\/users\/2"}],"replies":[{"embeddable":true,"href":"https:\/\/www.europesays.com\/de\/wp-json\/wp\/v2\/comments?post=666560"}],"version-history":[{"count":0,"href":"https:\/\/www.europesays.com\/de\/wp-json\/wp\/v2\/posts\/666560\/revisions"}],"wp:featuredmedia":[{"embeddable":true,"href":"https:\/\/www.europesays.com\/de\/wp-json\/wp\/v2\/media\/666561"}],"wp:attachment":[{"href":"https:\/\/www.europesays.com\/de\/wp-json\/wp\/v2\/media?parent=666560"}],"wp:term":[{"taxonomy":"category","embeddable":true,"href":"https:\/\/www.europesays.com\/de\/wp-json\/wp\/v2\/categories?post=666560"},{"taxonomy":"post_tag","embeddable":true,"href":"https:\/\/www.europesays.com\/de\/wp-json\/wp\/v2\/tags?post=666560"}],"curies":[{"name":"wp","href":"https:\/\/api.w.org\/{rel}","templated":true}]}}