{"id":666564,"date":"2025-12-23T11:11:16","date_gmt":"2025-12-23T11:11:16","guid":{"rendered":"https:\/\/www.europesays.com\/de\/666564\/"},"modified":"2025-12-23T11:11:16","modified_gmt":"2025-12-23T11:11:16","slug":"schuesse-im-wohnhaus-in-kiel-tatverdaechtiger-stellt-sich","status":"publish","type":"post","link":"https:\/\/www.europesays.com\/de\/666564\/","title":{"rendered":"Sch\u00fcsse im Wohnhaus in Kiel: Tatverd\u00e4chtiger stellt sich"},"content":{"rendered":"\n<p><strong>Nach einem mutma\u00dflichen T\u00f6tungsdelikt in der Nacht zu Montag in Kiel ist der zun\u00e4chst festgenommene Tatverd\u00e4chtige wieder auf freiem Fu\u00df. Die Staatsanwaltschaft sieht nach derzeitigem Stand keinen dringenden Tatverdacht. <\/strong><\/p>\n<p>Nach bisherigen Erkenntnissen erschien in der Nacht zum 22. Dezember gegen 0.15 Uhr ein 25-j\u00e4hriger Mann am Kieler Dreiecksplatz an der Wohnungst\u00fcr eines 39-J\u00e4hrigen und bedrohte diesen mit einer Schusswaffe.<\/p>\n<p>Der Wohnungsinhaber versuchte noch, die T\u00fcr zu schlie\u00dfen, zog dann ebenfalls eine Waffe und setzte sich gegen den Angreifer zur Wehr. Der 25-J\u00e4hrige erlitt dabei schwere Verletzungen, konnte zun\u00e4chst fl\u00fcchten und begab sich sp\u00e4ter selbst in ein Kieler Krankenhaus.<\/p>\n<p>Mutma\u00dfliches T\u00f6tungsdelikt: Tatverd\u00e4chtiger stellt sich<\/p>\n<p>Der 39-J\u00e4hrige stellte sich am Montagmorgen freiwillig bei der Polizei und wurde zun\u00e4chst in Gewahrsam genommen. Da nach Einsch\u00e4tzung der Staatsanwaltschaft kein dringender Tatverdacht vorliegt, wurde kein Haftbefehl beantragt. Wie ein Polizeisprecher der MOPO best\u00e4tigte, gehen die Ermittler derzeit von einer Notwehrlage aus. Der Mann kam am Montagnachmittag wieder frei.<\/p>\n<p><strong>Das k\u00f6nnte Sie auch interessieren:<\/strong> <a href=\"https:\/\/www.mopo.de\/hamburg\/habe-mich-nicht-mehr-in-die-kueche-getraut-vorwurf-sexuelle-belaestigung-bei-stacey\/\" target=\"_blank\" rel=\"noopener\">WG-Zimmer wird zum Albtraum: Sexuelle Bel\u00e4stigung \u2013 so reagiert Vermieter Stacey<\/a><\/p>\n<p>Die weiteren Ermittlungen f\u00fchrt das Kommissariat 1 der Bezirkskriminalinspektion Kiel. Sie dauern an.<\/p>\n<p> <img decoding=\"async\" class=\"vg_wort_pixel\" src=\"https:\/\/www.europesays.com\/de\/wp-content\/uploads\/2025\/12\/vgzm.1021513-mopo-1733863.gif\" alt=\"\" style=\"width: 1px; height: 1px; position: absolute; pointer-events: none;\"\/><\/p>\n","protected":false},"excerpt":{"rendered":"Nach einem mutma\u00dflichen T\u00f6tungsdelikt in der Nacht zu Montag in Kiel ist der zun\u00e4chst festgenommene Tatverd\u00e4chtige wieder auf&hellip;\n","protected":false},"author":2,"featured_media":666565,"comment_status":"","ping_status":"","sticky":false,"template":"","format":"standard","meta":{"footnotes":""},"categories":[1852],"tags":[3364,29,548,663,3934,30,13,4949,14,15,12,1971],"class_list":{"0":"post-666564","1":"post","2":"type-post","3":"status-publish","4":"format-standard","5":"has-post-thumbnail","7":"category-kiel","8":"tag-de","9":"tag-deutschland","10":"tag-eu","11":"tag-europa","12":"tag-europe","13":"tag-germany","14":"tag-headlines","15":"tag-kiel","16":"tag-nachrichten","17":"tag-news","18":"tag-schlagzeilen","19":"tag-schleswig-holstein"},"share_on_mastodon":{"url":"https:\/\/pubeurope.com\/@de\/115768583573675410","error":""},"_links":{"self":[{"href":"https:\/\/www.europesays.com\/de\/wp-json\/wp\/v2\/posts\/666564","targetHints":{"allow":["GET"]}}],"collection":[{"href":"https:\/\/www.europesays.com\/de\/wp-json\/wp\/v2\/posts"}],"about":[{"href":"https:\/\/www.europesays.com\/de\/wp-json\/wp\/v2\/types\/post"}],"author":[{"embeddable":true,"href":"https:\/\/www.europesays.com\/de\/wp-json\/wp\/v2\/users\/2"}],"replies":[{"embeddable":true,"href":"https:\/\/www.europesays.com\/de\/wp-json\/wp\/v2\/comments?post=666564"}],"version-history":[{"count":0,"href":"https:\/\/www.europesays.com\/de\/wp-json\/wp\/v2\/posts\/666564\/revisions"}],"wp:featuredmedia":[{"embeddable":true,"href":"https:\/\/www.europesays.com\/de\/wp-json\/wp\/v2\/media\/666565"}],"wp:attachment":[{"href":"https:\/\/www.europesays.com\/de\/wp-json\/wp\/v2\/media?parent=666564"}],"wp:term":[{"taxonomy":"category","embeddable":true,"href":"https:\/\/www.europesays.com\/de\/wp-json\/wp\/v2\/categories?post=666564"},{"taxonomy":"post_tag","embeddable":true,"href":"https:\/\/www.europesays.com\/de\/wp-json\/wp\/v2\/tags?post=666564"}],"curies":[{"name":"wp","href":"https:\/\/api.w.org\/{rel}","templated":true}]}}