{"id":666566,"date":"2025-12-23T11:12:14","date_gmt":"2025-12-23T11:12:14","guid":{"rendered":"https:\/\/www.europesays.com\/de\/666566\/"},"modified":"2025-12-23T11:12:14","modified_gmt":"2025-12-23T11:12:14","slug":"ein-chemnitzer-sammler-und-seine-inspiration-fuer-die-festtafel","status":"publish","type":"post","link":"https:\/\/www.europesays.com\/de\/666566\/","title":{"rendered":"Ein Chemnitzer Sammler und seine Inspiration f\u00fcr die Festtafel"},"content":{"rendered":"<p class=\"bold\">\n\t\t\t\t\t\t\t\t\t\tDie Ausstellung \u201eAufgegabelt\u201c im Wasserschlo\u00df Klaffenbach zeigt Gebrauchs- und Dekorationsgegenst\u00e4nde aus der Jugendstilsammlung des Kochs Phillip Scholze. Auch eine Anregung f\u00fcr das Festtagsessen.\t\t\t\t<\/p>\n<p>\t\t\t\t Weihnachten naht und damit auch das Weihnachtsessen. Das Weihnachtsfest kurz nach der Wintersonnenwende ist eine der sch\u00f6nsten, hoffnungsvollsten Erfindungen der Menschheit. Und deshalb soll es auch etwas Besonderes sein \u2013 inklusive der Weihnachtstafel. Anregungen f\u00fcr einen festlich gedeckten Tisch bietet derzeit die Ausstellung&#8230;<\/p>\n<p>\t\t<img decoding=\"async\" class=\"fp-plus-logo\" src=\"https:\/\/www.freiepresse.de\/img\/fpplus.svg\" alt=\"Freie Presse plus Logo\"\/><\/p>\n<p>Registrieren und testen.<\/p>\n<p>Jetzt mit Ihrer Registrierung 1 Monat gratis testen und alle Beitr\u00e4ge lesen.<\/p>\n<p>Schon Abonnent? Melden Sie sich mit ihren Zugangsdaten an.<\/p>\n","protected":false},"excerpt":{"rendered":"Die Ausstellung \u201eAufgegabelt\u201c im Wasserschlo\u00df Klaffenbach zeigt Gebrauchs- und Dekorationsgegenst\u00e4nde aus der Jugendstilsammlung des Kochs Phillip Scholze. Auch&hellip;\n","protected":false},"author":2,"featured_media":666567,"comment_status":"","ping_status":"","sticky":false,"template":"","format":"standard","meta":{"footnotes":""},"categories":[1851],"tags":[2770,3364,29,548,663,3934,30,13,7504,14,15,859,12],"class_list":{"0":"post-666566","1":"post","2":"type-post","3":"status-publish","4":"format-standard","5":"has-post-thumbnail","7":"category-chemnitz","8":"tag-chemnitz","9":"tag-de","10":"tag-deutschland","11":"tag-eu","12":"tag-europa","13":"tag-europe","14":"tag-germany","15":"tag-headlines","16":"tag-museen-theater-buehne-ausstellungen","17":"tag-nachrichten","18":"tag-news","19":"tag-sachsen","20":"tag-schlagzeilen"},"share_on_mastodon":{"url":"https:\/\/pubeurope.com\/@de\/115768587446552262","error":""},"_links":{"self":[{"href":"https:\/\/www.europesays.com\/de\/wp-json\/wp\/v2\/posts\/666566","targetHints":{"allow":["GET"]}}],"collection":[{"href":"https:\/\/www.europesays.com\/de\/wp-json\/wp\/v2\/posts"}],"about":[{"href":"https:\/\/www.europesays.com\/de\/wp-json\/wp\/v2\/types\/post"}],"author":[{"embeddable":true,"href":"https:\/\/www.europesays.com\/de\/wp-json\/wp\/v2\/users\/2"}],"replies":[{"embeddable":true,"href":"https:\/\/www.europesays.com\/de\/wp-json\/wp\/v2\/comments?post=666566"}],"version-history":[{"count":0,"href":"https:\/\/www.europesays.com\/de\/wp-json\/wp\/v2\/posts\/666566\/revisions"}],"wp:featuredmedia":[{"embeddable":true,"href":"https:\/\/www.europesays.com\/de\/wp-json\/wp\/v2\/media\/666567"}],"wp:attachment":[{"href":"https:\/\/www.europesays.com\/de\/wp-json\/wp\/v2\/media?parent=666566"}],"wp:term":[{"taxonomy":"category","embeddable":true,"href":"https:\/\/www.europesays.com\/de\/wp-json\/wp\/v2\/categories?post=666566"},{"taxonomy":"post_tag","embeddable":true,"href":"https:\/\/www.europesays.com\/de\/wp-json\/wp\/v2\/tags?post=666566"}],"curies":[{"name":"wp","href":"https:\/\/api.w.org\/{rel}","templated":true}]}}