{"id":666577,"date":"2025-12-23T11:18:15","date_gmt":"2025-12-23T11:18:15","guid":{"rendered":"https:\/\/www.europesays.com\/de\/666577\/"},"modified":"2025-12-23T11:18:15","modified_gmt":"2025-12-23T11:18:15","slug":"pol-da-mannheim-rimbach-63-jaehriger-wird-vermisst-wer-kann-hinweise-geben","status":"publish","type":"post","link":"https:\/\/www.europesays.com\/de\/666577\/","title":{"rendered":"POL-DA: Mannheim\/Rimbach: 63-J\u00e4hriger wird vermisst\/Wer kann Hinweise geben?"},"content":{"rendered":"<p class=\"date\">23.12.2025 \u2013 12:06<\/p>\n<p class=\"customer\">\n                        <a class=\"story-customer\" title=\"weiter zum newsroom von Polizeipr\u00e4sidium S\u00fcdhessen\" href=\"https:\/\/www.presseportal.de\/blaulicht\/nr\/4969\" rel=\"nofollow noopener\" target=\"_blank\">Polizeipr\u00e4sidium S\u00fcdhessen<\/a>\n                    <\/p>\n<p><a class=\"glightbox event-trigger\" href=\"https:\/\/cache.pressmailing.net\/thumbnail\/story_hires\/659a62c6-9098-460a-8d7b-1686dd2948b2\/IMG_5378.jpeg.jpg\" data-description=\"Wer hat den Vermissten gesehen oder kann Hinweise auf seinen Aufenthaltsort geben?\" data-category=\"medialightbox\" data-action=\"click\" data-label=\"single\" data-value=\"694a779f270000fd2c5006d4\" rel=\"nofollow noopener\" target=\"_blank\"><img decoding=\"async\" height=\"540\" with=\"720\" src=\"https:\/\/www.europesays.com\/de\/wp-content\/uploads\/2025\/12\/pol-da-mannheim-rimbach-63-j-hriger-wird-vermisst-wer-kann-hinweise-geben.jpeg\"   alt=\"POL-DA: Mannheim\/Rimbach: 63-J\u00e4hriger wird vermisst\/Wer kann Hinweise geben?\" class=\"single\"\/><\/a><\/p>\n<p><a data-category=\"citylink-story-view\" data-action=\"click\" data-label=\"Citylink in Meldungsansicht\" class=\"story-city event-trigger\" href=\"https:\/\/www.presseportal.de\/regional\/Mannheim%252FRimbach\" title=\"News aus Mannheim\/Rimbach \" rel=\"nofollow noopener\" target=\"_blank\">Mannheim\/Rimbach<\/a> (ots)<\/p>\n<p>Seit Sonntagmorgen (21.12.) wird der 63-j\u00e4hrige Michael Ulrich St\u00f6\u00dfel aus Rimbach (Kreis Bergstra\u00dfe) vermisst. Alle bisherigen Suchma\u00dfnahmen f\u00fchrten nicht zum Auffinden der vermissten Person. Die Polizei bittet nun die \u00d6ffentlichkeit um Mithilfe bei der Suche nach dem Mann. Ein Ungl\u00fccksfall oder eine hilflose Lage k\u00f6nnen nach derzeitigem Ermittlungsstand nicht ausgeschlossen werden. Zuletzt wurde Herr St\u00f6\u00dfel am Sonntag gegen 8.00 Uhr von einer Bekannten im Bereich der Innenstadt von Mannheim gesehen.<\/p>\n<p>Der Vermisste ist 1,95 Meter gro\u00df, hat grau-blonde Haare und tr\u00e4gt eine Brille. Zuletzt war er mit dunkelgr\u00fcner Wollm\u00fctze, schwarzem, langem Steppmantel, Jeans, rotem Pullover und Sneakers mit wei\u00dfen Sohlen bekleidet.<\/p>\n<p>Personen, die Hinweise zum Aufenthaltsort des Vermissten mitteilen k\u00f6nnen, werden gebeten, sich bei der Kriminalpolizei Heppenheim (Kommissariat 10) unter der Telefonnummer 06252\/706-0 zu melden. Dar\u00fcber hinaus nimmt auch jede andere Polizeidienststelle Hinweise entgegen.<\/p>\n<p class=\"contact-headline\">R\u00fcckfragen bitte an:<\/p>\n<p class=\"contact-text\">Polizeipr\u00e4sidium S\u00fcdhessen<br \/>Pressestelle<br \/>Klappacher Stra\u00dfe 145<br \/>64285 Darmstadt<br \/>Bernd Hochst\u00e4dter<br \/>Telefon: 06151 \/ 969 &#8211; 13110<br \/>Mobil: 0172 \/ 309 7857<br \/>Pressestelle (zentrale Erreichbarkeit):<br \/>Telefon: 06151 \/ 969 &#8211; 13500<br \/>E-Mail: <a href=\"https:\/\/www.presseportal.de\/blaulicht\/pm\/4969\/mailto: pressestelle.ppsh@polizei.hessen.de\" class=\"uri-mailto\" rel=\"nofollow noopener\" target=\"_blank\"> pressestelle.ppsh@polizei.hessen.de<\/a><\/p>\n<p class=\"originator\">Original-Content von: Polizeipr\u00e4sidium S\u00fcdhessen, \u00fcbermittelt durch news aktuell<\/p>\n","protected":false},"excerpt":{"rendered":"23.12.2025 \u2013 12:06 Polizeipr\u00e4sidium S\u00fcdhessen Mannheim\/Rimbach (ots) Seit Sonntagmorgen (21.12.) wird der 63-j\u00e4hrige Michael Ulrich St\u00f6\u00dfel aus Rimbach&hellip;\n","protected":false},"author":2,"featured_media":666578,"comment_status":"","ping_status":"","sticky":false,"template":"","format":"standard","meta":{"footnotes":""},"categories":[1845],"tags":[1634,3364,29,548,663,3934,30,1087,13,177,2096,14,15,121,178,180,179,181,12],"class_list":{"0":"post-666577","1":"post","2":"type-post","3":"status-publish","4":"format-standard","5":"has-post-thumbnail","7":"category-mannheim","8":"tag-baden-wuerttemberg","9":"tag-de","10":"tag-deutschland","11":"tag-eu","12":"tag-europa","13":"tag-europe","14":"tag-germany","15":"tag-he","16":"tag-headlines","17":"tag-kriminalitt","18":"tag-mannheim","19":"tag-nachrichten","20":"tag-news","21":"tag-polizei","22":"tag-presse","23":"tag-pressemeldung","24":"tag-pressemitteilung","25":"tag-pressemitteilungen","26":"tag-schlagzeilen"},"share_on_mastodon":{"url":"https:\/\/pubeurope.com\/@de\/115768611600507566","error":""},"_links":{"self":[{"href":"https:\/\/www.europesays.com\/de\/wp-json\/wp\/v2\/posts\/666577","targetHints":{"allow":["GET"]}}],"collection":[{"href":"https:\/\/www.europesays.com\/de\/wp-json\/wp\/v2\/posts"}],"about":[{"href":"https:\/\/www.europesays.com\/de\/wp-json\/wp\/v2\/types\/post"}],"author":[{"embeddable":true,"href":"https:\/\/www.europesays.com\/de\/wp-json\/wp\/v2\/users\/2"}],"replies":[{"embeddable":true,"href":"https:\/\/www.europesays.com\/de\/wp-json\/wp\/v2\/comments?post=666577"}],"version-history":[{"count":0,"href":"https:\/\/www.europesays.com\/de\/wp-json\/wp\/v2\/posts\/666577\/revisions"}],"wp:featuredmedia":[{"embeddable":true,"href":"https:\/\/www.europesays.com\/de\/wp-json\/wp\/v2\/media\/666578"}],"wp:attachment":[{"href":"https:\/\/www.europesays.com\/de\/wp-json\/wp\/v2\/media?parent=666577"}],"wp:term":[{"taxonomy":"category","embeddable":true,"href":"https:\/\/www.europesays.com\/de\/wp-json\/wp\/v2\/categories?post=666577"},{"taxonomy":"post_tag","embeddable":true,"href":"https:\/\/www.europesays.com\/de\/wp-json\/wp\/v2\/tags?post=666577"}],"curies":[{"name":"wp","href":"https:\/\/api.w.org\/{rel}","templated":true}]}}