{"id":666588,"date":"2025-12-23T11:25:29","date_gmt":"2025-12-23T11:25:29","guid":{"rendered":"https:\/\/www.europesays.com\/de\/666588\/"},"modified":"2025-12-23T11:25:29","modified_gmt":"2025-12-23T11:25:29","slug":"so-blickt-ob-scherff-im-netz-auf-wuppertal","status":"publish","type":"post","link":"https:\/\/www.europesays.com\/de\/666588\/","title":{"rendered":"So blickt OB Scherff im Netz auf Wuppertal"},"content":{"rendered":"<p class=\"text_ohne_einzug richtext text-em-55 !leading-serif mx-6 desktop:mx-0\">Wuppertals Oberb\u00fcrgermeisterin Miriam Scherff meldet sich jetzt mit Weihnachtsgr\u00fc\u00dfen in Form einer Videobotschaft bei den Wuppertalerinnen und Wuppertalern. In einem YouTube-Video, das etwa drei Minuten lang ist, schlendert sie \u00fcber den Weihnachtsmarkt vor dem Barmer Rathaus, kauft einen Gl\u00fchwein \u2013 und blickt sowohl zur\u00fcck auf das Jahr 2025 als auch auf das, was 2026 bevorsteht.<\/p>\n","protected":false},"excerpt":{"rendered":"Wuppertals Oberb\u00fcrgermeisterin Miriam Scherff meldet sich jetzt mit Weihnachtsgr\u00fc\u00dfen in Form einer Videobotschaft bei den Wuppertalerinnen und Wuppertalern.&hellip;\n","protected":false},"author":2,"featured_media":666589,"comment_status":"","ping_status":"","sticky":false,"template":"","format":"standard","meta":{"footnotes":""},"categories":[1840],"tags":[48,242,14915,28106,3364,29,66110,14967,30,1209,18852,45726,78707,4418,17352],"class_list":{"0":"post-666588","1":"post","2":"type-post","3":"status-publish","4":"format-standard","5":"has-post-thumbnail","7":"category-wuppertal","8":"tag-48","9":"tag-242","10":"tag-blickt","11":"tag-buga","12":"tag-de","13":"tag-deutschland","14":"tag-ehrenamtskarte","15":"tag-engagement","16":"tag-germany","17":"tag-nordrhein-westfalen","18":"tag-oberbuergermeisterin","19":"tag-scherff","20":"tag-visiotopia","21":"tag-wuppertal","22":"tag-wuppertalerinnen"},"share_on_mastodon":{"url":"https:\/\/pubeurope.com\/@de\/115768637765908715","error":""},"_links":{"self":[{"href":"https:\/\/www.europesays.com\/de\/wp-json\/wp\/v2\/posts\/666588","targetHints":{"allow":["GET"]}}],"collection":[{"href":"https:\/\/www.europesays.com\/de\/wp-json\/wp\/v2\/posts"}],"about":[{"href":"https:\/\/www.europesays.com\/de\/wp-json\/wp\/v2\/types\/post"}],"author":[{"embeddable":true,"href":"https:\/\/www.europesays.com\/de\/wp-json\/wp\/v2\/users\/2"}],"replies":[{"embeddable":true,"href":"https:\/\/www.europesays.com\/de\/wp-json\/wp\/v2\/comments?post=666588"}],"version-history":[{"count":0,"href":"https:\/\/www.europesays.com\/de\/wp-json\/wp\/v2\/posts\/666588\/revisions"}],"wp:featuredmedia":[{"embeddable":true,"href":"https:\/\/www.europesays.com\/de\/wp-json\/wp\/v2\/media\/666589"}],"wp:attachment":[{"href":"https:\/\/www.europesays.com\/de\/wp-json\/wp\/v2\/media?parent=666588"}],"wp:term":[{"taxonomy":"category","embeddable":true,"href":"https:\/\/www.europesays.com\/de\/wp-json\/wp\/v2\/categories?post=666588"},{"taxonomy":"post_tag","embeddable":true,"href":"https:\/\/www.europesays.com\/de\/wp-json\/wp\/v2\/tags?post=666588"}],"curies":[{"name":"wp","href":"https:\/\/api.w.org\/{rel}","templated":true}]}}