{"id":666611,"date":"2025-12-23T11:39:26","date_gmt":"2025-12-23T11:39:26","guid":{"rendered":"https:\/\/www.europesays.com\/de\/666611\/"},"modified":"2025-12-23T11:39:26","modified_gmt":"2025-12-23T11:39:26","slug":"per-linienflug-deutschland-schiebt-zum-ersten-mal-seit-ueber-zehn-jahren-straftaeter-nach-syrien-ab","status":"publish","type":"post","link":"https:\/\/www.europesays.com\/de\/666611\/","title":{"rendered":"Per Linienflug: Deutschland schiebt zum ersten Mal seit \u00fcber zehn Jahren Straft\u00e4ter nach Syrien ab"},"content":{"rendered":"<p>Deutschland hat zum ersten Mal seit dem Ausbruch des B\u00fcrgerkriegs wieder einen Kriminellen nach Syrien abgeschoben. Der Mann, der zuletzt in Nordrhein-Westfalen im Gef\u00e4ngnis sa\u00df, wurde per Linienflug nach Damaskus gebracht.<\/p>\n<p class=\"is-first-paragraph\" data-external=\"Article.FirstParagraph\">Es ist eine Abschiebung mit Symbolwirkung: Deutschland hat am Dienstag einen syrischen Straft\u00e4ter abgeschoben. Der Mann wurde in Syriens Hauptstadt Damaskus geflogen und den dortigen Beh\u00f6rden \u00fcbergeben, berichtet die \u201e<a class=\"is-link c-block-items__link is-external c-link--rich-text-renderer\" href=\"https:\/\/www.bild.de\/politik\/inland\/bild-exklusiv-zum-ersten-mal-regierung-schiebt-kriminellen-syrer-ab-694a477136dab63128b5b06a\" target=\"_blank\" title=\"(Link wird in einem neuen Tab ge\u00f6ffnet)\" rel=\"nofollow noopener\" data-internal-tracking-enabled=\"true\" data-internal-tracking=\"{&quot;action&quot;:&quot;click&quot;,&quot;label&quot;:&quot;link&quot;,&quot;name&quot;:&quot;Inline Element&quot;,&quot;data&quot;:{&quot;source&quot;:&quot;&quot;,&quot;target&quot;:&quot;https:\/\/www.bild.de\/politik\/inland\/bild-exklusiv-zum-ersten-mal-regierung-schiebt-kriminellen-syrer-ab-694a477136dab63128b5b06a&quot;,&quot;trackingName&quot;:&quot;&quot;,&quot;trackingLabel&quot;:&quot;&quot;}}\">Bild<\/a>\u201c-Zeitung.<\/p>\n<p>Wie die Zeitung weiter schreibt, handelt es sich bei dem Kriminellen um einen 1988 geborenen syrischen Staatsb\u00fcrger, der sich mehrere Jahre in Deutschland aufgehalten habe. Zuletzt sa\u00df der Mann demnach wegen besonders schweren Raubes, K\u00f6rperverletzung und Erpressung in Nordrhein-Westfalen im Gef\u00e4ngnis. Jetzt wurde er in Begleitung von Bundespolizisten per Linienflug nach Syrien gebracht.<\/p>\n<p>Die Abschiebung ist deshalb so bemerkenswert, weil es sich um die erste Abschiebung aus Deutschland nach Syrien seit mehr als zehn Jahren handelt. Seit dort 2011 der B\u00fcrgerkrieg ausbrach, wurden keine Syrer mehr in ihre Heimat abgeschoben.<\/p>\n<p>Innenminister Alexander Dobrindt (CSU) stellte Anfang November klar, die <a class=\"is-link c-block-items__link c-link--rich-text-renderer\" href=\"https:\/\/www.welt.de\/politik\/deutschland\/article6908a7c473566d3912c090ac\/dobrindt-bereitet-auch-rueckfuehrungen-nach-syrien-vor-basis-ist-der-koalitionsvertrag.html\" data-internal-tracking-enabled=\"true\" data-internal-tracking=\"{&quot;action&quot;:&quot;click&quot;,&quot;label&quot;:&quot;link&quot;,&quot;name&quot;:&quot;Inline Element&quot;,&quot;data&quot;:{&quot;source&quot;:&quot;&quot;,&quot;target&quot;:&quot;https:\/\/www.welt.de\/politik\/deutschland\/article6908a7c473566d3912c090ac\/dobrindt-bereitet-auch-rueckfuehrungen-nach-syrien-vor-basis-ist-der-koalitionsvertrag.html&quot;,&quot;trackingName&quot;:&quot;&quot;,&quot;trackingLabel&quot;:&quot;&quot;}}\" rel=\"nofollow noopener\" target=\"_blank\">Vereinbarungen aus dem Koalitionsvertrag<\/a> umzusetzen: \u201eWir sind dabei, R\u00fcckf\u00fchrungen nach Syrien vorzubereiten.\u201c Nun l\u00e4sst das Innenministerium erste Taten folgen. <\/p>\n<p>Rund eine Million Syrer leben derzeit in Deutschland<\/p>\n<p>In Deutschland leben derzeit rund eine Million Syrer. Im Koalitionsvertrag hei\u00dft es: \u201eNach Afghanistan und Syrien werden wir abschieben \u2013 beginnend mit Straft\u00e4tern und Gef\u00e4hrdern.\u201c Dies schlie\u00dft auch die Abschiebung der \u00fcbrigen Migranten aus den L\u00e4ndern nicht aus.<\/p>\n<p>Dobrindt begr\u00fcndete die Versch\u00e4rfung der Abschiebepraxis mit einer \u00dcberforderung der Kommunen. \u201eDie Belastungsgrenze, die haben wir seit L\u00e4ngerem erreicht und die \u00dcberforderung in den Kommunen ist sichtbar\u201c, sagte er. Diese \u00dcberforderung m\u00fcsse abgebaut werden. Daran arbeite er.<\/p>\n<p>Zuvor sorgte ein Besuch von Au\u00dfenminister Johann Wadephul (CDU) in Syrien f\u00fcr Aufsehen. Nach der Besichtigung eines vom B\u00fcrgerkrieg zerst\u00f6rten Vorortes von Damaskus hatte er gesagt, dort k\u00f6nnten <a class=\"is-link c-block-items__link c-link--rich-text-renderer\" href=\"https:\/\/www.welt.de\/politik\/deutschland\/article69045782df9fa029228eeab2\/syrien-besuch-ausmass-an-zerstoerung-habe-ich-nie-gesehen-wadephul-haelt-rueckkehr-von-syrern-fuer-kaum-moeglich.html\" data-internal-tracking-enabled=\"true\" data-internal-tracking=\"{&quot;action&quot;:&quot;click&quot;,&quot;label&quot;:&quot;link&quot;,&quot;name&quot;:&quot;Inline Element&quot;,&quot;data&quot;:{&quot;source&quot;:&quot;&quot;,&quot;target&quot;:&quot;https:\/\/www.welt.de\/politik\/deutschland\/article69045782df9fa029228eeab2\/syrien-besuch-ausmass-an-zerstoerung-habe-ich-nie-gesehen-wadephul-haelt-rueckkehr-von-syrern-fuer-kaum-moeglich.html&quot;,&quot;trackingName&quot;:&quot;&quot;,&quot;trackingLabel&quot;:&quot;&quot;}}\" rel=\"nofollow noopener\" target=\"_blank\">Menschen kaum w\u00fcrdig leben<\/a>. Zu R\u00fcckf\u00fchrungen einzelner schwerer Straft\u00e4ter sei man aber in Kontakt mit der syrischen Regierung. Wer sich in Deutschland in die Gesellschaft einf\u00fcge und integriere, sei aber willkommen.<\/p>\n<p>saha<\/p>\n","protected":false},"excerpt":{"rendered":"Deutschland hat zum ersten Mal seit dem Ausbruch des B\u00fcrgerkriegs wieder einen Kriminellen nach Syrien abgeschoben. Der Mann,&hellip;\n","protected":false},"author":2,"featured_media":666612,"comment_status":"","ping_status":"","sticky":false,"template":"","format":"standard","meta":{"footnotes":""},"categories":[2],"tags":[53233,331,3924,332,3922,7285,3364,29,35348,30,13,32329,47967,14,3923,15,3921,110,12,113456,58,30616],"class_list":{"0":"post-666611","1":"post","2":"type-post","3":"status-publish","4":"format-standard","5":"has-post-thumbnail","7":"category-deutschland","8":"tag-abschiebungen-ks","9":"tag-aktuelle-nachrichten","10":"tag-aktuelle-nachrichten-aus-deutschland","11":"tag-aktuelle-news","12":"tag-aktuelle-news-aus-deutschland","13":"tag-alexander","14":"tag-de","15":"tag-deutschland","16":"tag-dobrindt","17":"tag-germany","18":"tag-headlines","19":"tag-johann","20":"tag-migrationspolitik-ks","21":"tag-nachrichten","22":"tag-nachrichten-aus-deutschland","23":"tag-news","24":"tag-news-aus-deutschland","25":"tag-newsteam","26":"tag-schlagzeilen","27":"tag-straftaeter-ks","28":"tag-syrien","29":"tag-wadephul"},"share_on_mastodon":{"url":"https:\/\/pubeurope.com\/@de\/115768693255854622","error":""},"_links":{"self":[{"href":"https:\/\/www.europesays.com\/de\/wp-json\/wp\/v2\/posts\/666611","targetHints":{"allow":["GET"]}}],"collection":[{"href":"https:\/\/www.europesays.com\/de\/wp-json\/wp\/v2\/posts"}],"about":[{"href":"https:\/\/www.europesays.com\/de\/wp-json\/wp\/v2\/types\/post"}],"author":[{"embeddable":true,"href":"https:\/\/www.europesays.com\/de\/wp-json\/wp\/v2\/users\/2"}],"replies":[{"embeddable":true,"href":"https:\/\/www.europesays.com\/de\/wp-json\/wp\/v2\/comments?post=666611"}],"version-history":[{"count":0,"href":"https:\/\/www.europesays.com\/de\/wp-json\/wp\/v2\/posts\/666611\/revisions"}],"wp:featuredmedia":[{"embeddable":true,"href":"https:\/\/www.europesays.com\/de\/wp-json\/wp\/v2\/media\/666612"}],"wp:attachment":[{"href":"https:\/\/www.europesays.com\/de\/wp-json\/wp\/v2\/media?parent=666611"}],"wp:term":[{"taxonomy":"category","embeddable":true,"href":"https:\/\/www.europesays.com\/de\/wp-json\/wp\/v2\/categories?post=666611"},{"taxonomy":"post_tag","embeddable":true,"href":"https:\/\/www.europesays.com\/de\/wp-json\/wp\/v2\/tags?post=666611"}],"curies":[{"name":"wp","href":"https:\/\/api.w.org\/{rel}","templated":true}]}}