{"id":666622,"date":"2025-12-23T11:45:17","date_gmt":"2025-12-23T11:45:17","guid":{"rendered":"https:\/\/www.europesays.com\/de\/666622\/"},"modified":"2025-12-23T11:45:17","modified_gmt":"2025-12-23T11:45:17","slug":"nach-brand-in-nuernberg-kripo-geht-von-brandstiftung-aus","status":"publish","type":"post","link":"https:\/\/www.europesays.com\/de\/666622\/","title":{"rendered":"Nach Brand in N\u00fcrnberg: Kripo geht von Brandstiftung aus"},"content":{"rendered":"<p class=\"is-first-paragraph\" data-external=\"Article.FirstParagraph\">Kinder oder Jugendliche k\u00f6nnten den Brand eines Mehrfamilienhauses in N\u00fcrnberg verursacht haben. Wie die Polizei ermittelte, wurden die jungen Menschen im Hinterhof mit Feuerwerk gesehen. Kurz danach habe es gebrannt. Zudem seien abgebrannte Wunderkerzen gefunden worden. Die Kripo geht bislang von einer Brandstiftung aus.<\/p>\n<p>Wegen des Feuers hatten am sp\u00e4ten Freitagabend rund 30 Bewohner das Haus verlassen m\u00fcssen, wie es hie\u00df. Der Brand sei auf einem Balkon entstanden und habe von dort aus auf die angrenzende Wohnung \u00fcbergegriffen. Die Beamten hatten alle Anwohner rechtzeitig warnen k\u00f6nnen. Sie konnten das Geb\u00e4ude unverletzt verlassen.<\/p>\n<p>Die Ermittler sch\u00e4tzen den Schaden auf rund 50.000 Euro, wie ein Sprecher sagte. Zeugen, die Hinweise zu der Tat und den T\u00e4tern geben k\u00f6nnen, werden gebeten, sich zu melden.<\/p>\n","protected":false},"excerpt":{"rendered":"Kinder oder Jugendliche k\u00f6nnten den Brand eines Mehrfamilienhauses in N\u00fcrnberg verursacht haben. Wie die Polizei ermittelte, wurden die&hellip;\n","protected":false},"author":2,"featured_media":666623,"comment_status":"","ping_status":"","sticky":false,"template":"","format":"standard","meta":{"footnotes":""},"categories":[1837],"tags":[772,3364,29,30,3783],"class_list":{"0":"post-666622","1":"post","2":"type-post","3":"status-publish","4":"format-standard","5":"has-post-thumbnail","7":"category-nuernberg","8":"tag-bayern","9":"tag-de","10":"tag-deutschland","11":"tag-germany","12":"tag-nuernberg"},"share_on_mastodon":{"url":"","error":""},"_links":{"self":[{"href":"https:\/\/www.europesays.com\/de\/wp-json\/wp\/v2\/posts\/666622","targetHints":{"allow":["GET"]}}],"collection":[{"href":"https:\/\/www.europesays.com\/de\/wp-json\/wp\/v2\/posts"}],"about":[{"href":"https:\/\/www.europesays.com\/de\/wp-json\/wp\/v2\/types\/post"}],"author":[{"embeddable":true,"href":"https:\/\/www.europesays.com\/de\/wp-json\/wp\/v2\/users\/2"}],"replies":[{"embeddable":true,"href":"https:\/\/www.europesays.com\/de\/wp-json\/wp\/v2\/comments?post=666622"}],"version-history":[{"count":0,"href":"https:\/\/www.europesays.com\/de\/wp-json\/wp\/v2\/posts\/666622\/revisions"}],"wp:featuredmedia":[{"embeddable":true,"href":"https:\/\/www.europesays.com\/de\/wp-json\/wp\/v2\/media\/666623"}],"wp:attachment":[{"href":"https:\/\/www.europesays.com\/de\/wp-json\/wp\/v2\/media?parent=666622"}],"wp:term":[{"taxonomy":"category","embeddable":true,"href":"https:\/\/www.europesays.com\/de\/wp-json\/wp\/v2\/categories?post=666622"},{"taxonomy":"post_tag","embeddable":true,"href":"https:\/\/www.europesays.com\/de\/wp-json\/wp\/v2\/tags?post=666622"}],"curies":[{"name":"wp","href":"https:\/\/api.w.org\/{rel}","templated":true}]}}