{"id":666625,"date":"2025-12-23T11:47:25","date_gmt":"2025-12-23T11:47:25","guid":{"rendered":"https:\/\/www.europesays.com\/de\/666625\/"},"modified":"2025-12-23T11:47:25","modified_gmt":"2025-12-23T11:47:25","slug":"bilanz-fuer-2025-edeka-minden-hannover-baut-filialnetz-deutlich-aus-lebensmittelpraxis-de","status":"publish","type":"post","link":"https:\/\/www.europesays.com\/de\/666625\/","title":{"rendered":"Bilanz f\u00fcr 2025 &#8211; Edeka Minden-Hannover baut Filialnetz deutlich aus \u2013 Lebensmittelpraxis.de"},"content":{"rendered":"<p>                Beitrag teilen<\/p>\n<p>Die Regionalgesellschaft Edeka Minden-Hannover hat ihr Filialnetz im vergangenen Jahr kr\u00e4ftig erweitert. Neben 25 Neuer\u00f6ffnungen modernisierte das Unternehmen 187 Standorte. In Braunschweig entstand der erste Supermarkt aus Holzbausteinen.<\/p>\n<p>\n                                            Dienstag, 23. Dezember 2025, 11:54 Uhr\n                                    <\/p>\n<p>\n                    Thomas Klaus                <\/p>\n<p>                      Expansiv: Die Regionalgesellschaft Edeka Minden-Hannover er\u00f6ffnete 25 neue M\u00e4rkte, erweiterte 14 Standorte und modernisierte 187 bestehende Filialen.                    <\/p>\n<p>                      Bildquelle: Claudia Schiffner\n                            <\/p>\n<p>Die Edeka Minden-Hannover hat im Jahr 2025 ihr Filialnetz deutlich ausgebaut. Die Regionalgesellschaft er\u00f6ffnete 25 neue M\u00e4rkte, erweiterte 14 Standorte und modernisierte 187 bestehende Filialen, wie das Unternehmen mitteilte. Das Gesch\u00e4ftsgebiet umfasst Bremen, Niedersachsen, einen Teil von Ostwestfalen-Lippe, Sachsen-Anhalt, Berlin und Brandenburg.<\/p>\n<p>Kurs wird 2026 fortgesetzt<\/p>\n<p>\u201eWir werden auch in Zukunft neue Standorte er\u00f6ffnen und in bestehende M\u00e4rkte investieren\u201c, sagte Mark Rosenkranz, Vorstand der Edeka Minden-Hannover, in der Mitteilung. Den Angaben zufolge will die Regionalgesellschaft die Nahversorgung in allen Regionen ihres Gesch\u00e4ftsgebiets st\u00e4rken. Dieser Kurs werde das Unternehmen auch 2026 leiten, hie\u00df es.<\/p>\n<p>Zu den gr\u00f6\u00dferen Projekten des Jahres z\u00e4hlte die Er\u00f6ffnung eines Marktkauf-Hauses in Cottbus im Mai. Der Markt verf\u00fcgt \u00fcber rund 7.000 Quadratmeter Verkaufsfl\u00e4che und bildet nach Angaben des Unternehmens das Herzst\u00fcck der Neuaufstellung des Lausitzparks. Das Einkaufszentrum umfasst 17 weitere Gesch\u00e4fte, einen Food-Court und Angebote f\u00fcr Kinder. Bis Anfang 2027 soll ein zweiter Bauabschnitt mit weiteren Fachm\u00e4rkten folgen.<\/p>\n<p>Edeka Popko setzt auf Holzbauweise<\/p>\n<p>In Braunschweig er\u00f6ffnete die Edeka Minden-Hannover im Mai den ersten Supermarkt aus Holzbausteinen. Der Edeka Popko befindet sich in der \u201eNeuen Mitte Lamme\u201c. Und in Bremen-Horn \u00f6ffnete am 13. November der Edeka Maa\u00df im ehemaligen Lestra-Kaufhaus an der Horner Heerstra\u00dfe.<\/p>\n<p>Die Edeka Minden-Hannover ist nach eigenen Angaben die umsatzst\u00e4rkste Regionalgesellschaft des Edeka-Verbunds.<\/p>\n","protected":false},"excerpt":{"rendered":"Beitrag teilen Die Regionalgesellschaft Edeka Minden-Hannover hat ihr Filialnetz im vergangenen Jahr kr\u00e4ftig erweitert. Neben 25 Neuer\u00f6ffnungen modernisierte&hellip;\n","protected":false},"author":2,"featured_media":666626,"comment_status":"","ping_status":"","sticky":false,"template":"","format":"standard","meta":{"footnotes":""},"categories":[1836],"tags":[3364,29,46941,39192,30,46,1411,8460],"class_list":{"0":"post-666625","1":"post","2":"type-post","3":"status-publish","4":"format-standard","5":"has-post-thumbnail","7":"category-hannover","8":"tag-de","9":"tag-deutschland","10":"tag-edeka-minden-hannover","11":"tag-filialausbau","12":"tag-germany","13":"tag-hannover","14":"tag-niedersachsen","15":"tag-standorte"},"share_on_mastodon":{"url":"https:\/\/pubeurope.com\/@de\/115768724333452353","error":""},"_links":{"self":[{"href":"https:\/\/www.europesays.com\/de\/wp-json\/wp\/v2\/posts\/666625","targetHints":{"allow":["GET"]}}],"collection":[{"href":"https:\/\/www.europesays.com\/de\/wp-json\/wp\/v2\/posts"}],"about":[{"href":"https:\/\/www.europesays.com\/de\/wp-json\/wp\/v2\/types\/post"}],"author":[{"embeddable":true,"href":"https:\/\/www.europesays.com\/de\/wp-json\/wp\/v2\/users\/2"}],"replies":[{"embeddable":true,"href":"https:\/\/www.europesays.com\/de\/wp-json\/wp\/v2\/comments?post=666625"}],"version-history":[{"count":0,"href":"https:\/\/www.europesays.com\/de\/wp-json\/wp\/v2\/posts\/666625\/revisions"}],"wp:featuredmedia":[{"embeddable":true,"href":"https:\/\/www.europesays.com\/de\/wp-json\/wp\/v2\/media\/666626"}],"wp:attachment":[{"href":"https:\/\/www.europesays.com\/de\/wp-json\/wp\/v2\/media?parent=666625"}],"wp:term":[{"taxonomy":"category","embeddable":true,"href":"https:\/\/www.europesays.com\/de\/wp-json\/wp\/v2\/categories?post=666625"},{"taxonomy":"post_tag","embeddable":true,"href":"https:\/\/www.europesays.com\/de\/wp-json\/wp\/v2\/tags?post=666625"}],"curies":[{"name":"wp","href":"https:\/\/api.w.org\/{rel}","templated":true}]}}