{"id":666627,"date":"2025-12-23T11:48:28","date_gmt":"2025-12-23T11:48:28","guid":{"rendered":"https:\/\/www.europesays.com\/de\/666627\/"},"modified":"2025-12-23T11:48:28","modified_gmt":"2025-12-23T11:48:28","slug":"weihnachtsbaum-entsorgung-in-dresden-so-funktionierts","status":"publish","type":"post","link":"https:\/\/www.europesays.com\/de\/666627\/","title":{"rendered":"Weihnachtsbaum-Entsorgung in Dresden: So funktioniert\u2019s"},"content":{"rendered":"<p>Das Fest ist noch nicht gefeiert, die Gans noch nicht im Ofen \u2013 und auch die vergn\u00fcgten Tage mit der Familie stehen noch bevor. Dennoch informiert die Stadt bereits jetzt \u00fcber die richtigen Wege zur Weihnachtsbaum-Entsorgung. Daf\u00fcr stehen mehrere geb\u00fchrenfreie M\u00f6glichkeiten zur Verf\u00fcgung.<\/p>\n<p>  <img fetchpriority=\"high\" decoding=\"async\" src=\"https:\/\/www.europesays.com\/de\/wp-content\/uploads\/2025\/12\/2024-12-27-Weihnachtsbaeume.jpg\" alt=\"Im vergangenen Jahr lagen die ersten ausgemusterten B\u00e4umchen schon am zweiten Weihnachtsfeiertag an der Sammelstelle am Alaunplatz. Foto: Archiv Anton Launer\" width=\"2400\" height=\"1350\"\/>Im vergangenen Jahr lagen die ersten ausgemusterten B\u00e4umchen schon am zweiten Weihnachtsfeiertag an der Sammelstelle am Alaunplatz. Foto: Archiv Anton Launer\n<\/p>\n<p>Kostenfreie Abgabe: Termine und Orte<\/p>\n<p>Vom 27. Dezember 2025 bis zum 31. Januar 2026 nehmen die st\u00e4dtischen Wertstoffh\u00f6fe ausgediente Weihnachtsb\u00e4ume kostenlos an. Zus\u00e4tzlich stehen vom 29. Dezember 2025 bis 10. Januar 2026 \u00fcber 100 Sammelpl\u00e4tze im Stadtgebiet bereit. Damit die Entsorgung reibungslos abl\u00e4uft, m\u00fcssen die B\u00e4ume vollst\u00e4ndig von Schmuck befreit und nicht in Plastikt\u00fcten verpackt sein. Nach der Sammlung werden sie zu Holzhackschnitzeln verarbeitet und als Brennstoff genutzt.\n<\/p>\n<p>Abgabestellen im \u00dcberblick<\/p>\n<p>Die genauen Standorte sind online abrufbar:\n<\/p>\n<p>Die gr\u00f6\u00dfte Sammelstelle in der Neustadt befindet sich an der Ecke Bischofsweg, Kamenzer Stra\u00dfe. Weitere Container stehen:<\/p>\n<ul>\n<li>an der  Ecke Ritter-, Sarrasanistra\u00dfe (hinter der Neust\u00e4dter Markthalle),<\/li>\n<li>im Hecht-Viertel am K\u00f6nigsbr\u00fccker Platz,<\/li>\n<li>im Preu\u00dfischen Viertel am J\u00e4gerpark.<\/li>\n<\/ul>\n<p>L\u00e4nger behalten? Dann zum Wertstoffhof<\/p>\n<p>Wer seinen Baum l\u00e4nger behalten m\u00f6chte, kann ihn bis Ende Januar ebenfalls geb\u00fchrenfrei bei den st\u00e4dtischen Wertstoffh\u00f6fen oder den Annahmestellen f\u00fcr Gr\u00fcnabf\u00e4lle abgeben. <br \/>Ab dem 1. Februar wird eine Geb\u00fchr f\u00e4llig:\n<\/p>\n<ul>\n<li>bis 1 Kubikmeter: 1\u202fEuro je 0,2\u202fm\u00b3,<\/li>\n<li>\u00fcber 1 Kubikmeter: 5\u202fEuro je angefangenem Kubikmeter.<\/li>\n<\/ul>\n<p>  <img loading=\"lazy\" decoding=\"async\" src=\"https:\/\/www.europesays.com\/de\/wp-content\/uploads\/2025\/12\/2020-01-09-Weihnachtsbaum1.jpg\" alt=\"Ab dem zweiten Weihnachtsfeiertag wieder h\u00e4ufiger zu sehen, die Weihnachtsbaum-Schleifer. Foto: Archiv Anton Launer\" width=\"2000\" height=\"1125\"\/>Ab dem zweiten Weihnachtsfeiertag wieder h\u00e4ufiger zu sehen: die Weihnachtsbaum-Schleifer. Foto: Archiv Anton Launer<br \/>\nKontakt bei Fragen<\/p>\n<p>Das Abfall-Info-Telefon ist erreichbar unter 0351 4889633<br \/>Montag bis Freitag: 8 bis 12 Uhr<br \/>Dienstag und Donnerstag zus\u00e4tzlich: 13 bis 17 Uhr\n<\/p>\n<p>Anfragen sind auch per E-Mail m\u00f6glich: <a href=\"https:\/\/www.neustadt-ticker.de\/234248\/aktuell\/mailto:abfallberatung@dresden.de\" target=\"_blank\" rel=\"noopener\">abfallberatung@dresden.de<\/a>\n<\/p>\n<p>Hinweis: Am Freitag, 2. Januar 2026, ist die Abfallberatung wegen der Betriebsruhe in der Stadtverwaltung Dresden jedoch nicht zu erreichen.<\/p>\n<p>Abholen lassen \u2013 und Gutes tun<\/p>\n<p>Am 10. Januar 2026 holen Teams zweier Dresdner Lions-Clubs Weihnachtsb\u00e4ume direkt bei Haushalten ab \u2013 gegen eine Spende ab 10\u202fEuro. Die Aktion findet bereits zum achten Mal statt. Der Erl\u00f6s kommt dem Dresdner Zoo und den Dresdner MediClowns zugute.\n<\/p>\n<p>Der Nutzen f\u00fcr die Baumspender ist dreifach:\n<\/p>\n<ol>\n<li>Der Baum wird als Tierfutter im Zoo weiterverwendet.<\/li>\n<li>Die Geldspende unterst\u00fctzt zwei lokale Organisationen.<\/li>\n<li>Der Baum wird direkt an der Wohnungst\u00fcr abgeholt \u2013 ohne Aufwand f\u00fcr die Spender.<\/li>\n<\/ol>\n<p>Zur Durchf\u00fchrung sind am 10. Januar 2026 insgesamt f\u00fcnf Teams mit je drei Personen des Lions Clubs Dresden New Century im gesamten Stadtgebiet unterwegs. Die gesammelten B\u00e4ume gehen direkt an den Dresdner Zoo, wo sie unter anderem von <a ref=\"https:\/\/de.wikipedia.org\/wiki\/Goldtakin\" target=\"_blank\" rel=\"noopener\">Goldtakinen<\/a>, Ziegen und Elefanten als Futter genutzt werden.\n<\/p>\n<p>Im Vorjahr kamen bei der Aktion rund 3.800 Euro an Spenden zusammen.<\/p>\n","protected":false},"excerpt":{"rendered":"Das Fest ist noch nicht gefeiert, die Gans noch nicht im Ofen \u2013 und auch die vergn\u00fcgten Tage&hellip;\n","protected":false},"author":2,"featured_media":666628,"comment_status":"","ping_status":"","sticky":false,"template":"","format":"standard","meta":{"footnotes":""},"categories":[1835],"tags":[3364,29,2386,30,4229,859,126226],"class_list":{"0":"post-666627","1":"post","2":"type-post","3":"status-publish","4":"format-standard","5":"has-post-thumbnail","7":"category-dresden","8":"tag-de","9":"tag-deutschland","10":"tag-dresden","11":"tag-germany","12":"tag-neustadt","13":"tag-sachsen","14":"tag-weihnachtsbaum"},"share_on_mastodon":{"url":"https:\/\/pubeurope.com\/@de\/115768729578823452","error":""},"_links":{"self":[{"href":"https:\/\/www.europesays.com\/de\/wp-json\/wp\/v2\/posts\/666627","targetHints":{"allow":["GET"]}}],"collection":[{"href":"https:\/\/www.europesays.com\/de\/wp-json\/wp\/v2\/posts"}],"about":[{"href":"https:\/\/www.europesays.com\/de\/wp-json\/wp\/v2\/types\/post"}],"author":[{"embeddable":true,"href":"https:\/\/www.europesays.com\/de\/wp-json\/wp\/v2\/users\/2"}],"replies":[{"embeddable":true,"href":"https:\/\/www.europesays.com\/de\/wp-json\/wp\/v2\/comments?post=666627"}],"version-history":[{"count":0,"href":"https:\/\/www.europesays.com\/de\/wp-json\/wp\/v2\/posts\/666627\/revisions"}],"wp:featuredmedia":[{"embeddable":true,"href":"https:\/\/www.europesays.com\/de\/wp-json\/wp\/v2\/media\/666628"}],"wp:attachment":[{"href":"https:\/\/www.europesays.com\/de\/wp-json\/wp\/v2\/media?parent=666627"}],"wp:term":[{"taxonomy":"category","embeddable":true,"href":"https:\/\/www.europesays.com\/de\/wp-json\/wp\/v2\/categories?post=666627"},{"taxonomy":"post_tag","embeddable":true,"href":"https:\/\/www.europesays.com\/de\/wp-json\/wp\/v2\/tags?post=666627"}],"curies":[{"name":"wp","href":"https:\/\/api.w.org\/{rel}","templated":true}]}}