{"id":666629,"date":"2025-12-23T11:49:29","date_gmt":"2025-12-23T11:49:29","guid":{"rendered":"https:\/\/www.europesays.com\/de\/666629\/"},"modified":"2025-12-23T11:49:29","modified_gmt":"2025-12-23T11:49:29","slug":"dauerfrost-und-kaeltesturz-an-heiligabend","status":"publish","type":"post","link":"https:\/\/www.europesays.com\/de\/666629\/","title":{"rendered":"Dauerfrost und K\u00e4ltesturz an Heiligabend"},"content":{"rendered":"<p>K\u00e4ltesturz <\/p>\n<p>So frostig wird es in Dresden an den Weihnachtstagen<\/p>\n<p>23.12.2025 &#8211; 11:12 UhrLesedauer: 1 Min.<\/p>\n<p><a href=\"#focus-0\" class=\"transition-colors duration-200 block text-current relative\" data-sctrack=\"FocusGalleryImage.Reference\"><img fetchpriority=\"high\" data-testid=\"Opener.Image\" style=\"--lqipURL:url('https:\/\/images.t-online.de\/2025\/02\/MhixBWbuCDDp\/0x0:2048x1152\/fit-in\/150x0\/filters:blur(25)\/frost-in-dresden-es-bleibt-kalt-im-land.jpg')\"   loading=\"eager\" src=\"https:\/\/www.europesays.com\/de\/wp-content\/uploads\/2025\/12\/frost-in-dresden-es-bleibt-kalt-im-land.jpg\" alt=\"Frost in Dresden: Es bleibt kalt im Land.\" title=\"Frost in Dresden: Es bleibt kalt im Land.\" width=\"2048\" height=\"1152\" class=\"bg-[url:var(--lqipURL)] bg-cover bg-center flex h-full w-full max-w-full\" decoding=\"async\"\/><img style=\"--width:32;--height:32\" loading=\"lazy\" src=\"https:\/\/dresden.t-online.de\/s\/paper\/_next\/static\/media\/zoom-in.f7dae02f.svg\" alt=\"Vergr\u00f6\u00dfern des Bildes\" title=\"Vergr\u00f6\u00dfern des Bildes\" class=\"block h-[calc(var(--height)_\/_16_*_1rem)] w-[calc(var(--width)_\/_16_*_1rem)] max-w-none absolute bottom-8 right-8 rounded-4 bg-snow p-8\" decoding=\"async\"\/><\/a><\/p>\n<p>Frost in Dresden (Archivbild): Nachts sollen die Tempaturen in Dresden auf bis zu minus sechs Grad sinken. (Quelle: dpa\/Robert Michael)<\/p>\n<p class=\"font-bold text-18 leading-17\">An Heiligabend zeigt das Thermometer maximal null Grad. Erst am zweiten Feiertag wird es etwas milder.<\/p>\n<p class=\"text-18 leading-17\">Die Weihnachtsfeiertage werden in Dresden bitterkalt. Laut Kachelmannwetter sinkt das Thermometer an Heiligabend auf maximal null Grad. Nachts rutschen die Werte auf minus sechs Grad.<\/p>\n<p class=\"text-18 leading-17\">Tags\u00fcber zeigt sich der Himmel in Sachsen noch bew\u00f6lkt, prognostiziert der Deutsche Wetterdienst (DWD). Am Abend lockern die Wolken auf. Es bleibt trocken.<\/p>\n<p class=\"text-18 leading-17\">Am ersten Weihnachtsfeiertag scheint in Dresden die Sonne. Doch die K\u00e4lte hat es in sich: Die Temperaturen steigen laut Kachelmannwetter tags\u00fcber nicht \u00fcber minus vier Grad. Nachts sinken sie auf bis zu minus acht Grad. Der DWD spricht von Dauerfrost. Der Wind weht schwach aus Nordost. Im Bergland kann es b\u00f6ig werden.<\/p>\n<p class=\"text-18 leading-17\">Am zweiten Weihnachtsfeiertag wird es etwas milder. Der DWD erwartet H\u00f6chstwerte zwischen minus eins und plus zwei Grad. Lockere Wolkenfelder ziehen \u00fcber Sachsen, Niederschlag bleibt aus.<\/p>\n","protected":false},"excerpt":{"rendered":"K\u00e4ltesturz So frostig wird es in Dresden an den Weihnachtstagen 23.12.2025 &#8211; 11:12 UhrLesedauer: 1 Min. Frost in&hellip;\n","protected":false},"author":2,"featured_media":666630,"comment_status":"","ping_status":"","sticky":false,"template":"","format":"standard","meta":{"footnotes":""},"categories":[1835],"tags":[722,3364,950,29,2386,4906,2415,30,5527,155341,859,42392,118972,151986],"class_list":{"0":"post-666629","1":"post","2":"type-post","3":"status-publish","4":"format-standard","5":"has-post-thumbnail","7":"category-dresden","8":"tag-722","9":"tag-de","10":"tag-deutscher-wetterdienst","11":"tag-deutschland","12":"tag-dresden","13":"tag-dwd","14":"tag-feiertag","15":"tag-germany","16":"tag-heiligabend","17":"tag-kaeltesturz","18":"tag-sachsen","19":"tag-thermometer","20":"tag-weihnachtsfeiertag","21":"tag-weihnachtstag"},"share_on_mastodon":{"url":"https:\/\/pubeurope.com\/@de\/115768732491634275","error":""},"_links":{"self":[{"href":"https:\/\/www.europesays.com\/de\/wp-json\/wp\/v2\/posts\/666629","targetHints":{"allow":["GET"]}}],"collection":[{"href":"https:\/\/www.europesays.com\/de\/wp-json\/wp\/v2\/posts"}],"about":[{"href":"https:\/\/www.europesays.com\/de\/wp-json\/wp\/v2\/types\/post"}],"author":[{"embeddable":true,"href":"https:\/\/www.europesays.com\/de\/wp-json\/wp\/v2\/users\/2"}],"replies":[{"embeddable":true,"href":"https:\/\/www.europesays.com\/de\/wp-json\/wp\/v2\/comments?post=666629"}],"version-history":[{"count":0,"href":"https:\/\/www.europesays.com\/de\/wp-json\/wp\/v2\/posts\/666629\/revisions"}],"wp:featuredmedia":[{"embeddable":true,"href":"https:\/\/www.europesays.com\/de\/wp-json\/wp\/v2\/media\/666630"}],"wp:attachment":[{"href":"https:\/\/www.europesays.com\/de\/wp-json\/wp\/v2\/media?parent=666629"}],"wp:term":[{"taxonomy":"category","embeddable":true,"href":"https:\/\/www.europesays.com\/de\/wp-json\/wp\/v2\/categories?post=666629"},{"taxonomy":"post_tag","embeddable":true,"href":"https:\/\/www.europesays.com\/de\/wp-json\/wp\/v2\/tags?post=666629"}],"curies":[{"name":"wp","href":"https:\/\/api.w.org\/{rel}","templated":true}]}}