{"id":666645,"date":"2025-12-23T11:57:18","date_gmt":"2025-12-23T11:57:18","guid":{"rendered":"https:\/\/www.europesays.com\/de\/666645\/"},"modified":"2025-12-23T11:57:18","modified_gmt":"2025-12-23T11:57:18","slug":"star-wechselt-nach-sieben-jahren","status":"publish","type":"post","link":"https:\/\/www.europesays.com\/de\/666645\/","title":{"rendered":"Star wechselt nach sieben Jahren"},"content":{"rendered":"<p>Der Mittelfeldspieler war in dieser Saison nicht f\u00fcr die Leipziger zum Einsatz gekommen.<\/p>\n<p>Fu\u00dfball-<a href=\"https:\/\/www.sport1.de\/channel\/fussball\/bundesliga\" target=\"_self\" rel=\"nofollow noopener\" title=\"https:\/\/www.sport1.de\/channel\/fussball\/bundesliga\">Bundesligist<\/a> RB Leipzig und Mittelfeldspieler Amadou Haidara gehen nach sieben Jahren getrennte Wege. Wie die Sachsen am Dienstag mitteilten, schlie\u00dft sich der 27-J\u00e4hrige zum 1. Januar dem franz\u00f6sischen Erstligisten RC Lens an, der derzeit die <a href=\"https:\/\/www.sport1.de\/daten\/internationaler-fussball\/ligue-1\/tabelle\" target=\"_self\" rel=\"nofollow noopener\" title=\"https:\/\/www.sport1.de\/daten\/internationaler-fussball\/ligue-1\/tabelle\">Tabelle<\/a> der <a href=\"https:\/\/www.sport1.de\/channel\/internationaler-fussball\/ligue-1\" target=\"_self\" rel=\"nofollow noopener\" title=\"https:\/\/www.sport1.de\/channel\/internationaler-fussball\/ligue-1\">Ligue 1 <\/a>vor Paris Saint-Germain anf\u00fchrt.<\/p>\n<p>Haidara war im Januar 2019 von RB Salzburg nach Leipzig gewechselt und dort zur festen Gr\u00f6\u00dfe im Team gereift. Mit den Roten Bullen feierte er zwei DFB-Pokalsiege (2022 und 2023) und den Gewinn des Supercups (2023). <\/p>\n<p>Zudem erreichte Haidara mit Leipzig in der Saison 2019\/20 das Halbfinale der Champions League. Insgesamt absolvierte der Malier, der aktuell mit seinem Heimatland am Afrika-Cup teilnimmt, 222 Pflichtspiele im RB-Trikot (15 Tore und 13 Assists). In der laufenden Saison kam Haidara allerdings nicht zum Einsatz.<\/p>\n<p>Haidara sei \u201e\u00fcber viele Jahre ein sehr wichtiger Spieler f\u00fcr RB Leipzig\u201c gewesen und habe dem Mittelfeld \u201emit seiner Spielintelligenz und seiner Zweikampfst\u00e4rke viel Struktur verliehen\u201c, erkl\u00e4rte Sport-Gesch\u00e4ftsf\u00fchrer Marcel Sch\u00e4fer: \u201eEr hat im letzten halben Jahr, das f\u00fcr ihn pers\u00f6nlich nicht einfach war, einmal mehr seinen einwandfreien Charakter unter Beweis gestellt, sich nie h\u00e4ngen lassen und vorbildlich verhalten.\u201c<\/p>\n","protected":false},"excerpt":{"rendered":"Der Mittelfeldspieler war in dieser Saison nicht f\u00fcr die Leipziger zum Einsatz gekommen. Fu\u00dfball-Bundesligist RB Leipzig und Mittelfeldspieler&hellip;\n","protected":false},"author":2,"featured_media":666646,"comment_status":"","ping_status":"","sticky":false,"template":"","format":"standard","meta":{"footnotes":""},"categories":[1832],"tags":[3364,29,30,71,859],"class_list":{"0":"post-666645","1":"post","2":"type-post","3":"status-publish","4":"format-standard","5":"has-post-thumbnail","7":"category-leipzig","8":"tag-de","9":"tag-deutschland","10":"tag-germany","11":"tag-leipzig","12":"tag-sachsen"},"share_on_mastodon":{"url":"https:\/\/pubeurope.com\/@de\/115768763574916615","error":""},"_links":{"self":[{"href":"https:\/\/www.europesays.com\/de\/wp-json\/wp\/v2\/posts\/666645","targetHints":{"allow":["GET"]}}],"collection":[{"href":"https:\/\/www.europesays.com\/de\/wp-json\/wp\/v2\/posts"}],"about":[{"href":"https:\/\/www.europesays.com\/de\/wp-json\/wp\/v2\/types\/post"}],"author":[{"embeddable":true,"href":"https:\/\/www.europesays.com\/de\/wp-json\/wp\/v2\/users\/2"}],"replies":[{"embeddable":true,"href":"https:\/\/www.europesays.com\/de\/wp-json\/wp\/v2\/comments?post=666645"}],"version-history":[{"count":0,"href":"https:\/\/www.europesays.com\/de\/wp-json\/wp\/v2\/posts\/666645\/revisions"}],"wp:featuredmedia":[{"embeddable":true,"href":"https:\/\/www.europesays.com\/de\/wp-json\/wp\/v2\/media\/666646"}],"wp:attachment":[{"href":"https:\/\/www.europesays.com\/de\/wp-json\/wp\/v2\/media?parent=666645"}],"wp:term":[{"taxonomy":"category","embeddable":true,"href":"https:\/\/www.europesays.com\/de\/wp-json\/wp\/v2\/categories?post=666645"},{"taxonomy":"post_tag","embeddable":true,"href":"https:\/\/www.europesays.com\/de\/wp-json\/wp\/v2\/tags?post=666645"}],"curies":[{"name":"wp","href":"https:\/\/api.w.org\/{rel}","templated":true}]}}