{"id":666650,"date":"2025-12-23T12:00:15","date_gmt":"2025-12-23T12:00:15","guid":{"rendered":"https:\/\/www.europesays.com\/de\/666650\/"},"modified":"2025-12-23T12:00:15","modified_gmt":"2025-12-23T12:00:15","slug":"aerger-fuer-stuttgarter-influencerin-fliegender-sektkuebel-in-der-waranga-bar-kommt-vor-gericht","status":"publish","type":"post","link":"https:\/\/www.europesays.com\/de\/666650\/","title":{"rendered":"\u00c4rger f\u00fcr Stuttgarter Influencerin: Fliegender Sektk\u00fcbel in der Waranga-Bar kommt vor Gericht"},"content":{"rendered":"<p>Zumindest hat diese Geburtstagsfeier Eindruck hinterlassen: Knapp drei Jahre nach ihrem 21. Geburtstag muss sich eine junge Stuttgarterin wegen ihrer v\u00f6llig aus dem Ruder gelaufenen Feier in der Waranga-Bar am Kleinen Schlossplatz vor dem Stuttgarter Amtsgericht verantworten. Zusammen mit der Noch-23-J\u00e4hrigen, die <a href=\"https:\/\/www.stuttgarter-zeitung.de\/inhalt.schickhardt-gymnasium-stuttgart-wegen-ihrer-noten-ex-schuelerin-prozessiert-weiter-gegen-ihre-schule.efae0bb1-3a0f-40bc-95f0-d8217bbcf4b2.html\" target=\"_blank\" rel=\"noopener\">unter anderem<\/a> als Mode-<a href=\"https:\/\/www.stuttgarter-zeitung.de\/thema\/Influencerin\" title=\"Influencerin\" class=\"art_thema\" target=\"_blank\" rel=\"noopener\">Influencerin<\/a> bekannt wurde, sitzen ihre Mutter und ihre \u00e4ltere Schwester auf der Anklagebank. Der <a href=\"https:\/\/www.stuttgarter-zeitung.de\/thema\/Prozess\" title=\"Prozess\" class=\"art_thema\" target=\"_blank\" rel=\"noopener\">Prozess<\/a> beginnt am 13. Januar. <\/p>\n<p>Man muss wohl sagen, dass sich die Stuttgarter Justiz redlich darum bem\u00fcht hat, der Familie den Prozess zu ersparen. Im September hatte das Amtsgericht auf Antrag der Staatsanwaltschaft <a href=\"https:\/\/www.stuttgarter-zeitung.de\/inhalt.nach-schlaegerei-in-stuttgarter-bar-influencerin-wehrt-sich-gegen-bewaehrungsstrafe.4f6d6bf7-fb72-430e-ad26-b6858c50ca58.html\" target=\"_blank\" rel=\"noopener\">Strafbefehle f\u00fcr die drei Frauen ausgesprochen.<\/a> Gegen die 23-J\u00e4hrige und ihre 60-j\u00e4hrige Mutter verh\u00e4ngte das Gericht demnach jeweils eine einj\u00e4hrige Bew\u00e4hrungsstrafe. Das ist die h\u00f6chste Strafe, die noch per Strafbefehl ohne Prozess ausgesprochen werden kann. <\/p>\n<p>Alle drei Frauen legen Einspruch ein <\/p>\n<p>Bei der 30-j\u00e4hrigen Schwester belie\u00df es das Gericht bei einer Geldstrafe von 90 Tagess\u00e4tzen zu je 80 Euro, insgesamt 7200 Euro. Auch dies kann als Friedensangebot gewertet werden: Eine Strafe mit bis zu 90 Tagess\u00e4tzen kommt nicht ins polizeiliche F\u00fchrungszeugnis, das zum Beispiel bei einem potenziellen Arbeitgeber vorgelegt werden muss.<\/p>\n<p>Doch alle drei Frauen legten \u00fcber ihre Anw\u00e4lte Einspruch ein, sodass es nun zum Prozess kommt. Die Staatsanwaltschaft legt ihnen zur Last, im Februar 2023 an k\u00f6rperlichen und verbalen Auseinandersetzungen in und vor dem Club Waranga beteiligt gewesen zu sein. Den Geschehnissen sei ein Streit mit einer anderen G\u00e4stegruppe vorausgegangen. In der Bar hatte die einstige Influencerin ihren Geburtstag gefeiert.<\/p>\n<p>Dabei habe die Mutter unter anderem mit einem St\u00f6ckelschuh auf einen T\u00fcrsteher eingeschlagen, die T\u00f6chter h\u00e4tten mit ihren Sektgl\u00e4sern nach G\u00e4sten geworfen. Dabei sei ein Gast verletzt worden. Die 23-J\u00e4hrige habe zudem einen Sektk\u00fcbel nach einem Sicherheitsmitarbeiter geworfen und ihm ins Gesicht geschlagen. Auch als die Polizei eintraf, h\u00e4tten sich die drei Frauen nicht beruhigt. Die 60-J\u00e4hrige habe sich gegen die polizeilichen Ma\u00dfnahmen gewehrt, die 30-J\u00e4hrige habe zwei Polizistinnen beleidigt, hei\u00dft es in der Anklage. <\/p>\n<p>Auch zwei Berufungsverfahren sind anh\u00e4ngig <\/p>\n<p>Nach Darstellung der drei Beschuldigten sei der Ablauf allerdings ein ganz anderer gewesen. <a href=\"https:\/\/www.stuttgarter-zeitung.de\/inhalt.attacke-mit-eiskuebel-bekannte-stuttgarter-influencerin-soll-in-bar-ausgerastet-sein.a23135e2-e4b5-4287-9c67-274be11274a3.html\" target=\"_blank\" rel=\"noopener\">Schon kurz nach dem Vorfall<\/a> hatte die Mutter gegen\u00fcber der Bild-Zeitung erkl\u00e4rt, ihre Tochter sei sexuell bel\u00e4stigt worden. Zuletzt hatte auch der Berliner Rechtsanwalt David Herz die Vorw\u00fcrfe gegen seine Mandantinnen zur\u00fcckgewiesen. Die Anklage verkenne die tats\u00e4chlichen Abl\u00e4ufe. \u201eMeine Mandantinnen sind Opfer, nicht T\u00e4terinnen.\u201c<\/p>\n<p>F\u00fcr den Prozess hat das Amtsgericht insgesamt drei Verhandlungstage angesetzt. Demnach k\u00f6nnte das Urteil Anfang Februar fallen. Weitere Verfahren gegen die junge Frau sind vor den Landgerichten in T\u00fcbingen und <a href=\"https:\/\/www.stuttgarter-zeitung.de\/thema\/Stuttgart\" title=\"Stuttgart\" class=\"art_thema\" target=\"_blank\" rel=\"noopener\">Stuttgart<\/a> anh\u00e4ngig. Das Amtsgericht Bad Urach hatte sie zuvor wegen Ladendiebstahls im Metzinger Outlet und das Amtsgericht in Leonberg wegen Siegelbruchs im Zusammenhang mit einer Ermittlungen zur Corona-Teststation ihrer Mutter verurteilt. Die 23-J\u00e4hrige legte gegen beide Urteile Berufung ein. <\/p>\n","protected":false},"excerpt":{"rendered":"Zumindest hat diese Geburtstagsfeier Eindruck hinterlassen: Knapp drei Jahre nach ihrem 21. Geburtstag muss sich eine junge Stuttgarterin&hellip;\n","protected":false},"author":2,"featured_media":666506,"comment_status":"","ping_status":"","sticky":false,"template":"","format":"standard","meta":{"footnotes":""},"categories":[1830],"tags":[98987,1634,3364,29,30,108932,1269,1441,155326],"class_list":{"0":"post-666650","1":"post","2":"type-post","3":"status-publish","4":"format-standard","5":"has-post-thumbnail","7":"category-stuttgart","8":"tag-amtsgericht-stuttgart","9":"tag-baden-wuerttemberg","10":"tag-de","11":"tag-deutschland","12":"tag-germany","13":"tag-influencerin","14":"tag-prozess","15":"tag-stuttgart","16":"tag-waranga"},"share_on_mastodon":{"url":"https:\/\/pubeurope.com\/@de\/115768775415415985","error":""},"_links":{"self":[{"href":"https:\/\/www.europesays.com\/de\/wp-json\/wp\/v2\/posts\/666650","targetHints":{"allow":["GET"]}}],"collection":[{"href":"https:\/\/www.europesays.com\/de\/wp-json\/wp\/v2\/posts"}],"about":[{"href":"https:\/\/www.europesays.com\/de\/wp-json\/wp\/v2\/types\/post"}],"author":[{"embeddable":true,"href":"https:\/\/www.europesays.com\/de\/wp-json\/wp\/v2\/users\/2"}],"replies":[{"embeddable":true,"href":"https:\/\/www.europesays.com\/de\/wp-json\/wp\/v2\/comments?post=666650"}],"version-history":[{"count":0,"href":"https:\/\/www.europesays.com\/de\/wp-json\/wp\/v2\/posts\/666650\/revisions"}],"wp:featuredmedia":[{"embeddable":true,"href":"https:\/\/www.europesays.com\/de\/wp-json\/wp\/v2\/media\/666506"}],"wp:attachment":[{"href":"https:\/\/www.europesays.com\/de\/wp-json\/wp\/v2\/media?parent=666650"}],"wp:term":[{"taxonomy":"category","embeddable":true,"href":"https:\/\/www.europesays.com\/de\/wp-json\/wp\/v2\/categories?post=666650"},{"taxonomy":"post_tag","embeddable":true,"href":"https:\/\/www.europesays.com\/de\/wp-json\/wp\/v2\/tags?post=666650"}],"curies":[{"name":"wp","href":"https:\/\/api.w.org\/{rel}","templated":true}]}}