{"id":666651,"date":"2025-12-23T12:02:20","date_gmt":"2025-12-23T12:02:20","guid":{"rendered":"https:\/\/www.europesays.com\/de\/666651\/"},"modified":"2025-12-23T12:02:20","modified_gmt":"2025-12-23T12:02:20","slug":"violetter-himmel-ueber-stuttgart-was-leuchtet-da-suedwest","status":"publish","type":"post","link":"https:\/\/www.europesays.com\/de\/666651\/","title":{"rendered":"Violetter Himmel \u00fcber Stuttgart: Was leuchtet da? &#8211; S\u00fcdwest"},"content":{"rendered":"<p class=\"article-site__ressore | pb-400\">Himmelsleuchten<\/p>\n<p class=\"article-site__topic article-site-plr | mb-1000\">\n<p>\t\t\t<strong><br \/>\n\t\t\t\t\t\t\t\t\t\t\t\t\tEin violettes Leuchten sorgte in Stuttgart f\u00fcr neugierige Blicke. Was hinter dem ungew\u00f6hnlichen Himmelsschauspiel steckt \u2013 und was der VfB Stuttgart damit zu tun hat.<br \/>\n\t\t\t\t\t\t\t<\/strong><br \/>\n\t\t\t\u00a0<\/p>\n<p>        Wir ben\u00f6tigen Ihre Zustimmung um BotTalk anzuzeigen<\/p>\n<p class=\"mb-400\">Unter Umst\u00e4nden sammelt BotTalk personenbezogene Daten f\u00fcr eigene Zwecke und verarbeitet diese in einem Land mit nach EU-Standards nicht ausreichenden Datenschutzniveau.<\/p>\n<p class=\"mb-900\">Durch Klick auf &#8222;Akzeptieren&#8220; geben Sie Ihre Einwilligung f\u00fcr die Daten\u00fcbermittlung, die Sie jederzeit \u00fcber Cookie-Einstellungen widerrufen k\u00f6nnen.<\/p>\n<p>        <a data-cmp-servicename=\"BotTalk\" href=\"#\" class=\"cmpButtonAccept btn | bg-primary-400 fc-neutral-100\">Akzeptieren<\/a><br \/>\n        <a href=\"#\" onclick=\"UC_UI.showSecondLayer(); return false;\" class=\"fs-300\">Mehr Informationen<\/a><\/p>\n<p>\t\t\t\t\t\t\t\t\t\t<img decoding=\"async\"  src=\"https:\/\/www.europesays.com\/de\/wp-content\/uploads\/2025\/12\/493291225-w-640.jpg\" title=\"Ein violettes Leuchten ist \u00fcber Stuttgart zu sehen.  | Foto: Andreas Rosar (dpa)\" alt=\"Ein violettes Leuchten ist \u00fcber Stuttgart zu sehen.  | Foto: Andreas Rosar (dpa)\" aria-labelledby=\"imgLabel1\" width=\"980\" height=\"653\" fetchpriority=\"high\" class=\"artImg artImg-as32\"\/><\/p>\n<p>\t\t\t\t\t\t\t\t\t\t\t\tEin violettes Leuchten ist \u00fcber Stuttgart zu sehen.\t\t\t\t\t\t\t\t\t\t\t\tFoto: Andreas\u00a0Rosar\u00a0(dpa)\t\t\t\t\t\t\t\t\t\t\t<\/p>\n<p>Ein ungew\u00f6hnliches Himmelsleuchten hat in Stuttgart f\u00fcr Aufsehen gesorgt. \u00dcber dem Stadtteil Bad Cannstatt war ein violettes Licht zu erkennen, wie Fotos und Videos zeigen. Es war weithin zu sehen. Es handelte sich aber nicht um Polarlichter: Diese habe es in der Nacht zum Dienstag \u00fcber Baden-W\u00fcrttemberg definitiv nicht gegeben, sagte die stellvertretende Leiterin am Haus der Astronomie in Heidelberg, Carolin Liefke, auf Anfrage.<\/p>\n<p>Mit h\u00f6chster Wahrscheinlichkeit wurde das Himmelsleuchten von einem Speziallicht der MHP-Arena verursacht. Mit dem magentafarbenen Licht wird im Stadion des VfB Stuttgart der Rasen angestrahlt, um dessen Wachstum zu f\u00f6rdern, wie ein Sprecher mitteilte. Die Anlage war demnach zum Zeitpunkt der Sichtung eingeschaltet und wurde von Wolken oder Hochnebel reflektiert.<\/p>\n<p>\t\t\t\t\t\t\t\t\t\t<strong>Schlagworte:<\/strong>\u00a0<a href=\"https:\/\/www.badische-zeitung.de\/person\/Carolin+Liefke\" title=\"Carolin Liefke\" style=\"white-space: nowrap;\" itemscope=\"\" itemtype=\"https:\/\/schema.org\/Person\" rel=\"nofollow noopener\" target=\"_blank\">Carolin Liefke<\/a>, <a href=\"https:\/\/www.badische-zeitung.de\/person\/Himmelsleuchten+Violetter+Himmel\" title=\"Himmelsleuchten Violetter Himmel\" style=\"white-space: nowrap;\" itemscope=\"\" itemtype=\"https:\/\/schema.org\/Person\" rel=\"nofollow noopener\" target=\"_blank\">Himmelsleuchten Violetter Himmel<\/a><\/p>\n","protected":false},"excerpt":{"rendered":"Himmelsleuchten Ein violettes Leuchten sorgte in Stuttgart f\u00fcr neugierige Blicke. Was hinter dem ungew\u00f6hnlichen Himmelsschauspiel steckt \u2013 und&hellip;\n","protected":false},"author":2,"featured_media":666652,"comment_status":"","ping_status":"","sticky":false,"template":"","format":"standard","meta":{"footnotes":""},"categories":[1830],"tags":[1634,3364,29,30,22744,155348,135905,1441,129404,155347],"class_list":{"0":"post-666651","1":"post","2":"type-post","3":"status-publish","4":"format-standard","5":"has-post-thumbnail","7":"category-stuttgart","8":"tag-baden-wuerttemberg","9":"tag-de","10":"tag-deutschland","11":"tag-germany","12":"tag-himmel","13":"tag-himmelsleuchten","14":"tag-leuchtet","15":"tag-stuttgart","16":"tag-ungewoehnliches","17":"tag-violetter"},"share_on_mastodon":{"url":"https:\/\/pubeurope.com\/@de\/115768784626708695","error":""},"_links":{"self":[{"href":"https:\/\/www.europesays.com\/de\/wp-json\/wp\/v2\/posts\/666651","targetHints":{"allow":["GET"]}}],"collection":[{"href":"https:\/\/www.europesays.com\/de\/wp-json\/wp\/v2\/posts"}],"about":[{"href":"https:\/\/www.europesays.com\/de\/wp-json\/wp\/v2\/types\/post"}],"author":[{"embeddable":true,"href":"https:\/\/www.europesays.com\/de\/wp-json\/wp\/v2\/users\/2"}],"replies":[{"embeddable":true,"href":"https:\/\/www.europesays.com\/de\/wp-json\/wp\/v2\/comments?post=666651"}],"version-history":[{"count":0,"href":"https:\/\/www.europesays.com\/de\/wp-json\/wp\/v2\/posts\/666651\/revisions"}],"wp:featuredmedia":[{"embeddable":true,"href":"https:\/\/www.europesays.com\/de\/wp-json\/wp\/v2\/media\/666652"}],"wp:attachment":[{"href":"https:\/\/www.europesays.com\/de\/wp-json\/wp\/v2\/media?parent=666651"}],"wp:term":[{"taxonomy":"category","embeddable":true,"href":"https:\/\/www.europesays.com\/de\/wp-json\/wp\/v2\/categories?post=666651"},{"taxonomy":"post_tag","embeddable":true,"href":"https:\/\/www.europesays.com\/de\/wp-json\/wp\/v2\/tags?post=666651"}],"curies":[{"name":"wp","href":"https:\/\/api.w.org\/{rel}","templated":true}]}}