{"id":666659,"date":"2025-12-23T12:07:17","date_gmt":"2025-12-23T12:07:17","guid":{"rendered":"https:\/\/www.europesays.com\/de\/666659\/"},"modified":"2025-12-23T12:07:17","modified_gmt":"2025-12-23T12:07:17","slug":"1-fc-koeln-empfaengt-fc-bayern-hier-laeuft-das-spiel-im-tv","status":"publish","type":"post","link":"https:\/\/www.europesays.com\/de\/666659\/","title":{"rendered":"1. FC K\u00f6ln empf\u00e4ngt FC Bayern \u2013 hier l\u00e4uft das Spiel im TV"},"content":{"rendered":"<p>Letzter Spieltag der Hinrunde <\/p>\n<p>K\u00f6ln gegen Bayern: Hier l\u00e4uft das Spiel im TV<\/p>\n<p>23.12.2025 &#8211; 12:02 UhrLesedauer: 2 Min.<\/p>\n<p><a href=\"#focus-0\" class=\"transition-colors duration-200 block text-current relative\" data-sctrack=\"FocusGalleryImage.Reference\"><img fetchpriority=\"high\" data-testid=\"Opener.Image\" style=\"--lqipURL:url('https:\/\/images.t-online.de\/2025\/12\/yU4vslQLVsy3\/344x253:1674x942\/fit-in\/150x0\/filters:blur(25)\/joel-schmied-koe-und-harry-kane-fcb-koeln-deutschland-29-102025-dfb-pokal-1-fc-koeln-fc-bayern-muenchen-dfb-regulations-prohibit-any-use-of-photographs-as-image-sequences-and-or-quasi-video-joel-schmied-koe-and-harry-kane-fcb-cologne-germany-29-10-2025-dfb-pokal-1-fc-koeln-fc-bayern-muenchen-dfb-regulations-prohibit-any-use-of-photographs-as-image-sequences-and-or-quasi-video.jpg')\"   loading=\"eager\" src=\"https:\/\/www.europesays.com\/de\/wp-content\/uploads\/2025\/12\/joel-schmied-koe-und-harry-kane-fcb-koeln-deutschland-29-102025-dfb-pokal-1-fc-koeln-fc-bayern-muenc.jpeg\" alt=\"imago images 1068811388\" title=\"imago images 1068811388\" width=\"1674\" height=\"942\" class=\"bg-[url:var(--lqipURL)] bg-cover bg-center flex h-full w-full max-w-full\" decoding=\"async\"\/><img style=\"--width:32;--height:32\" loading=\"lazy\" src=\"https:\/\/www.t-online.de\/s\/paper\/_next\/static\/media\/zoom-in.f7dae02f.svg\" alt=\"Vergr\u00f6\u00dfern des Bildes\" title=\"Vergr\u00f6\u00dfern des Bildes\" class=\"block h-[calc(var(--height)_\/_16_*_1rem)] w-[calc(var(--width)_\/_16_*_1rem)] max-w-none absolute bottom-8 right-8 rounded-4 bg-snow p-8\" decoding=\"async\"\/><\/a><\/p>\n<p>Joel Schmied (l.) und Harry Kane im Luftduell: Auf den 1. FC K\u00f6ln wartet ein spannendes Duell gegen Bayern. (Quelle: IMAGO\/J\u00fcrgen Schwarz\/imago)<\/p>\n<p class=\"font-bold text-18 leading-17\">Der 1. FC K\u00f6ln empf\u00e4ngt den FC Bayern M\u00fcnchen in der Bundesliga. t-online verr\u00e4t, wo Sie das Spiel live verfolgen k\u00f6nnen.<\/p>\n<p class=\"text-18 leading-17\">Der <a class=\"transition-colors duration-200 cursor-pointer text-inherit no-underline text-salemsfur md:hover:text-magenta md:hover:border-magenta md:focus:text-magenta border-current border-b border-solid break-words\" href=\"https:\/\/www.t-online.de\/themen\/1-fc-koeln\/\" data-sctrack=\"BodyAnchor\" rel=\"nofollow noopener\" target=\"_blank\">1. FC K\u00f6ln<\/a> trifft zum Abschluss der Hinrunde auf den <a class=\"transition-colors duration-200 cursor-pointer text-inherit no-underline text-salemsfur md:hover:text-magenta md:hover:border-magenta md:focus:text-magenta border-current border-b border-solid break-words\" href=\"https:\/\/www.t-online.de\/themen\/fc-bayern-muenchen\/\" data-sctrack=\"BodyAnchor\" rel=\"nofollow noopener\" target=\"_blank\">FC Bayern M\u00fcnchen<\/a>. Der 17. Spieltag findet unter der Woche statt \u2013 mit Spielen am Dienstag, Mittwoch und Donnerstag. Die Partie wird am <strong class=\"font-bold\">Mittwoch, den 14. Januar 2026, um 20.30 Uhr im K\u00f6lner Rhein-Energie-Stadion<\/strong> ausgetragen.<\/p>\n<p class=\"text-18 leading-17\">Das Duell hat es erst k\u00fcrzlich gegeben: In der zweiten Runde des DFB-Pokals standen sich beide Teams bereits in K\u00f6ln gegen\u00fcber. Damals ging der &#8222;Effzeh&#8220; fr\u00fch in F\u00fchrung, musste sich am Ende jedoch deutlich mit 1:4 geschlagen geben. Nun folgt das Wiedersehen in der Liga.<\/p>\n<p class=\"text-18 leading-17\">t-online erkl\u00e4rt, wo Sie die Partie sehen k\u00f6nnen.<\/p>\n<p class=\"text-18 leading-17\">Nein, die Begegnung wird nicht live im Free-TV \u00fcbertragen. Das Bundesliga-Spiel zwischen K\u00f6ln und Bayern l\u00e4uft ausschlie\u00dflich beim Streamingdienst Sky. Die ARD-Sportschau zeigt jedoch ab etwa 22.30 Uhr ausf\u00fchrliche Zusammenfassungen des Bundesliga-Mittwochs.<\/p>\n<p class=\"text-18 leading-17\">Ja. Sky zeigt die Partie live und exklusiv. Der Sender \u00fcbertr\u00e4gt s\u00e4mtliche Spiele des 17. Spieltags, der komplett als englische Woche ausgetragen wird \u2013 sowohl die Begegnungen am Dienstag und Mittwoch als auch das Donnerstagsspiel zwischen dem <a class=\"transition-colors duration-200 cursor-pointer text-inherit no-underline text-salemsfur md:hover:text-magenta md:hover:border-magenta md:focus:text-magenta border-current border-b border-solid break-words\" href=\"https:\/\/www.t-online.de\/themen\/fc-augsburg\/\" data-sctrack=\"BodyAnchor\" rel=\"nofollow noopener\" target=\"_blank\">FC Augsburg<\/a> und <a class=\"transition-colors duration-200 cursor-pointer text-inherit no-underline text-salemsfur md:hover:text-magenta md:hover:border-magenta md:focus:text-magenta border-current border-b border-solid break-words\" href=\"https:\/\/www.t-online.de\/themen\/1-fc-union-berlin\/\" data-sctrack=\"BodyAnchor\" rel=\"nofollow noopener\" target=\"_blank\">Union Berlin<\/a>. Zus\u00e4tzlich ist das Spiel \u00fcber die Streamingdienste Sky Go und WOW verf\u00fcgbar.<\/p>\n<p class=\"text-18 leading-17\">Ja, t-online bietet einen ausf\u00fchrlichen <a class=\"transition-colors duration-200 cursor-pointer text-inherit no-underline text-salemsfur md:hover:text-magenta md:hover:border-magenta md:focus:text-magenta border-current border-b border-solid break-words\" href=\"https:\/\/www.t-online.de\/sport\/live-ticker\/heute\/\" data-sctrack=\"BodyAnchor\" rel=\"nofollow noopener\" target=\"_blank\">Liveticker<\/a> zum Spiel an. <a class=\"transition-colors duration-200 cursor-pointer text-inherit no-underline text-salemsfur md:hover:text-magenta md:hover:border-magenta md:focus:text-magenta border-current border-b border-solid break-words\" href=\"https:\/\/www.t-online.de\/sport\/live-ticker\/heute\/\" data-sctrack=\"BodyAnchor\" rel=\"nofollow noopener\" target=\"_blank\">Hier<\/a> finden Fans bereits vor dem Anpfiff Aufstellungen und alle wichtigen Informationen sowie w\u00e4hrend der Partie alle relevanten Spielereignisse.<\/p>\n<p class=\"text-18 leading-17\">Vor Beginn des Spiels finden Sie dort auch die Aufstellungen und alle wichtigen Informationen zur Partie.<\/p>\n","protected":false},"excerpt":{"rendered":"Letzter Spieltag der Hinrunde K\u00f6ln gegen Bayern: Hier l\u00e4uft das Spiel im TV 23.12.2025 &#8211; 12:02 UhrLesedauer: 2&hellip;\n","protected":false},"author":2,"featured_media":666660,"comment_status":"","ping_status":"","sticky":false,"template":"","format":"standard","meta":{"footnotes":""},"categories":[1828],"tags":[623,2971,722,29,1264,458,30,11709,55054,3154,1420,155349,1209,5206,1897,226],"class_list":{"0":"post-666659","1":"post","2":"type-post","3":"status-publish","4":"format-standard","5":"has-post-thumbnail","7":"category-koeln","8":"tag-1-fc-koeln","9":"tag-2971","10":"tag-722","11":"tag-deutschland","12":"tag-dfb-pokal","13":"tag-fc-bayern-muenchen","14":"tag-germany","15":"tag-harry-kane","16":"tag-hinrunde","17":"tag-joel-schmied","18":"tag-koeln","19":"tag-luftduell","20":"tag-nordrhein-westfalen","21":"tag-rhein","22":"tag-streaming","23":"tag-t-online"},"share_on_mastodon":{"url":"https:\/\/pubeurope.com\/@de\/115768803783374186","error":""},"_links":{"self":[{"href":"https:\/\/www.europesays.com\/de\/wp-json\/wp\/v2\/posts\/666659","targetHints":{"allow":["GET"]}}],"collection":[{"href":"https:\/\/www.europesays.com\/de\/wp-json\/wp\/v2\/posts"}],"about":[{"href":"https:\/\/www.europesays.com\/de\/wp-json\/wp\/v2\/types\/post"}],"author":[{"embeddable":true,"href":"https:\/\/www.europesays.com\/de\/wp-json\/wp\/v2\/users\/2"}],"replies":[{"embeddable":true,"href":"https:\/\/www.europesays.com\/de\/wp-json\/wp\/v2\/comments?post=666659"}],"version-history":[{"count":0,"href":"https:\/\/www.europesays.com\/de\/wp-json\/wp\/v2\/posts\/666659\/revisions"}],"wp:featuredmedia":[{"embeddable":true,"href":"https:\/\/www.europesays.com\/de\/wp-json\/wp\/v2\/media\/666660"}],"wp:attachment":[{"href":"https:\/\/www.europesays.com\/de\/wp-json\/wp\/v2\/media?parent=666659"}],"wp:term":[{"taxonomy":"category","embeddable":true,"href":"https:\/\/www.europesays.com\/de\/wp-json\/wp\/v2\/categories?post=666659"},{"taxonomy":"post_tag","embeddable":true,"href":"https:\/\/www.europesays.com\/de\/wp-json\/wp\/v2\/tags?post=666659"}],"curies":[{"name":"wp","href":"https:\/\/api.w.org\/{rel}","templated":true}]}}