{"id":666661,"date":"2025-12-23T12:08:14","date_gmt":"2025-12-23T12:08:14","guid":{"rendered":"https:\/\/www.europesays.com\/de\/666661\/"},"modified":"2025-12-23T12:08:14","modified_gmt":"2025-12-23T12:08:14","slug":"so-wird-der-tatort-mit-den-scheidenden-muenchnern-batic-und-leitmayr","status":"publish","type":"post","link":"https:\/\/www.europesays.com\/de\/666661\/","title":{"rendered":"So wird der \u201eTatort\u201c mit den scheidenden M\u00fcnchnern Batic und Leitmayr"},"content":{"rendered":"<p class=\"mb-6 text-xs md:text-m lg:text-l font-serif group-[.font-sans]:font-sans \">\n    Zu Weihnachten darf es ja gerne mal schneien, auch wenn das in der Wirklichkeit nicht mehr allzu oft vorkommt. Und so endet denn der Weihnachts-\u201eTatort\u201c aus <a href=\"https:\/\/www.augsburger-allgemeine.de\/orte\/aa-muenchen\" target=\"_self\" class=\"underline \" rel=\"noopener\">M\u00fcnchen<\/a> mit einem Mikro-Flockengest\u00f6ber, durch das die ergrauten Kripo-Helden Ivo Batic (Miroslav Nemec) und Franz Leitmayr (Udo Wachtveitl) <a href=\"https:\/\/www.augsburger-allgemeine.de\/bayern\/neugestaltung-mit-sitzflaechen-und-rasen-der-max-joseph-platz-in-muenchen-ist-jetzt-gruen-10-12-2025-112962460\" target=\"_self\" class=\"underline \" rel=\"noopener\">an der Staatsoper vorbei<\/a> in die Nacht hinaus gehen. Doch der Schnee besteht nur aus Styropork\u00fcgelchen aus einem vorausfahrenden Laster, der eine \u00fcberfl\u00fcssig gewordene B\u00fchnendeko abf\u00e4hrt. In dieser Folge namens \u201eDas Verlangen\u201c (Zweiter Weihnachtsfeiertag, ARD, 20.15 Uhr) vermischen sich st\u00e4ndig Theaterillusion und Wirklichkeit. So wird der Film zu einer Art TV-Weihnachtsschauspiel, in der es ebenso k\u00fcnstlich wie k\u00fcnstlerisch zugeht, aber \u2013 dem Festtag angemessen \u2013 nicht allzu aufregend.\n  <\/p>\n<p>    <img decoding=\"async\" src=\"https:\/\/www.europesays.com\/de\/wp-content\/uploads\/2025\/12\/br-bild-1.jpg\" alt=\"In der &quot;Tatort&quot;-Folge &quot;Das Verlangen\u201c ermitteln die M\u00fcnchner Kommissare in einem Schauspielensemble. Dabei wird ihnen manches vorgespielt. \" title=\"In der &quot;Tatort&quot;-Folge &quot;Das Verlangen\u201c ermitteln die M\u00fcnchner Kommissare in einem Schauspielensemble. Dabei wird ihnen manches vorgespielt. \" class=\"h-full w-full object-cover\"\/><\/p>\n<p>      Icon vergr\u00f6\u00dfern<\/p>\n<p>    In der &#8222;Tatort&#8220;-Folge &#8222;Das Verlangen\u201c ermitteln die M\u00fcnchner Kommissare in einem Schauspielensemble. Dabei wird ihnen manches vorgespielt.<br \/>\n    Foto: BR\/Claussen+Putz Filmproduktion GmbH\/Walter Wehner<\/p>\n<p>        Schlie\u00dfen <\/p>\n<p>      Icon Schlie\u00dfen<\/p>\n<p>        Icon vergr\u00f6\u00dfern<\/p>\n<p>        Icon verkleinern<\/p>\n<p>      Icon Pfeil bewegen<\/p>\n<p>    In der &#8222;Tatort&#8220;-Folge &#8222;Das Verlangen\u201c ermitteln die M\u00fcnchner Kommissare in einem Schauspielensemble. Dabei wird ihnen manches vorgespielt.<br \/>\n    Foto: BR\/Claussen+Putz Filmproduktion GmbH\/Walter Wehner<\/p>\n<p class=\"mb-6 text-xs md:text-m lg:text-l font-serif group-[.font-sans]:font-sans \">\n    Die heimliche Hauptdarstellerin ist dieses Mal kein Mensch, sondern ein besonderes Bauwerk, das Residenztheater im Herzen M\u00fcnchens. Dort m\u00fcssen Leitmayr und Batic einen Mord aufkl\u00e4ren und irren dabei durch diesen labyrinthischen Bau genauso planlos wie durch die Ermittlungen. Irgendwann, als sie im Klo statt in der Kantine landen, fragt Leitmayr genervt: \u201eWer hat denn dieses Theater gebaut? <a href=\"https:\/\/www.augsburger-allgemeine.de\/noerdlingen\/schauspieler-thomas-loibl-kommt-mit-kafkas-die-verwandlung-nach-noerdlingen-111471401\" target=\"_self\" class=\"underline \" rel=\"noopener\">Kafka<\/a>?\u201c Hat er nachweislich nicht, und auch um ihn als Schriftsteller geht es hier nicht, sondern um den Russen Anton Tschechow. W\u00e4hrend einer Auff\u00fchrung seines St\u00fcckes \u201eDie M\u00f6we\u201c bricht eine der Schauspielerinnen spektakul\u00e4r auf offener B\u00fchne zusammen und stirbt. Schuld daran tr\u00e4gt das starke, euphorisierende Schmerzmittel Tilidin, das dem K\u00f6rper in einer \u00dcberdosis zugef\u00fcgt wurde. Von ihr selber? Schlie\u00dflich stand Nora Nielsen (Giulia Goldammer) zuletzt geh\u00f6rig unter Druck und hatte offenbar die Kontrolle \u00fcber sich verloren. Oder hat sie jemand vergiftet? Schnell ist klar: Es war Mord. Und so m\u00fcssen die Kommissare treppauf, treppab nach der Wahrheit suchen.\n  <\/p>\n<p>            \u201eTatort\u201c aus M\u00fcnchen: Schauspieler k\u00f6nnen ziemlich nerven<\/p>\n<p class=\"mb-6 text-xs md:text-m lg:text-l font-serif group-[.font-sans]:font-sans \">\n    Das stellt sich in diesem Falle als besonders nervig heraus, denn sie haben es mit lauter Schauspielerinnen und Schauspielern zu tun, die ge\u00fcbt darin sind, in Rollen einzutauchen und anderen etwas vorzuspielen. Weshalb sich Leitmayr, dem die Drehbuchautoren Norbert Baumgarten und Holger Joos wieder die besten Spr\u00fcche hingeschrieben haben, ungehalten mokiert: \u201eDieses Schauspielergehabe! Zitat hier, Zitat da! Manchmal w\u00e4re ein einfaches Ja oder Nein ganz sch\u00f6n.\u201c\n  <\/p>\n<p class=\"mb-6 text-xs md:text-m lg:text-l font-serif group-[.font-sans]:font-sans \">\n    St\u00e4ndig vermischt sich der Krimi mit Tschechows St\u00fcck, in dem es \u2013 aha! \u2013 um Schauspielerei geht, mit wenig Handlung und viel Gerede voller Eifers\u00fcchtelei und Bosheit. Nat\u00fcrlich bestimmen Eifers\u00fcchteleien und Missgunst auch das verd\u00e4chtige Theater-Ensemble. Die von der kaltherzigen Intendantin (Ann Stieblich) beschworene \u201egro\u00dfe Familie\u201c beharkt sich gerne mal in lauter Kleinkriegen, was als Handlungsidee nicht so irre neu daherkommt. Auch das Finale kommt Kennern der B\u00fccher von Agatha Christie verd\u00e4chtig bekannt vor, wenn der kleine dicke Detektiv Hercule Poirot vor der versammelten Verd\u00e4chtigenschar alle Indizien aufdr\u00f6selt und den T\u00e4ter entlarvt. Leitmayr und Batic d\u00fcrfen das auf der B\u00fchne tun, womit endg\u00fcltig Theater und TV verschmelzen.\n  <\/p>\n<p>            Wir werden Batic und Leitmayr vermissen <\/p>\n<p class=\"mb-6 text-xs md:text-m lg:text-l font-serif group-[.font-sans]:font-sans \">\n    Wie bei Tschechow gibt es in \u201eDas Verlangen\u201c wenig Handlung, zeitweilig wirkt die Folge selber wie ein Theaterst\u00fcck. Daf\u00fcr gl\u00e4nzt sie mit guten Dialogen \u2013 etwa h\u00fcbschen Anspielungen auf die Schauspielerei \u2013 und exzellenten Akteuren, die Regisseur Andreas Kleinert gerne, stimmungsvoll ausgeleuchtet, in Gro\u00dfaufnahme zeigt. \u00dcbrigens: <a href=\"https:\/\/www.augsburger-allgemeine.de\/bayern\/abschied-der-muenchner-tatort-legenden-batic-und-leitmayr-so-bewerten-sie-ihr-ende-110420906\" target=\"_self\" class=\"underline \" rel=\"noopener\">Dies war der vorvorletzte \u201eTatort\u201c<\/a> mit den beiden lakonischen Steingesichtern Leitmayr und Batic. Wir werden sie vermissen, wenn sie nicht mehr da sind. Aber wir haben wenigstens dann noch Kalli (Ferdinand Hofer).\n  <\/p>\n<p>      <a href=\"https:\/\/www.augsburger-allgemeine.de\/panorama\/Tatort-Kolumne-Jubilaeums-Tatort-Teil-zwei-Batic-und-Leitmayr-duerfen-mal-ganz-anders-sein-id58670151.html\" class=\"hidden  &#010;                md:block md:mr-5 md:min-w-[140px]  aspect-photo md:aspect-tv lg:aspect-tv w-fullXXX relative self-start inline overflow-hidden\" target=\"_blank\" rel=\"noopener\"><\/p>\n<p>    <img decoding=\"async\" src=\"https:\/\/images.mgpd.de\/img\/100482984\/crop\/c3_2-w100\/476104955\/2040271448\/tatort-kolumne-ronald-hinzpeter.jpg\" alt=\"Die Tatort-Kritik zur Fortsetzung der Jubil\u00e4umsfolge &quot;In der Familie&quot; stammt in dieser Woche von Ronald Hinzpeter.\" title=\"Die Tatort-Kritik zur Fortsetzung der Jubil\u00e4umsfolge &quot;In der Familie&quot; stammt in dieser Woche von Ronald Hinzpeter.\" class=\"h-full w-full object-cover\"\/><br \/>\n   <\/a><\/p>\n<ul data-module-id=\"DragDropModule\" class=\"flex flex-wrap justify-start group-[.no-bookmarks]:hidden\">\n<li class=\"mb-3 mr-3\">\n    Ronald Hinzpeter<\/p>\n<p>      Icon Haken im Kreis gesetzt<\/p>\n<p>      Icon Plus im Kreis<\/p>\n<\/li>\n<li class=\"mb-3 mr-3\">\n    Tatort<\/p>\n<p>      Icon Haken im Kreis gesetzt<\/p>\n<p>      Icon Plus im Kreis<\/p>\n<\/li>\n<li class=\"mb-3 mr-3\">\n    TV<\/p>\n<p>      Icon Haken im Kreis gesetzt<\/p>\n<p>      Icon Plus im Kreis<\/p>\n<\/li>\n<\/ul>\n","protected":false},"excerpt":{"rendered":"Zu Weihnachten darf es ja gerne mal schneien, auch wenn das in der Wirklichkeit nicht mehr allzu oft&hellip;\n","protected":false},"author":2,"featured_media":666662,"comment_status":"","ping_status":"","sticky":false,"template":"","format":"standard","meta":{"footnotes":""},"categories":[1827],"tags":[16118,223,772,29,30,78939,983,29617,1268,218,684,29615,12289],"class_list":{"0":"post-666661","1":"post","2":"type-post","3":"status-publish","4":"format-standard","5":"has-post-thumbnail","7":"category-muenchen","8":"tag-anton-tschechow","9":"tag-ard","10":"tag-bayern","11":"tag-deutschland","12":"tag-germany","13":"tag-ivo-batic","14":"tag-kripo","15":"tag-miroslav-nemec","16":"tag-muenchen","17":"tag-tatort","18":"tag-tv","19":"tag-udo-wachtveitl","20":"tag-weihnachten"},"share_on_mastodon":{"url":"https:\/\/pubeurope.com\/@de\/115768807321000610","error":""},"_links":{"self":[{"href":"https:\/\/www.europesays.com\/de\/wp-json\/wp\/v2\/posts\/666661","targetHints":{"allow":["GET"]}}],"collection":[{"href":"https:\/\/www.europesays.com\/de\/wp-json\/wp\/v2\/posts"}],"about":[{"href":"https:\/\/www.europesays.com\/de\/wp-json\/wp\/v2\/types\/post"}],"author":[{"embeddable":true,"href":"https:\/\/www.europesays.com\/de\/wp-json\/wp\/v2\/users\/2"}],"replies":[{"embeddable":true,"href":"https:\/\/www.europesays.com\/de\/wp-json\/wp\/v2\/comments?post=666661"}],"version-history":[{"count":0,"href":"https:\/\/www.europesays.com\/de\/wp-json\/wp\/v2\/posts\/666661\/revisions"}],"wp:featuredmedia":[{"embeddable":true,"href":"https:\/\/www.europesays.com\/de\/wp-json\/wp\/v2\/media\/666662"}],"wp:attachment":[{"href":"https:\/\/www.europesays.com\/de\/wp-json\/wp\/v2\/media?parent=666661"}],"wp:term":[{"taxonomy":"category","embeddable":true,"href":"https:\/\/www.europesays.com\/de\/wp-json\/wp\/v2\/categories?post=666661"},{"taxonomy":"post_tag","embeddable":true,"href":"https:\/\/www.europesays.com\/de\/wp-json\/wp\/v2\/tags?post=666661"}],"curies":[{"name":"wp","href":"https:\/\/api.w.org\/{rel}","templated":true}]}}