{"id":666669,"date":"2025-12-23T12:12:16","date_gmt":"2025-12-23T12:12:16","guid":{"rendered":"https:\/\/www.europesays.com\/de\/666669\/"},"modified":"2025-12-23T12:12:16","modified_gmt":"2025-12-23T12:12:16","slug":"verurteilter-straftaeter-nach-syrien-abgeschoben","status":"publish","type":"post","link":"https:\/\/www.europesays.com\/de\/666669\/","title":{"rendered":"Verurteilter Straft\u00e4ter nach Syrien abgeschoben"},"content":{"rendered":"<p class=\"tspAGen tspAGeo\">Erstmals seit Beginn des syrischen B\u00fcrgerkriegs hat Deutschland einen verurteilten Straft\u00e4ter nach Syrien abgeschoben. Er sei am Vormittag den Beh\u00f6rden in Damaskus \u00fcbergeben worden, teilte das Bundesinnenministerium mit. Der Mann habe in Nordrhein-Westfalen eine Haftstrafe wegen besonders schweren Raubes, K\u00f6rperverletzung und Erpressung verb\u00fc\u00dft. Zuvor berichtete die \u201eBild\u201c-Zeitung.<\/p>\n<p class=\"tspAGen\">Am Morgen war bereits ein Straft\u00e4ter nach Afghanistan abgeschoben worden. Es war nach Ministeriumsangaben die zweite Abschiebung eines afghanischen Straft\u00e4ters innerhalb einer Woche.\u00a0<\/p>\n<p> Abschiebungen auch nach Syrien im Koalitionsvertrag <\/p>\n<p class=\"tspAGen\">Bundesinnenminister Alexander Dobrindt (CSU) erkl\u00e4rte: \u201eAbschiebungen nach Syrien und Afghanistan m\u00fcssen m\u00f6glich sein. Unsere Gesellschaft hat ein berechtigtes Interesse daran, dass Straft\u00e4ter unser Land verlassen. Wir stehen f\u00fcr Kontrolle, Konsequenz und klare Kante.\u201c<\/p>\n<p class=\"tspAGen\">Auf die Abschiebung auch nach Syrien hatten sich Union und SPD im Koalitionsvertrag verst\u00e4ndigt. Dort hei\u00dft es: \u201eNach Afghanistan und Syrien werden wir abschieben \u2013 beginnend mit Straft\u00e4tern und Gef\u00e4hrdern.\u201c<\/p>\n<p class=\"tspAGen\">Der afghanische Straft\u00e4ter hatte in Bayern den Angaben nach unter anderemwegen vors\u00e4tzlicher K\u00f6rperverletzung im Gef\u00e4ngnis gesessen.<\/p>\n<p> Gespr\u00e4che mit syrischer Regierung und Vertretern Afghanistans <\/p>\n<p class=\"tspAGen\">Das Bundesinnenministerium habe in den vergangenen Monaten sowohl mit der syrischen Regierung als auch mit Vertretern der Verantwortlichen in Afghanistan Gespr\u00e4che gef\u00fchrt, hie\u00df es. Nun gebe es Vereinbarungen dar\u00fcber,dass Abschiebungen von Straft\u00e4tern und Gef\u00e4hrdern k\u00fcnftig regelhaft stattfinden k\u00f6nnten.<\/p>\n<p class=\"tspAGen\">Bundeskanzler Friedrich Merz (CDU) hatte zuletzt deutlich gemacht, dass er sich beim syrischen \u00dcbergangspr\u00e4sidenten Ahmed al-Scharaa pers\u00f6nlich f\u00fcr eine schnelle Wiederaufnahme der Abschiebungen nach Syrien einsetzen will. \u201eDer B\u00fcrgerkrieg in Syrien ist beendet. Es gibt jetzt keinerlei Gr\u00fcnde mehr f\u00fcr Asyl in Deutschland und deswegen k\u00f6nnen wir auch mit R\u00fcckf\u00fchrungen beginnen\u201c, sagte der CDU-Chef Anfang November in Schleswig-Holstein.\u00a0<\/p>\n<p class=\"tspAGen\">In Syrien wurde vor gut einem Jahr der langj\u00e4hrige Machthaber Baschar al-Assad durch die Islamistenmiliz HTS gest\u00fcrzt, angef\u00fchrt von al-Scharaa. Dieser wurde zum \u00dcbergangspr\u00e4sidenten ernannt und steuert das Land seitdem hin zu einer \u00d6ffnung und Ann\u00e4herung an den Westen.<\/p>\n<p class=\"tspAGen\">\u00a9 dpa-infocom, dpa:251223-930-461198\/2<\/p>\n<p class=\"tspAGen\">Das ist eine Nachricht direkt aus dem dpa-Newskanal.<\/p>\n","protected":false},"excerpt":{"rendered":"Erstmals seit Beginn des syrischen B\u00fcrgerkriegs hat Deutschland einen verurteilten Straft\u00e4ter nach Syrien abgeschoben. Er sei am Vormittag&hellip;\n","protected":false},"author":2,"featured_media":666670,"comment_status":"","ping_status":"","sticky":false,"template":"","format":"standard","meta":{"footnotes":""},"categories":[1816],"tags":[1960,1958,1959,1957,1956,1890,29,30],"class_list":{"0":"post-666669","1":"post","2":"type-post","3":"status-publish","4":"format-standard","5":"has-post-thumbnail","7":"category-brandenburg","8":"tag-aktuelle-nachrichten-aus-berlin-und-brandenburg","9":"tag-aktuelle-nachrichten-aus-brandenburg","10":"tag-aktuelle-news-aus-berlin-und-brandenburg","11":"tag-aktuelle-news-aus-brandenburg","12":"tag-berlin-und-brandenburg","13":"tag-brandenburg","14":"tag-deutschland","15":"tag-germany"},"share_on_mastodon":{"url":"https:\/\/pubeurope.com\/@de\/115768823354613991","error":""},"_links":{"self":[{"href":"https:\/\/www.europesays.com\/de\/wp-json\/wp\/v2\/posts\/666669","targetHints":{"allow":["GET"]}}],"collection":[{"href":"https:\/\/www.europesays.com\/de\/wp-json\/wp\/v2\/posts"}],"about":[{"href":"https:\/\/www.europesays.com\/de\/wp-json\/wp\/v2\/types\/post"}],"author":[{"embeddable":true,"href":"https:\/\/www.europesays.com\/de\/wp-json\/wp\/v2\/users\/2"}],"replies":[{"embeddable":true,"href":"https:\/\/www.europesays.com\/de\/wp-json\/wp\/v2\/comments?post=666669"}],"version-history":[{"count":0,"href":"https:\/\/www.europesays.com\/de\/wp-json\/wp\/v2\/posts\/666669\/revisions"}],"wp:featuredmedia":[{"embeddable":true,"href":"https:\/\/www.europesays.com\/de\/wp-json\/wp\/v2\/media\/666670"}],"wp:attachment":[{"href":"https:\/\/www.europesays.com\/de\/wp-json\/wp\/v2\/media?parent=666669"}],"wp:term":[{"taxonomy":"category","embeddable":true,"href":"https:\/\/www.europesays.com\/de\/wp-json\/wp\/v2\/categories?post=666669"},{"taxonomy":"post_tag","embeddable":true,"href":"https:\/\/www.europesays.com\/de\/wp-json\/wp\/v2\/tags?post=666669"}],"curies":[{"name":"wp","href":"https:\/\/api.w.org\/{rel}","templated":true}]}}