{"id":666671,"date":"2025-12-23T12:13:14","date_gmt":"2025-12-23T12:13:14","guid":{"rendered":"https:\/\/www.europesays.com\/de\/666671\/"},"modified":"2025-12-23T12:13:14","modified_gmt":"2025-12-23T12:13:14","slug":"neue-epstein-dokumente-veroeffentlicht-und-teilweise-wieder-geloescht","status":"publish","type":"post","link":"https:\/\/www.europesays.com\/de\/666671\/","title":{"rendered":"Neue Epstein-Dokumente ver\u00f6ffentlicht\u00a0\u2013 und teilweise wieder gel\u00f6scht"},"content":{"rendered":"<p class=\"tspAGen tspAGeo\">Nach scharfer Kritik an der unvollst\u00e4ndigen Ver\u00f6ffentlichung von Akten \u00fcber den verstorbenen Sexualstraft\u00e4ter Jeffrey Epstein hat das US-Justizministerium <strong>fast 8000 neue Dokumente online gestellt<\/strong>. Tausende Dokumente waren am Dienstag auf der Webseite des Ministeriums abrufbar, darunter Hunderte Video- und Audioaufnahmen. <\/p>\n<p class=\"tspAGen\">Unter den ver\u00f6ffentlichten Aufnahmen sind auch Dateien der \u00dcberwachungskamera der Gef\u00e4ngniszelle, in der Epstein im August 2019 tot aufgefunden wurde.\u00a0<\/p>\n<p class=\"tspAGen\">Zuvor hatte die US-Regierung am Mittwochnachmittag (Ortszeit) bereits weitere Dokumente zum <a href=\"https:\/\/www.tagesspiegel.de\/internationales\/erste-epstein-akten-veroffentlicht-was-steht-denn-jetzt-drin-15069549.html?icid=in-text-link_15076884\" class=\"link link--internal\" data-gtm-class=\"article-text-link\" data-gtm-val=\"internal\" target=\"_blank\" rel=\"noopener\">Fall des Sexualstraft\u00e4ters Jeffrey Epstein<\/a> ver\u00f6ffentlicht und diese<strong> kurz darauf wieder gel\u00f6scht. <\/strong><\/p>\n<p class=\"tspAGen\">Die Dateien, die <strong>offenbar Teil der Ermittlungsakten<\/strong> seien, seien mehrere Stunden lang auf der Webseite des Justizministeriums zum Download verf\u00fcgbar gewesen, berichteten die \u201eWashington Post\u201c und \u201ePolitico\u201c. Demnach handelte es sich um tausende Regierungsdokumente und E-Mails sowie Videos der Gef\u00e4ngnisbeh\u00f6rde.<\/p>\n<p> Bereits zuvor Dateien gel\u00f6scht <\/p>\n<p class=\"tspAGen\">Die Dateien, die den Zeitungen nach eigenen Angaben vorlagen, enthielten demnach <strong>unter anderem Informationen \u00fcber Fl\u00fcge von US-Pr\u00e4sident Donald Trump<\/strong> mit Epsteins Flugzeug. <\/p>\n<p class=\"tspAGen\">W\u00e4hrend einem dieser Fl\u00fcge sollen demnach nur <strong>Trump, Epstein und eine 20-j\u00e4hrige Frau an Bord <\/strong>gewesen sein. Au\u00dferdem sei ein <strong>Austausch zwischen Gef\u00e4ngnisbeamten \u00fcber Epsteins psychischen Zustand wenige Wochen vor dessen Tod ver\u00f6ffentlicht worden<\/strong>. Die US-Regierung \u00e4u\u00dferte sich auf Anfrage der Zeitungen nicht zu der Ver\u00f6ffentlichung.<\/p>\n<p class=\"tspAGen\">Das Justizministerium hatte am vergangenen Freitag<a href=\"https:\/\/www.tagesspiegel.de\/internationales\/hunderttausende-dokumente-freigegeben-us-regierung-veroffentlicht-teil-der-epstein-akten-15069134.html?icid=in-text-link_15076884\" class=\"link link--internal\" data-gtm-class=\"article-text-link\" data-gtm-val=\"internal\" target=\"_blank\" rel=\"noopener\"><strong> nach massivem Druck der \u00d6ffentlichkeit und des US-Parlaments Tausende Dateien auf seiner Webseite hochgeladen. <\/strong><\/a>Die Freigabe erfolgte am letzten Tag einer Frist, die dem Ministerium auferlegt worden war. <\/p>\n<p> Darum sind die Epstein-Akten so brisant <\/p>\n<p class=\"tspAGen\">Kurz nach der Ver\u00f6ffentlichung wurden <strong>mehrere Dateien vor\u00fcbergehend wieder gel\u00f6scht.<\/strong> Grund sei der Schutz von Opfern, hie\u00df es aus dem Ministerium. Aus dem Kongress hagelte es f\u00fcr die unvollst\u00e4ndige Ver\u00f6ffentlichung des Materials und die Schw\u00e4rzung vieler Dokumente Kritik.<\/p>\n<p class=\"tspAGen\">Der Fall Epstein besch\u00e4ftigt die \u00d6ffentlichkeit seit langem. <strong>\u00dcber Jahre hatte der Multimillion\u00e4r aus New York einen Missbrauchsring betrieben, dem Dutzende junge Frauen und Minderj\u00e4hrige zum Opfer fielen<\/strong>. Epstein soll minderj\u00e4hrige M\u00e4dchen mehrere Jahre auch selbst missbraucht haben. 2019 starb er mit 66 Jahren im Gef\u00e4ngnis.<\/p>\n<p> Mehr zum Thema:  <a href=\"https:\/\/www.tagesspiegel.de\/internationales\/trump-aussert-sich-erstmals-nach-akten-freigabe-ich-mag-die-bilder-von-bill-clinton-nicht-die-gezeigt-werden-15076456.html?icid=topic-list_15076884___\" data-gtm-class=\"article-mzt-link\" data-hydrate-fingerprint=\"09740a54944caac75fd2c0c63fd5c5df\" data-hydrate-props=\"{&amp;escapedquot;element&amp;escapedquot;:{&amp;escapedquot;type&amp;escapedquot;:&amp;escapedquot;relatedContent&amp;escapedquot;,&amp;escapedquot;fieldMap&amp;escapedquot;:{},&amp;escapedquot;relation&amp;escapedquot;:{&amp;escapedquot;fields&amp;escapedquot;:{&amp;escapedquot;isPaid&amp;escapedquot;:null},&amp;escapedquot;href&amp;escapedquot;:&amp;escapedquot;\/internationales\/trump-aussert-sich-erstmals-nach-akten-freigabe-ich-mag-die-bilder-von-bill-clinton-nicht-die-gezeigt-werden-15076456.html&amp;escapedquot;,&amp;escapedquot;teaserTitle&amp;escapedquot;:{&amp;escapedquot;kicker&amp;escapedquot;:&amp;escapedquot;Trump \u00e4u\u00dfert sich erstmals nach Akten-Freigabe&amp;escapedquot;,&amp;escapedquot;headline&amp;escapedquot;:&amp;escapedquot;\u201eIch mag die Bilder von Bill Clinton nicht, die gezeigt werden\u201c&amp;escapedquot;},&amp;escapedquot;id&amp;escapedquot;:&amp;escapedquot;15076456&amp;escapedquot;,&amp;escapedquot;type&amp;escapedquot;:&amp;escapedquot;story&amp;escapedquot;},&amp;escapedquot;isPartOfList&amp;escapedquot;:true,&amp;escapedquot;topicListType&amp;escapedquot;:&amp;escapedquot;topic-list&amp;escapedquot;},&amp;escapedquot;showArrow&amp;escapedquot;:true}\" data-hydrate-slots=\"{&#039;default&#039;:[]}\" class=\"tspBTll\" target=\"_blank\" rel=\"noopener\">Trump \u00e4u\u00dfert sich erstmals nach Akten-Freigabe \u201eIch mag die Bilder von Bill Clinton nicht, die gezeigt werden\u201c <\/a><a href=\"https:\/\/www.tagesspiegel.de\/internationales\/die-wahrheit-wird-ans-licht-kommen-virginias-giuffres-familie-uber-das-epstein-netzwerk-und-ghislaine-maxwell-15072504.html?icid=topic-list_15076884___\" data-gtm-class=\"article-mzt-link\" data-hydrate-fingerprint=\"09740a54944caac75fd2c0c63fd5c5df\" data-hydrate-props=\"{&amp;escapedquot;element&amp;escapedquot;:{&amp;escapedquot;type&amp;escapedquot;:&amp;escapedquot;relatedContent&amp;escapedquot;,&amp;escapedquot;fieldMap&amp;escapedquot;:{},&amp;escapedquot;relation&amp;escapedquot;:{&amp;escapedquot;fields&amp;escapedquot;:{&amp;escapedquot;isPaid&amp;escapedquot;:null},&amp;escapedquot;href&amp;escapedquot;:&amp;escapedquot;\/internationales\/die-wahrheit-wird-ans-licht-kommen-virginias-giuffres-familie-uber-das-epstein-netzwerk-und-ghislaine-maxwell-15072504.html&amp;escapedquot;,&amp;escapedquot;teaserTitle&amp;escapedquot;:{&amp;escapedquot;kicker&amp;escapedquot;:&amp;escapedquot;\u201eDie Wahrheit wird ans Licht kommen\u201c&amp;escapedquot;,&amp;escapedquot;headline&amp;escapedquot;:&amp;escapedquot;Virginias Giuffres Familie \u00fcber das Epstein-Netzwerk und Ghislaine Maxwell&amp;escapedquot;},&amp;escapedquot;id&amp;escapedquot;:&amp;escapedquot;15072504&amp;escapedquot;,&amp;escapedquot;type&amp;escapedquot;:&amp;escapedquot;story&amp;escapedquot;},&amp;escapedquot;isPartOfList&amp;escapedquot;:true,&amp;escapedquot;topicListType&amp;escapedquot;:&amp;escapedquot;topic-list&amp;escapedquot;},&amp;escapedquot;showArrow&amp;escapedquot;:true}\" data-hydrate-slots=\"{&#039;default&#039;:[]}\" class=\"tspBTll\" target=\"_blank\" rel=\"noopener\">\u201eDie Wahrheit wird ans Licht kommen\u201c Virginias Giuffres Familie \u00fcber das Epstein-Netzwerk und Ghislaine Maxwell <\/a><a href=\"https:\/\/www.tagesspiegel.de\/internationales\/tagliche-telefonate-besuche-und-model-partys-so-eng-war-die-freundschaft-zwischen-trump-und-epstein-15066882.html?icid=topic-list_15076884___\" data-gtm-class=\"article-mzt-link\" data-hydrate-fingerprint=\"09740a54944caac75fd2c0c63fd5c5df\" data-hydrate-props=\"{&amp;escapedquot;element&amp;escapedquot;:{&amp;escapedquot;type&amp;escapedquot;:&amp;escapedquot;relatedContent&amp;escapedquot;,&amp;escapedquot;fieldMap&amp;escapedquot;:{},&amp;escapedquot;relation&amp;escapedquot;:{&amp;escapedquot;fields&amp;escapedquot;:{&amp;escapedquot;isPaid&amp;escapedquot;:true},&amp;escapedquot;href&amp;escapedquot;:&amp;escapedquot;\/internationales\/tagliche-telefonate-besuche-und-model-partys-so-eng-war-die-freundschaft-zwischen-trump-und-epstein-15066882.html&amp;escapedquot;,&amp;escapedquot;teaserTitle&amp;escapedquot;:{&amp;escapedquot;kicker&amp;escapedquot;:&amp;escapedquot;T\u00e4gliche Telefonate, Besuche und Model-Partys&amp;escapedquot;,&amp;escapedquot;headline&amp;escapedquot;:&amp;escapedquot;So eng war die Freundschaft zwischen Trump und Epstein&amp;escapedquot;},&amp;escapedquot;id&amp;escapedquot;:&amp;escapedquot;15066882&amp;escapedquot;,&amp;escapedquot;type&amp;escapedquot;:&amp;escapedquot;story&amp;escapedquot;},&amp;escapedquot;isPartOfList&amp;escapedquot;:true,&amp;escapedquot;topicListType&amp;escapedquot;:&amp;escapedquot;topic-list&amp;escapedquot;},&amp;escapedquot;showArrow&amp;escapedquot;:true}\" data-hydrate-slots=\"{&#039;default&#039;:[]}\" class=\"tspBTll\" target=\"_blank\" rel=\"noopener\">T\u00e4gliche Telefonate, Besuche und Model-Partys So eng war die Freundschaft zwischen Trump und Epstein <\/a><\/p>\n<p class=\"tspAGen\">Der Finanzier hatte <strong>beste Kontakte in die High Society, was zahlreiche Spekulationen \u00fcber die Tragweite des Skandals mit sich brachte<\/strong>. Per Gesetz wurde schlie\u00dflich vor einem Monat die Ver\u00f6ffentlichung der Akten verf\u00fcgt, gegen die sich Trump lange gewehrt hatte. <\/p>\n<p class=\"tspAGen\">Der <a href=\"https:\/\/www.tagesspiegel.de\/internationales\/tagliche-telefonate-besuche-und-model-partys-so-eng-war-die-freundschaft-zwischen-trump-und-epstein-15066882.html?icid=in-text-link_15076884\" class=\"link link--internal\" data-gtm-class=\"article-text-link\" data-gtm-val=\"internal\" target=\"_blank\" rel=\"noopener\">US-Pr\u00e4sident kannte Epstein gut<\/a>, wie fr\u00fchere Fotos zeigen. Allerdings gibt es derzeit keine Hinweise auf eine Verwicklung des Republikaners in den Skandal. (dpa)<\/p>\n","protected":false},"excerpt":{"rendered":"Nach scharfer Kritik an der unvollst\u00e4ndigen Ver\u00f6ffentlichung von Akten \u00fcber den verstorbenen Sexualstraft\u00e4ter Jeffrey Epstein hat das US-Justizministerium&hellip;\n","protected":false},"author":2,"featured_media":666672,"comment_status":"","ping_status":"","sticky":false,"template":"","format":"standard","meta":{"footnotes":""},"categories":[1825],"tags":[1941,1939,296,1937,29,106,30,23542,1940,1938],"class_list":{"0":"post-666671","1":"post","2":"type-post","3":"status-publish","4":"format-standard","5":"has-post-thumbnail","7":"category-berlin","8":"tag-aktuelle-nachrichten-aus-berlin","9":"tag-aktuelle-news-aus-berlin","10":"tag-berlin","11":"tag-berlin-news","12":"tag-deutschland","13":"tag-donald-trump","14":"tag-germany","15":"tag-jeffrey-epstein","16":"tag-nachrichten-aus-berlin","17":"tag-news-aus-berlin"},"share_on_mastodon":{"url":"https:\/\/pubeurope.com\/@de\/115768828334889901","error":""},"_links":{"self":[{"href":"https:\/\/www.europesays.com\/de\/wp-json\/wp\/v2\/posts\/666671","targetHints":{"allow":["GET"]}}],"collection":[{"href":"https:\/\/www.europesays.com\/de\/wp-json\/wp\/v2\/posts"}],"about":[{"href":"https:\/\/www.europesays.com\/de\/wp-json\/wp\/v2\/types\/post"}],"author":[{"embeddable":true,"href":"https:\/\/www.europesays.com\/de\/wp-json\/wp\/v2\/users\/2"}],"replies":[{"embeddable":true,"href":"https:\/\/www.europesays.com\/de\/wp-json\/wp\/v2\/comments?post=666671"}],"version-history":[{"count":0,"href":"https:\/\/www.europesays.com\/de\/wp-json\/wp\/v2\/posts\/666671\/revisions"}],"wp:featuredmedia":[{"embeddable":true,"href":"https:\/\/www.europesays.com\/de\/wp-json\/wp\/v2\/media\/666672"}],"wp:attachment":[{"href":"https:\/\/www.europesays.com\/de\/wp-json\/wp\/v2\/media?parent=666671"}],"wp:term":[{"taxonomy":"category","embeddable":true,"href":"https:\/\/www.europesays.com\/de\/wp-json\/wp\/v2\/categories?post=666671"},{"taxonomy":"post_tag","embeddable":true,"href":"https:\/\/www.europesays.com\/de\/wp-json\/wp\/v2\/tags?post=666671"}],"curies":[{"name":"wp","href":"https:\/\/api.w.org\/{rel}","templated":true}]}}