{"id":666673,"date":"2025-12-23T12:14:16","date_gmt":"2025-12-23T12:14:16","guid":{"rendered":"https:\/\/www.europesays.com\/de\/666673\/"},"modified":"2025-12-23T12:14:16","modified_gmt":"2025-12-23T12:14:16","slug":"diese-hilfsangebote-und-notfallnummern-sind-erreichbar","status":"publish","type":"post","link":"https:\/\/www.europesays.com\/de\/666673\/","title":{"rendered":"Diese Hilfsangebote und Notfallnummern sind erreichbar"},"content":{"rendered":"<p>Es m\u00fcssen nicht immer die gro\u00dfen Katastrophen sein &#8211; auch fehlender Raclette-K\u00e4se, Windeln oder Tierfutter k\u00f6nnen nerven. Viele Gesch\u00e4fte des Einzelhandels schlie\u00dfen am 31. Dezember bereits fr\u00fcher als sonst, am 1. Januar bleiben sie aufgrund des gesetzlichen Feiertags geschlossen.<\/p>\n<p>Auf den Webseiten oder Apps fast aller <b>Superm\u00e4rkte, Discounter und Drogerien<\/b> lassen sich aber die jeweiligen \u00d6ffnungszeiten mit einem <b>Filialfinder <\/b>herausfinden.<\/p>\n<p>Praktisch ohne Ausnahmen &#8211; also auch an <a data-doctype=\"uebersicht\" href=\"https:\/\/www.rbb24.de\/thema\/silvester\/index.html\" target=\"_blank\" rel=\"noopener\">Silvester<\/a> und Neujahr &#8211; ge\u00f6ffnet sind <b>Gesch\u00e4fte an Bahnh\u00f6fen und an Flugh\u00e4fen<\/b>.<\/p>\n<p>Superm\u00e4rkte und Drogerien gibt es in Berlin an den Bahnh\u00f6fen <b>Hauptbahnhof, Ostbahnhof, Lichtenberg, Friedrichstra\u00dfe, S\u00fcdkreuz<\/b> und<b> Zoologischer Garten<\/b>. Dar\u00fcber hinaus gibt es mehrere Bio-Superm\u00e4rkte und einen Asia-Supermarkt an den <b>Bahnh\u00f6fen Gesundbrunnen, Ostkreuz<\/b> und <b>Potsdamer Platz<\/b>. Auch am <b>Flughafen BER<\/b> gibt es einen Supermarkt.<\/p>\n","protected":false},"excerpt":{"rendered":"Es m\u00fcssen nicht immer die gro\u00dfen Katastrophen sein &#8211; auch fehlender Raclette-K\u00e4se, Windeln oder Tierfutter k\u00f6nnen nerven. Viele&hellip;\n","protected":false},"author":2,"featured_media":666674,"comment_status":"","ping_status":"","sticky":false,"template":"","format":"standard","meta":{"footnotes":""},"categories":[1825],"tags":[296,1890,29,30,140715,136363],"class_list":{"0":"post-666673","1":"post","2":"type-post","3":"status-publish","4":"format-standard","5":"has-post-thumbnail","7":"category-berlin","8":"tag-berlin","9":"tag-brandenburg","10":"tag-deutschland","11":"tag-germany","12":"tag-rbb24silvester","13":"tag-rbb24weihnachten"},"share_on_mastodon":{"url":"https:\/\/pubeurope.com\/@de\/115768830411047971","error":""},"_links":{"self":[{"href":"https:\/\/www.europesays.com\/de\/wp-json\/wp\/v2\/posts\/666673","targetHints":{"allow":["GET"]}}],"collection":[{"href":"https:\/\/www.europesays.com\/de\/wp-json\/wp\/v2\/posts"}],"about":[{"href":"https:\/\/www.europesays.com\/de\/wp-json\/wp\/v2\/types\/post"}],"author":[{"embeddable":true,"href":"https:\/\/www.europesays.com\/de\/wp-json\/wp\/v2\/users\/2"}],"replies":[{"embeddable":true,"href":"https:\/\/www.europesays.com\/de\/wp-json\/wp\/v2\/comments?post=666673"}],"version-history":[{"count":0,"href":"https:\/\/www.europesays.com\/de\/wp-json\/wp\/v2\/posts\/666673\/revisions"}],"wp:featuredmedia":[{"embeddable":true,"href":"https:\/\/www.europesays.com\/de\/wp-json\/wp\/v2\/media\/666674"}],"wp:attachment":[{"href":"https:\/\/www.europesays.com\/de\/wp-json\/wp\/v2\/media?parent=666673"}],"wp:term":[{"taxonomy":"category","embeddable":true,"href":"https:\/\/www.europesays.com\/de\/wp-json\/wp\/v2\/categories?post=666673"},{"taxonomy":"post_tag","embeddable":true,"href":"https:\/\/www.europesays.com\/de\/wp-json\/wp\/v2\/tags?post=666673"}],"curies":[{"name":"wp","href":"https:\/\/api.w.org\/{rel}","templated":true}]}}