{"id":666675,"date":"2025-12-23T12:15:21","date_gmt":"2025-12-23T12:15:21","guid":{"rendered":"https:\/\/www.europesays.com\/de\/666675\/"},"modified":"2025-12-23T12:15:21","modified_gmt":"2025-12-23T12:15:21","slug":"so-fahren-berlins-busse-trams-und-u-bahnen-an-weihnachten-und-silvester","status":"publish","type":"post","link":"https:\/\/www.europesays.com\/de\/666675\/","title":{"rendered":"So fahren Berlins Busse, Trams und U-Bahnen an Weihnachten und Silvester"},"content":{"rendered":"<p class=\"tspAGen tspAGeo\">Fahrg\u00e4ste der Berliner Verkehrsbetriebe (BVG) m\u00fcssen sich an den Weihnachtstagen und zum Jahreswechsel auf angepasste Fahrpl\u00e4ne einstellen. Wie die BVG mitteilte, fahren ihre Busse, Trams und U-Bahnen an Heiligabend nach dem Samstagsfahrplan. Die U-Bahnen fahren an diesem Tag den Angaben zufolge von 8 bis 15.30 Uhr im F\u00fcnf-Minuten-Takt. Am ersten und auch am zweiten Weihnachtsfeiertag wird bei allen drei Verkehrsmitteln der Sonntagsfahrplan angeboten.\u00a0<\/p>\n<p class=\"tspAGen\">\u201eIn den N\u00e4chten 23.\/24. Dezember bis 27.\/28.12. verkehren alle U-Bahn-Linien (au\u00dfer U4) im durchgehenden Nachtverkehr\u201c, teilte das Verkehrsunternehmen zudem mit. <\/p>\n<p> Mehrere Bahnh\u00f6fe werden in der Silvesternacht gesperrt <\/p>\n<p class=\"tspAGen\">Auch in der Silvesternacht f\u00e4hrt die U-Bahn mit Ausnahme der Linie U4 durch. Bis circa 17 Uhr gilt der F\u00fcnf-Minuten-Takt, anschlie\u00dfend fahren die Bahnen alle zehn Minuten. Kurzfristige Einschr\u00e4nkungen beh\u00e4lt sich die BVG dennoch vor. Die U5 soll ab 16 Uhr nicht mehr am Bahnhof Brandenburger Tor halten und dort ohne Halt durchfahren \u2013 <a href=\"https:\/\/www.tagesspiegel.de\/berlin\/silvester-party-vor-dem-brandenburger-tor-so-lauft-die-sause-yeah-26-am-31-dezember-in-berlin-15075309.html?icid=in-text-link_15076166\" class=\"link link--internal\" data-gtm-class=\"article-text-link\" data-gtm-val=\"internal\" target=\"_blank\" rel=\"noopener\">dort findet die gro\u00dfe Silvesterparty statt.<\/a><\/p>\n<p class=\"tspAGen\">Zwischen Hauptbahnhof und Alexanderplatz kann es im Verlauf des Abends ebenfalls zu Schlie\u00dfungen einzelner Zug\u00e4nge oder ganzer Bahnh\u00f6fe kommen. Der Zugverkehr der U5 soll dabei dennoch so weit wie m\u00f6glich aufrechterhalten werden. Sp\u00e4testens ab 22 Uhr bis 0.30 Uhr ist die Linie jedoch ausschlie\u00dflich zwischen H\u00f6now und Alexanderplatz unterwegs. <\/p>\n<p> Samstagsfahrplan gilt auch f\u00fcr Tram und Bus <\/p>\n<p class=\"tspAGen\">Die Stra\u00dfenbahn f\u00e4hrt zum Gro\u00dfteil wie sonnabends, k\u00fcndigte das Unternehmen an. Zus\u00e4tzlich werden die Linien M2, M4, M6 und M8 gezielt verst\u00e4rkt. Zus\u00e4tzliche Z\u00fcge stehen auf Abruf bereit, um flexibel auf ein hohes Fahrgastaufkommen reagieren zu k\u00f6nnen. Dennoch werden von 16.30 Uhr bis 2 Uhr die Stra\u00dfenbahnen aus Sicherheitsgr\u00fcnden nicht \u00fcber den Alexanderplatz fahren. <\/p>\n<p> Mehr zur BVG <a href=\"https:\/\/www.tagesspiegel.de\/berlin\/neue-tram-hat-jahrelange-verspatung-bvg-hofft-noch-in-2025-auf-zulassung-der-urbanliner-strassenbahn-15058890.html?icid=topic-list_15076166___\" data-gtm-class=\"article-mzt-link\" data-hydrate-fingerprint=\"09740a54944caac75fd2c0c63fd5c5df\" data-hydrate-props=\"{&amp;escapedquot;element&amp;escapedquot;:{&amp;escapedquot;type&amp;escapedquot;:&amp;escapedquot;relatedContent&amp;escapedquot;,&amp;escapedquot;fieldMap&amp;escapedquot;:{},&amp;escapedquot;relation&amp;escapedquot;:{&amp;escapedquot;fields&amp;escapedquot;:{&amp;escapedquot;isPaid&amp;escapedquot;:true},&amp;escapedquot;href&amp;escapedquot;:&amp;escapedquot;\/berlin\/neue-tram-hat-jahrelange-verspatung-bvg-hofft-noch-in-2025-auf-zulassung-der-urbanliner-strassenbahn-15058890.html&amp;escapedquot;,&amp;escapedquot;teaserTitle&amp;escapedquot;:{&amp;escapedquot;kicker&amp;escapedquot;:&amp;escapedquot;Neue BVG-Stra\u00dfenbahn hat jahrelange Versp\u00e4tung&amp;escapedquot;,&amp;escapedquot;headline&amp;escapedquot;:&amp;escapedquot;Ab Februar darf der \u201eUrbanliner\u201c endlich fahren&amp;escapedquot;},&amp;escapedquot;id&amp;escapedquot;:&amp;escapedquot;15058890&amp;escapedquot;,&amp;escapedquot;type&amp;escapedquot;:&amp;escapedquot;story&amp;escapedquot;},&amp;escapedquot;isPartOfList&amp;escapedquot;:true,&amp;escapedquot;topicListType&amp;escapedquot;:&amp;escapedquot;topic-list&amp;escapedquot;},&amp;escapedquot;showArrow&amp;escapedquot;:true}\" data-hydrate-slots=\"{&#039;default&#039;:[]}\" class=\"tspBTll\" target=\"_blank\" rel=\"noopener\">Neue BVG-Stra\u00dfenbahn hat jahrelange Versp\u00e4tung Ab Februar darf der \u201eUrbanliner\u201c endlich fahren <\/a><a href=\"https:\/\/www.tagesspiegel.de\/berlin\/autonome-busse-werden-der-grosse-gamechanger-bvg-chef-falk-uber-seine-plane-fur-berlins-nahverkehr-15048463.html?icid=topic-list_15076166___\" data-gtm-class=\"article-mzt-link\" data-hydrate-fingerprint=\"09740a54944caac75fd2c0c63fd5c5df\" data-hydrate-props=\"{&amp;escapedquot;element&amp;escapedquot;:{&amp;escapedquot;type&amp;escapedquot;:&amp;escapedquot;relatedContent&amp;escapedquot;,&amp;escapedquot;fieldMap&amp;escapedquot;:{},&amp;escapedquot;relation&amp;escapedquot;:{&amp;escapedquot;fields&amp;escapedquot;:{&amp;escapedquot;isPaid&amp;escapedquot;:true},&amp;escapedquot;href&amp;escapedquot;:&amp;escapedquot;\/berlin\/autonome-busse-werden-der-grosse-gamechanger-bvg-chef-falk-uber-seine-plane-fur-berlins-nahverkehr-15048463.html&amp;escapedquot;,&amp;escapedquot;teaserTitle&amp;escapedquot;:{&amp;escapedquot;kicker&amp;escapedquot;:&amp;escapedquot;BVG-Chef Falk \u00fcber seine Pl\u00e4ne f\u00fcr Berlins Nahverkehr &amp;escapedquot;,&amp;escapedquot;headline&amp;escapedquot;:&amp;escapedquot;\u201eAutonome Busse werden der gro\u00dfe Gamechanger\u201c&amp;escapedquot;},&amp;escapedquot;id&amp;escapedquot;:&amp;escapedquot;15048463&amp;escapedquot;,&amp;escapedquot;type&amp;escapedquot;:&amp;escapedquot;story&amp;escapedquot;},&amp;escapedquot;isPartOfList&amp;escapedquot;:true,&amp;escapedquot;topicListType&amp;escapedquot;:&amp;escapedquot;topic-list&amp;escapedquot;},&amp;escapedquot;showArrow&amp;escapedquot;:true}\" data-hydrate-slots=\"{&#039;default&#039;:[]}\" class=\"tspBTll\" target=\"_blank\" rel=\"noopener\">BVG-Chef Falk \u00fcber seine Pl\u00e4ne f\u00fcr Berlins Nahverkehr  \u201eAutonome Busse werden der gro\u00dfe Gamechanger\u201c <\/a><a href=\"https:\/\/www.tagesspiegel.de\/berlin\/nach-jahren-des-stillstands-berlin-bekommt-drei-neue-busspuren-15045337.html?icid=topic-list_15076166___\" data-gtm-class=\"article-mzt-link\" data-hydrate-fingerprint=\"09740a54944caac75fd2c0c63fd5c5df\" data-hydrate-props=\"{&amp;escapedquot;element&amp;escapedquot;:{&amp;escapedquot;type&amp;escapedquot;:&amp;escapedquot;relatedContent&amp;escapedquot;,&amp;escapedquot;fieldMap&amp;escapedquot;:{},&amp;escapedquot;relation&amp;escapedquot;:{&amp;escapedquot;fields&amp;escapedquot;:{&amp;escapedquot;isPaid&amp;escapedquot;:true},&amp;escapedquot;href&amp;escapedquot;:&amp;escapedquot;\/berlin\/nach-jahren-des-stillstands-berlin-bekommt-drei-neue-busspuren-15045337.html&amp;escapedquot;,&amp;escapedquot;teaserTitle&amp;escapedquot;:{&amp;escapedquot;kicker&amp;escapedquot;:&amp;escapedquot;Nach Jahren des Stillstands&amp;escapedquot;,&amp;escapedquot;headline&amp;escapedquot;:&amp;escapedquot;Berlin bekommt drei neue Busspuren &amp;escapedquot;},&amp;escapedquot;id&amp;escapedquot;:&amp;escapedquot;15045337&amp;escapedquot;,&amp;escapedquot;type&amp;escapedquot;:&amp;escapedquot;story&amp;escapedquot;},&amp;escapedquot;isPartOfList&amp;escapedquot;:true,&amp;escapedquot;topicListType&amp;escapedquot;:&amp;escapedquot;topic-list&amp;escapedquot;},&amp;escapedquot;showArrow&amp;escapedquot;:true}\" data-hydrate-slots=\"{&#039;default&#039;:[]}\" class=\"tspBTll\" target=\"_blank\" rel=\"noopener\">Nach Jahren des Stillstands Berlin bekommt drei neue Busspuren  <\/a><\/p>\n<p class=\"tspAGen\">F\u00fcr die Busse gilt ebenfalls der Samstagsfahrplan. Auf mehreren M- und N-Linien soll das Angebot sogar verdichtet oder verl\u00e4ngert werden. Mehr als 4000 BVG-Angestellte sind nach Unternehmensauskunft in der Silvesternacht im Einsatz. (Tsp, dpa)<\/p>\n","protected":false},"excerpt":{"rendered":"Fahrg\u00e4ste der Berliner Verkehrsbetriebe (BVG) m\u00fcssen sich an den Weihnachtstagen und zum Jahreswechsel auf angepasste Fahrpl\u00e4ne einstellen. Wie&hellip;\n","protected":false},"author":2,"featured_media":666676,"comment_status":"","ping_status":"","sticky":false,"template":"","format":"standard","meta":{"footnotes":""},"categories":[1825],"tags":[9006,296,29,94201,30,2281,12289],"class_list":{"0":"post-666675","1":"post","2":"type-post","3":"status-publish","4":"format-standard","5":"has-post-thumbnail","7":"category-berlin","8":"tag-alexanderplatz","9":"tag-berlin","10":"tag-deutschland","11":"tag-fahrrad-und-verkehr-in-berlin","12":"tag-germany","13":"tag-silvester","14":"tag-weihnachten"},"share_on_mastodon":{"url":"","error":""},"_links":{"self":[{"href":"https:\/\/www.europesays.com\/de\/wp-json\/wp\/v2\/posts\/666675","targetHints":{"allow":["GET"]}}],"collection":[{"href":"https:\/\/www.europesays.com\/de\/wp-json\/wp\/v2\/posts"}],"about":[{"href":"https:\/\/www.europesays.com\/de\/wp-json\/wp\/v2\/types\/post"}],"author":[{"embeddable":true,"href":"https:\/\/www.europesays.com\/de\/wp-json\/wp\/v2\/users\/2"}],"replies":[{"embeddable":true,"href":"https:\/\/www.europesays.com\/de\/wp-json\/wp\/v2\/comments?post=666675"}],"version-history":[{"count":0,"href":"https:\/\/www.europesays.com\/de\/wp-json\/wp\/v2\/posts\/666675\/revisions"}],"wp:featuredmedia":[{"embeddable":true,"href":"https:\/\/www.europesays.com\/de\/wp-json\/wp\/v2\/media\/666676"}],"wp:attachment":[{"href":"https:\/\/www.europesays.com\/de\/wp-json\/wp\/v2\/media?parent=666675"}],"wp:term":[{"taxonomy":"category","embeddable":true,"href":"https:\/\/www.europesays.com\/de\/wp-json\/wp\/v2\/categories?post=666675"},{"taxonomy":"post_tag","embeddable":true,"href":"https:\/\/www.europesays.com\/de\/wp-json\/wp\/v2\/tags?post=666675"}],"curies":[{"name":"wp","href":"https:\/\/api.w.org\/{rel}","templated":true}]}}