{"id":666677,"date":"2025-12-23T12:16:31","date_gmt":"2025-12-23T12:16:31","guid":{"rendered":"https:\/\/www.europesays.com\/de\/666677\/"},"modified":"2025-12-23T12:16:31","modified_gmt":"2025-12-23T12:16:31","slug":"feine-sahne-fischfilet-in-der-max-schmeling-halle","status":"publish","type":"post","link":"https:\/\/www.europesays.com\/de\/666677\/","title":{"rendered":"Feine Sahne Fischfilet\u00a0in der Max-Schmeling-Halle"},"content":{"rendered":"<p>Schnell rollt die Party aber dann zum Gl\u00fcck weiter. Die Band spart auch nicht an alten Hits, im Publikum werden Pyros gez\u00fcndet. Schwer verboten und man fragt sich: Wie haben die die reinbekommen? Ist bestimmt gef\u00e4hrlich, sieht aber zugegeben echt toll aus. Alle springen wie wild durcheinander.<\/p>\n<p>Und dann gibt es noch einen kleinen Schockmoment. Die Band stoppt. Einige Fans br\u00fcllen: Sanit\u00e4ter, Sanit\u00e4ter. Ein Mann liegt da und steht nicht mehr auf. Vorbildlich bildet das Publikum Rettungsgassen und l\u00e4sst die Sanit\u00e4ter arbeiten. Monchi klettert in den Zuschauerraum, sieht nach dem Mann. Mucksm\u00e4uschenstill wird es in der Halle. Dann Entwarnung. Der Mann steht wieder. Weiter gehts.<\/p>\n<p>Am Ende kommt ein Shantychor in Seemannshemden und Fischerh\u00fcten und singt mit und nat\u00fcrlich: Bei &#8222;echten M\u00e4nnern&#8220; kreist auch da wieder ein, diesmal \u00fcberdimensionaler, Flachmann. \u00dcber zwei Stunden geht der Gig. Am Ende ist das Publikum geschaffter als die Band. Feine Sahne Fischfilet sind zwar nicht mehr so spannend, \u00fcberw\u00e4ltigend und roh wie sie mal waren, aber sie liefern ein erstklassiges, Mehrzweckhallen-taugliches Entertainmentprodukt ab, was ihre Kunden, also Fans, begeistert nach Hause schickt. Das ist doch was.<\/p>\n","protected":false},"excerpt":{"rendered":"Schnell rollt die Party aber dann zum Gl\u00fcck weiter. Die Band spart auch nicht an alten Hits, im&hellip;\n","protected":false},"author":2,"featured_media":666678,"comment_status":"","ping_status":"","sticky":false,"template":"","format":"standard","meta":{"footnotes":""},"categories":[1825],"tags":[296,29,30,134994],"class_list":{"0":"post-666677","1":"post","2":"type-post","3":"status-publish","4":"format-standard","5":"has-post-thumbnail","7":"category-berlin","8":"tag-berlin","9":"tag-deutschland","10":"tag-germany","11":"tag-rbb24konzert"},"share_on_mastodon":{"url":"https:\/\/pubeurope.com\/@de\/115768838606721215","error":""},"_links":{"self":[{"href":"https:\/\/www.europesays.com\/de\/wp-json\/wp\/v2\/posts\/666677","targetHints":{"allow":["GET"]}}],"collection":[{"href":"https:\/\/www.europesays.com\/de\/wp-json\/wp\/v2\/posts"}],"about":[{"href":"https:\/\/www.europesays.com\/de\/wp-json\/wp\/v2\/types\/post"}],"author":[{"embeddable":true,"href":"https:\/\/www.europesays.com\/de\/wp-json\/wp\/v2\/users\/2"}],"replies":[{"embeddable":true,"href":"https:\/\/www.europesays.com\/de\/wp-json\/wp\/v2\/comments?post=666677"}],"version-history":[{"count":0,"href":"https:\/\/www.europesays.com\/de\/wp-json\/wp\/v2\/posts\/666677\/revisions"}],"wp:featuredmedia":[{"embeddable":true,"href":"https:\/\/www.europesays.com\/de\/wp-json\/wp\/v2\/media\/666678"}],"wp:attachment":[{"href":"https:\/\/www.europesays.com\/de\/wp-json\/wp\/v2\/media?parent=666677"}],"wp:term":[{"taxonomy":"category","embeddable":true,"href":"https:\/\/www.europesays.com\/de\/wp-json\/wp\/v2\/categories?post=666677"},{"taxonomy":"post_tag","embeddable":true,"href":"https:\/\/www.europesays.com\/de\/wp-json\/wp\/v2\/tags?post=666677"}],"curies":[{"name":"wp","href":"https:\/\/api.w.org\/{rel}","templated":true}]}}