{"id":666688,"date":"2025-12-23T12:23:16","date_gmt":"2025-12-23T12:23:16","guid":{"rendered":"https:\/\/www.europesays.com\/de\/666688\/"},"modified":"2025-12-23T12:23:16","modified_gmt":"2025-12-23T12:23:16","slug":"film-therapie-fuer-wikinger-zwischen-groteske-und-wahnsinn","status":"publish","type":"post","link":"https:\/\/www.europesays.com\/de\/666688\/","title":{"rendered":"Film &#8222;Therapie f\u00fcr Wikinger&#8220;: Zwischen Groteske und Wahnsinn"},"content":{"rendered":"<p>        <img decoding=\"async\" src=\"https:\/\/www.europesays.com\/de\/wp-content\/uploads\/2025\/12\/therapiefuerwikinger-104.webp\" alt=\"Mads Mikkelsen sitzt mit dem R\u00fccken zu einem Mikrophon und einem Van neben einem Tisch mit Weinflaschen\" title=\"Therapie f\u00fcr Wikinger : Mads Mikkelsen | Neue Visionen Filmverleih \/ Splendid Film\" class=\"responsive\"\/><\/p>\n<p>AUDIO: Film &#8222;Therapie f\u00fcr Wikinger&#8220;: Zwischen Groteske und Wahnsinn (3 Min)<\/p>\n<p>\n                Stand: 23.12.2025 09:03 Uhr<\/p>\n<p class=\"preface\">Mit Filmen wie &#8222;D\u00e4nische Delikatessen&#8220; oder &#8222;Adams \u00c4pfel&#8220; hat Regisseur Anders Thomas Jensen bitterb\u00f6sen Humor in verschrobenen Kom\u00f6dien salonf\u00e4hig gemacht. Nun folgt die n\u00e4chste Groteske: &#8222;Therapie f\u00fcr Wikinger&#8220;.<\/p>\n<p class=\"textauthor\">von Anna Wollner<\/p>\n<blockquote><p>\n        &#8211; Was ist los, Anker? Sie sagen, es gibt einen Toten.<br \/>&#8211; Pack meine Tasche Freya, Manfred. Du musst mir jetzt zuh\u00f6ren. Ich muss f\u00fcr eine Weile weg. Du musst was f\u00fcr mich tun. <br \/>&#8211; Wohin musst du fahren?\u00a0 Du sollst auch hier sein.<br \/>&#8211; Ja ja, ich komme zur\u00fcck.<\/p>\n<p>                Filmszene<\/p>\n<\/blockquote>\n<p class=\"\">Es folgt eine klare Anweisung von Anker an seinen j\u00fcngeren Bruder Manfred. Er soll einen Schl\u00fcssel schlucken, immer und immer wieder &#8211; und wenn sich alles beruhigt hat, die Beute sicherstellen.<\/p>\n<blockquote><p>\n        In dem Schlie\u00dffach ist eine Tasche. Diese Tasche holst du und vergr\u00e4bst sie im Wald bei Mamas Haus. An dem runden Eichentisch, an dem du immer Geburtstag gefeiert hast.<\/p>\n<p>                Filmszene<\/p>\n<\/blockquote>\n<p>    15 Jahre und eine Identit\u00e4t sp\u00e4ter<\/p>\n<p class=\"\">15 Jahre sp\u00e4ter, Anker ist nach seiner Festnahme mittlerweile wegen guter F\u00fchrung aus dem Gef\u00e4ngnis entlassen, will er Manfred bitten, ihm den genauen Ort zu zeigen. Allerdings gibt es ein kleines Problem.<\/p>\n<blockquote><p>\n        &#8211; Das hab ich vergessen, er hei\u00dft jetzt John. <br \/>&#8211; Wieso? <br \/>&#8211; Na, weil er nicht mehr Manfred hei\u00dfen will. Alle nennen ihn John, weil er es so will. <br \/>&#8211; Warum willst du nicht mehr Manfred hei\u00dfen? <br \/>&#8211; Du kannst nicht nach Hause kommen und glauben, alles laufe so wie fr\u00fcher.<\/p>\n<p>                Filmszene<\/p>\n<\/blockquote>\n<p class=\"\">Manfred leidet unter einer dissoziativen Pers\u00f6nlichkeitsst\u00f6rung, hat seine Identit\u00e4t Manfred abgelegt und damit dummerweise auch alle Erinnerungen. Anker treibt er damit bis zur Wei\u00dfglut.<\/p>\n<blockquote><p>\n        &#8211; Wo ist die Tasche vergraben Manfred? <br \/>&#8211; Ich wei\u00df nicht, mit wem du redest. <br \/>&#8211; H\u00f6r damit auf, es nervt wirklich. Warum bitte John?<br \/>&#8211; Ich bin John!<br \/>&#8211; Aber warum bist du John?<br \/>&#8211; Warum bist du Anker?<\/p>\n<p>                Filmszene<\/p>\n<\/blockquote>\n<p>    Die ungew\u00f6hnliche Verbindung zweier Br\u00fcder<\/p>\n<p>                    <a href=\"https:\/\/www.europesays.com\/de\/wp-content\/uploads\/2025\/12\/therapiefuerwikinger-102.webp\" class=\"zoomimage\" title=\"Bild vergr\u00f6\u00dfern\"><\/p>\n<p>        <img decoding=\"async\" src=\"https:\/\/www.europesays.com\/de\/wp-content\/uploads\/2025\/12\/therapiefuerwikinger-102.webp\" alt=\"Mads Mikkelsen, Nikolaj Lie Kaas mit einem Spaten in der Hand stehen auf einem Moosteppich im Wald\" title=\"Kein Ged\u00e4chtnis - keine Tasche. Anker und sein Bruder auf der Suche nach der Beute. | Neue Visionen Filmverleih \/ Splendid Film\" class=\"responsive\" loading=\"lazy\"\/><\/p>\n<p>                    <\/a><\/p>\n<p>                    Kein Ged\u00e4chtnis &#8211; keine Tasche. Anker und sein Bruder auf der Suche nach der Beute.<\/p>\n<p class=\"\">Das ist nur ungef\u00e4hr die erste H\u00e4lfte von Anders Thomas Jensen Groteske. Denn im Haus der Mutter, abgelegen im Wald, befindet sich mittlerweile ein Airbnb f\u00fcr gestrandete Seelen. Und Manfred trifft dank der Hilfe des Psychiaters Lothar auf Gleichgesinnte. Sprich: andere M\u00e4nner, die sich auch wie er f\u00fcr einen der Beatles halten<\/p>\n<p class=\"\">&#8222;Therapie f\u00fcr Wikinger&#8220; ist eine bitterb\u00f6se Groteske und zeitgleich ein sehr z\u00e4rtlicher Film \u00fcber ungew\u00f6hnliche Bande zwischen zwei Br\u00fcdern. Die beiden Hauptdarsteller Nikolaj Lie Kaas und Mads Mikkelsen stehen hier das sechste Mal gemeinsam f\u00fcr Anders Thomas Jensen vor der Kamera, verstehen sich in ihrem \u00fcbertrieben durchgeknallten Spiel blind, zelebrieren gerade in der zweiten H\u00e4lfte ausufernde Gewalt. F\u00fcr Regisseur Jensen ein bewusstes Kalk\u00fcl.<\/p>\n<p>    Gewalt als dramaturgisches Mittel<\/p>\n<p class=\"\">&#8222;Gewalt ist wie Liebe. Sie ist ein m\u00e4chtiges dramaturgisches Mittel&#8220;, findet der Regisseur. &#8222;Wenn man das Publikum \u00fcberraschen will, wenn man das B\u00f6se sehr wirkungsvoll darstellen will, dann funktioniert Gewalt im Drama. Ich meine, wenn Hamlet zehn Minuten l\u00e4nger gedauert h\u00e4tte, h\u00e4tte er die erste Reihe im Theater umgebracht. Es gab das schon immer, und es ist ein Spiegelbild des Lebens, oder?&#8220;<\/p>\n<p class=\"\">Trotzdem &#8211; oder gerade deswegen ist &#8222;Therapie f\u00fcr Wikinger&#8220; eine gro\u00dfherzige Fabel \u00fcber Toleranz, Zusammengeh\u00f6rigkeit und Selbstverwirklichung. Getreu dem Motto des Films: Wenn alle kaputt sind, ist niemand kaputt. Eine sch\u00f6ne Botschaft &#8211; gerade auch f\u00fcr Weihnachten.<\/p>\n<p>        <img decoding=\"async\" src=\"https:\/\/www.europesays.com\/de\/wp-content\/uploads\/2025\/12\/1766492596_0_queenoffuckingeverything-100.webp\" alt=\"Eine Frau betrachtet nachdenklich ihr Spiegelbild\" title=\"Linda (Laura Malmivaara) denkt \u00fcber Auswege aus ihrer finanziellen Krise nach.  | \u00a9 ZDF und Jaakko Kahilaniemi.\" class=\"responsive\" loading=\"lazy\"\/><\/p>\n<p>Der Schwerpunkt unserer Tipps liegt in dieser Woche im Norden &#8211; mit zwei skurrilen Serien und einer Doku \u00fcber Mikkelsen.<\/p>\n<p>        <a href=\"https:\/\/www.europesays.com\/de\/wp-content\/uploads\/2025\/12\/therapiefuerwikinger-104.webp\" class=\"zoomimage\" title=\"Bild vergr\u00f6\u00dfern\"><\/p>\n<p>        <img decoding=\"async\" src=\"https:\/\/www.europesays.com\/de\/wp-content\/uploads\/2025\/12\/therapiefuerwikinger-104.webp\" alt=\"Mads Mikkelsen sitzt mit dem R\u00fccken zu einem Mikrophon und einem Van neben einem Tisch mit Weinflaschen\" title=\"Therapie f\u00fcr Wikinger : Mads Mikkelsen | Neue Visionen Filmverleih \/ Splendid Film\" class=\"responsive\" loading=\"lazy\"\/><\/p>\n<p>        <\/a><\/p>\n<p>      &#8222;Therapie f\u00fcr Wikinger&#8220;<\/p>\n<dl>\n<dt class=\"dtHidden\">Genre:<\/dt>\n<dd>Drama<\/dd>\n<dt>Ver\u00f6ffentlichung:<\/dt>\n<dd>25. Dezember 2025<\/dd>\n<\/dl>\n","protected":false},"excerpt":{"rendered":"AUDIO: Film &#8222;Therapie f\u00fcr Wikinger&#8220;: Zwischen Groteske und Wahnsinn (3 Min) Stand: 23.12.2025 09:03 Uhr Mit Filmen wie&hellip;\n","protected":false},"author":2,"featured_media":666689,"comment_status":"","ping_status":"","sticky":false,"template":"","format":"standard","meta":{"footnotes":""},"categories":[1771],"tags":[1778,29,214,92,30,95,1777,5284,155389,215],"class_list":{"0":"post-666688","1":"post","2":"type-post","3":"status-publish","4":"format-standard","5":"has-post-thumbnail","7":"category-kino","8":"tag-cinema","9":"tag-deutschland","10":"tag-entertainment","11":"tag-film","12":"tag-germany","13":"tag-kino","14":"tag-movie","15":"tag-spielfilm","16":"tag-therapie-fuer-wikinger","17":"tag-unterhaltung"},"share_on_mastodon":{"url":"https:\/\/pubeurope.com\/@de\/115768867385827641","error":""},"_links":{"self":[{"href":"https:\/\/www.europesays.com\/de\/wp-json\/wp\/v2\/posts\/666688","targetHints":{"allow":["GET"]}}],"collection":[{"href":"https:\/\/www.europesays.com\/de\/wp-json\/wp\/v2\/posts"}],"about":[{"href":"https:\/\/www.europesays.com\/de\/wp-json\/wp\/v2\/types\/post"}],"author":[{"embeddable":true,"href":"https:\/\/www.europesays.com\/de\/wp-json\/wp\/v2\/users\/2"}],"replies":[{"embeddable":true,"href":"https:\/\/www.europesays.com\/de\/wp-json\/wp\/v2\/comments?post=666688"}],"version-history":[{"count":0,"href":"https:\/\/www.europesays.com\/de\/wp-json\/wp\/v2\/posts\/666688\/revisions"}],"wp:featuredmedia":[{"embeddable":true,"href":"https:\/\/www.europesays.com\/de\/wp-json\/wp\/v2\/media\/666689"}],"wp:attachment":[{"href":"https:\/\/www.europesays.com\/de\/wp-json\/wp\/v2\/media?parent=666688"}],"wp:term":[{"taxonomy":"category","embeddable":true,"href":"https:\/\/www.europesays.com\/de\/wp-json\/wp\/v2\/categories?post=666688"},{"taxonomy":"post_tag","embeddable":true,"href":"https:\/\/www.europesays.com\/de\/wp-json\/wp\/v2\/tags?post=666688"}],"curies":[{"name":"wp","href":"https:\/\/api.w.org\/{rel}","templated":true}]}}