{"id":666692,"date":"2025-12-23T12:25:13","date_gmt":"2025-12-23T12:25:13","guid":{"rendered":"https:\/\/www.europesays.com\/de\/666692\/"},"modified":"2025-12-23T12:25:13","modified_gmt":"2025-12-23T12:25:13","slug":"haidara-verlaesst-rb-leipzig-und-wechselt-zum-rc-lens-kleine-abloese-fliesst","status":"publish","type":"post","link":"https:\/\/www.europesays.com\/de\/666692\/","title":{"rendered":"Haidara verl\u00e4sst RB Leipzig und wechselt zum RC Lens \u2013 Kleine Abl\u00f6se flie\u00dft"},"content":{"rendered":"<p>Nach sieben Jahren\u00a0<\/p>\n<p>                                    <img decoding=\"async\" src=\"https:\/\/www.europesays.com\/de\/wp-content\/uploads\/2025\/12\/amadou-haidara-rb-leipzig-2025-2026-1763113310-182824.jpg\" title=\"Haidara verl\u00e4sst RB Leipzig und wechselt zum RC Lens \u2013 Kleine Abl\u00f6se flie\u00dft\" alt=\"Haidara verl\u00e4sst RB Leipzig und wechselt zum RC Lens \u2013 Kleine Abl\u00f6se flie\u00dft\"\/><\/p>\n<p>\n                                       \u00a9IMAGO\n                                    <\/p>\n<p>Nach sieben Jahren verl\u00e4sst <a title=\"Amadou Haidara\" href=\"https:\/\/www.transfermarkt.de\/amadou-haidara\/profil\/spieler\/402008\" target=\"_blank\" rel=\"noopener\">Amadou Haidara<\/a> <a title=\"RB Leipzig\" href=\"https:\/\/www.transfermarkt.de\/rb-leipzig\/startseite\/verein\/23826\" target=\"_blank\" rel=\"noopener\">RB Leipzig<\/a>. Der 27 Jahre alte zentrale Mittelfeldspieler wechselt in die <a title=\"Ligue 1\" href=\"https:\/\/www.transfermarkt.de\/ligue-1\/startseite\/wettbewerb\/FR1\" target=\"_blank\" rel=\"noopener\">Ligue 1<\/a> zum <a title=\"RC Lens\" href=\"https:\/\/www.transfermarkt.de\/rc-lens\/startseite\/verein\/826\" target=\"_blank\" rel=\"noopener\">RC Lens<\/a>. Haidara, der aktuell mit Mali beim Afrika-Cup weilt, hatte in dieser Saison bislang keine Rolle bei den Roten Bullen gespielt und noch keine Partie bestritten. Mit Lens, wo er bis 2029 unterschrieb, geht er zum aktuellen Tabellenersten in Frankreich.<\/p>\n<p><\/p>\n<p>Haidaras Arbeitspapier in Leipzig w\u00e4re urspr\u00fcnglich im Sommer ausgelaufen. Nun wird noch eine kleine Abl\u00f6se f\u00e4llig, die laut \u201eSky\u201c im Bereich von einer Million bis 1,5 Millionen Euro liegen soll. Bei Transferreporter Fabrizio Romano ist hingegen von 3 Mio. Euro die Rede, darin enthalten sind Boni. Der Mittelfeldmann, f\u00fcr den die Sachsen einst 19 Mio. Euro zahlten, verl\u00e4sst den Klub nach 222 Partien, <a href=\"https:\/\/www.transfermarkt.de\/rasenballsport-leipzig\/rekordspieler\/verein\/23826\" target=\"_blank\" rel=\"noopener\">womit er zur Top-10 der Rekordspieler geh\u00f6rt<\/a>.<\/p>\n<p><\/p>\n<p>\u201eDoudou war \u00fcber viele Jahre ein sehr wichtiger Spieler f\u00fcr RB Leipzig. Auf dem Platz hat er unserem Mittelfeld mit seiner Spielintelligenz und seiner Zweikampfst\u00e4rke viel Struktur verliehen, gleichzeitig hat er sich auch abseits des Rasens gro\u00dfe Anerkennung erarbeitet und war insbesondere f\u00fcr unsere jungen, franz\u00f6sischsprachigen Spieler eine wichtige Bezugsperson. Er hat im letzten halben Jahr, das f\u00fcr ihn pers\u00f6nlich nicht einfach war, einmal mehr seinen einwandfreien Charakter unter Beweis gestellt, sich nie h\u00e4ngen lassen und vorbildlich verhalten. Daher w\u00fcnschen wir ihm f\u00fcr den Afrika-Cup und seinen n\u00e4chsten Schritt beim RC Lens selbstverst\u00e4ndlich sportlich wie pers\u00f6nlich maximalen Erfolg\u201c, sagte Sport-Gesch\u00e4ftsf\u00fchrer Marcel Sch\u00e4fer.<\/p>\n<p><\/p>\n<p>Haidara erkl\u00e4rte: \u201eIch bin sehr dankbar f\u00fcr diese intensive, erfolgreiche und emotionale Zeit in Leipzig. Seit meinem ersten Tag habe ich die gro\u00dfe Wertsch\u00e4tzung des Klubs und der Fans gesp\u00fcrt \u2013 daf\u00fcr m\u00f6chte ich mich von Herzen bedanken. RB Leipzig ist f\u00fcr mich zu einer zweiten Familie geworden. Besonders die beiden Pokalsiege und die gemeinsamen Erfolge mit unseren Fans werden mir immer in Erinnerung bleiben. Es war eine wundersch\u00f6ne Reise \u2013 doch jetzt ist der richtige Moment gekommen, ein neues Kapitel in meiner Karriere aufzuschlagen.\u201c<\/p>\n","protected":false},"excerpt":{"rendered":"Nach sieben Jahren\u00a0 \u00a9IMAGO Nach sieben Jahren verl\u00e4sst Amadou Haidara RB Leipzig. Der 27 Jahre alte zentrale Mittelfeldspieler&hellip;\n","protected":false},"author":2,"featured_media":666693,"comment_status":"","ping_status":"","sticky":false,"template":"","format":"standard","meta":{"footnotes":""},"categories":[136],"tags":[95565,299,29,30,4445,1655,57260,265],"class_list":{"0":"post-666692","1":"post","2":"type-post","3":"status-publish","4":"format-standard","5":"has-post-thumbnail","7":"category-sport","8":"tag-amadou-haidara","9":"tag-bundesliga","10":"tag-deutschland","11":"tag-germany","12":"tag-ligue-1","13":"tag-rb-leipzig","14":"tag-rc-lens","15":"tag-sport"},"share_on_mastodon":{"url":"https:\/\/pubeurope.com\/@de\/115768874768803170","error":""},"_links":{"self":[{"href":"https:\/\/www.europesays.com\/de\/wp-json\/wp\/v2\/posts\/666692","targetHints":{"allow":["GET"]}}],"collection":[{"href":"https:\/\/www.europesays.com\/de\/wp-json\/wp\/v2\/posts"}],"about":[{"href":"https:\/\/www.europesays.com\/de\/wp-json\/wp\/v2\/types\/post"}],"author":[{"embeddable":true,"href":"https:\/\/www.europesays.com\/de\/wp-json\/wp\/v2\/users\/2"}],"replies":[{"embeddable":true,"href":"https:\/\/www.europesays.com\/de\/wp-json\/wp\/v2\/comments?post=666692"}],"version-history":[{"count":0,"href":"https:\/\/www.europesays.com\/de\/wp-json\/wp\/v2\/posts\/666692\/revisions"}],"wp:featuredmedia":[{"embeddable":true,"href":"https:\/\/www.europesays.com\/de\/wp-json\/wp\/v2\/media\/666693"}],"wp:attachment":[{"href":"https:\/\/www.europesays.com\/de\/wp-json\/wp\/v2\/media?parent=666692"}],"wp:term":[{"taxonomy":"category","embeddable":true,"href":"https:\/\/www.europesays.com\/de\/wp-json\/wp\/v2\/categories?post=666692"},{"taxonomy":"post_tag","embeddable":true,"href":"https:\/\/www.europesays.com\/de\/wp-json\/wp\/v2\/tags?post=666692"}],"curies":[{"name":"wp","href":"https:\/\/api.w.org\/{rel}","templated":true}]}}