{"id":666694,"date":"2025-12-23T12:26:28","date_gmt":"2025-12-23T12:26:28","guid":{"rendered":"https:\/\/www.europesays.com\/de\/666694\/"},"modified":"2025-12-23T12:26:28","modified_gmt":"2025-12-23T12:26:28","slug":"kurz-vor-weihnachten-harry-und-meghan-kuendigen-mitarbeitern-ihrer-stiftung-panorama","status":"publish","type":"post","link":"https:\/\/www.europesays.com\/de\/666694\/","title":{"rendered":"Kurz vor Weihnachten: Harry und Meghan k\u00fcndigen Mitarbeitern ihrer Stiftung &#8211; Panorama"},"content":{"rendered":"<p data-manual=\"paragraph\" data-schema-org-speakable=\"true\" class=\"css-1eosz7k\"><strong>Meghan<\/strong>, 44, und <strong>Harry<\/strong>, 41, ausgewanderte <a href=\"https:\/\/www.sueddeutsche.de\/thema\/Royals\" rel=\"nofollow noopener\" target=\"_blank\">Royals<\/a>, beherrschen die Kunst des freundlichen Feuerns. Die Herzogin und der Herzog von Sussex gaben kurz vor Weihnachten einen Personalabbau in ihrer \u201eArchewell Foundation\u201c bekannt. Ein Sprecher des Paares <a href=\"https:\/\/people.com\/meghan-markle-prince-harry-say-staff-cuts-inevitable-archewell-restructuring-11874269\" target=\"_blank\" rel=\"nofollow noopener\">sagte dem Promi-Magazin <\/a><a href=\"https:\/\/people.com\/meghan-markle-prince-harry-say-staff-cuts-inevitable-archewell-restructuring-11874269\" target=\"_blank\" rel=\"nofollow noopener\">People<\/a>, dass wegen einer Umstrukturierung der Stiftung K\u00fcndigungen \u201eunvermeidbar\u201c seien. \u201eWir werden diese personellen Details nicht weiter diskutieren, au\u00dfer zu sagen, dass wir uns geehrt f\u00fchlen, mit unglaublich talentierten und f\u00fcrsorglichen Menschen zusammengearbeitet zu haben.\u201c Medienberichten zufolge geht es um drei Stellen. <a href=\"https:\/\/www.sueddeutsche.de\/thema\/Prinz_Harry\" rel=\"nofollow noopener\" target=\"_blank\">Prinz Harry<\/a> und Herzogin Meghan hatten vergangene Woche angek\u00fcndigt, dass sie ihre Organisation in Archewell Philanthropies umbenennen und finanziell neu ordnen.\u00a0 \u201eDieses n\u00e4chste Kapitel erm\u00f6glicht es ihnen, ihre weltweiten philanthropischen Bem\u00fchungen als Familie auszuweiten, mit bedeutender Reichweite und maximaler Wirkung, basierend auf denselben Werten, Partnerschaften und ihrem Engagement, sich zu engagieren und Gutes zu tun\u201c, hie\u00df es in der Mitteilung. <a href=\"https:\/\/www.dailymail.co.uk\/news\/article-15401775\/Meghan-Prince-Harry-Archewell-Foundation-expenses-revenue-plummeted.html\" target=\"_blank\" rel=\"nofollow noopener\">Laut einem Bericht der <\/a><a href=\"https:\/\/www.dailymail.co.uk\/news\/article-15401775\/Meghan-Prince-Harry-Archewell-Foundation-expenses-revenue-plummeted.html\" target=\"_blank\" rel=\"nofollow noopener\">Daily Mail<\/a> hat die Archewell-Stiftung im Jahr 2024 insgesamt 2,1 Millionen Dollar Spenden eingenommen, jedoch 5,1 Millionen Dollar ausgegeben, unter anderem f\u00fcr teure Reisen des Gr\u00fcnderpaares.<\/p>\n<p><img decoding=\"async\" src=\"https:\/\/www.europesays.com\/de\/wp-content\/uploads\/2025\/12\/7c1b417c-9919-486e-86be-8f98ec6a9617.jpg\"   alt=\"Enrique Iglesias und Anna Kurnikowa auf auf einem Bild aus dem Jahr 2013.\" loading=\"lazy\" class=\"css-8atqhb\"\/>Enrique Iglesias und Anna Kurnikowa auf auf einem Bild aus dem Jahr 2013. (Foto: Imago\/SMG\/Zuma Press)<\/p>\n<p data-manual=\"paragraph\" data-schema-org-speakable=\"true\" class=\"css-1eosz7k\"><strong>Anna Kurnikowa<\/strong>, 44, ehemalige Tennisspielerin, und <strong>Enrique Iglesias<\/strong>, 50, S\u00e4nger, stellen ihre Social-Media-Anh\u00e4ngerschaft vor ein R\u00e4tsel. Das Promi-Paar gab <a href=\"https:\/\/www.instagram.com\/p\/DSlPfcHkakW\/\" target=\"_blank\" rel=\"nofollow noopener\">auf Instagram die Geburt seines vierten gemeinsamen Kindes<\/a> bekannt, ohne den Namen und das Geschlecht zu nennen. Zu einem Foto des Babys schrieb Kurnikowa lediglich: \u201eMein Sonnenschein 17.12.2025.\u201c Accessoires, die auf das Geschlecht schlie\u00dfen lie\u00dfen, sind keine vorhanden, im Gegenteil: Das Kind tr\u00e4gt ein rosa-blau gestreiftes M\u00fctzchen, neben ihm liegt ein absolut genderneutrales Pl\u00fcsch-Faultier. Der spanische S\u00e4nger und die russische Ex-Sportlerin sind seit 2001 ein Paar. 2017 wurden sie Eltern der Zwillinge Lucy und Nicholas, 2020 kam Tochter Mary auf die Welt.<\/p>\n<p><img decoding=\"async\" src=\"https:\/\/www.europesays.com\/de\/wp-content\/uploads\/2025\/12\/0f4fad2a-fce4-4494-8e21-b51659997fc3.jpg\"   alt=\"\" loading=\"lazy\" class=\"css-8atqhb\"\/> (Foto: Philipp Schulze\/dpa)<\/p>\n<p data-manual=\"paragraph\" data-schema-org-speakable=\"true\" class=\"css-1eosz7k\"><strong>Elisa\u00a0und<\/strong> <strong>Bilbo<\/strong>, Alter unbekannt, Faultier-Paar aus Niedersachsen, stellen ihre Pfleger vor ein R\u00e4tsel. Wie der Weltvogelpark Walsrode mitteilte, habe man Mitte Dezember pl\u00f6tzlich ein Jungtier entdeckt, das sich in das Bauchfell des Zweifingerfaultierweibchens klammerte. Faultieren sehe man nicht unbedingt an, dass sie schwanger sind, erkl\u00e4rt eine Sprecherin des Vogelparks. Anders als bei Menschen bilde sich \u201ekein deutlich sichtbarer Kugelbauch\u201c. Geschlecht und Name des Jungtiers sind noch nicht bekannt. Elisa und Bilbo sind Wiederholungst\u00e4ter: Bereits im vergangenen Jahr hatte die Faultiermama ein Junges zur Welt gebracht, ohne dass zuvor jemand bemerkt hatte, dass sie tr\u00e4chtig war.<\/p>\n<p><img decoding=\"async\" src=\"https:\/\/www.europesays.com\/de\/wp-content\/uploads\/2025\/12\/09e3c2a1-4496-40b6-bba3-7eec6d8d81cd.jpeg\"   alt=\"\" loading=\"lazy\" class=\"css-8atqhb\"\/> (Foto: Frank Hammerschmidt\/dpa)<\/p>\n<p data-manual=\"paragraph\" data-schema-org-speakable=\"true\" class=\"css-1eosz7k\"><strong>Mark Forster<\/strong>, 42, S\u00e4nger, kappt sein Markenzeichen. <a href=\"https:\/\/www.facebook.com\/watch\/?v=871224725773028\" target=\"_blank\" rel=\"nofollow noopener\">In der WDR-Talkshow \u201eK\u00f6lner Treff\u201c<\/a> erschien er ohne sein typisches K\u00e4ppi mit geradem Schirm und trug stattdessen ein Exemplar mit gebogenem Schirm.\u00a0 \u201eJa, es ist offiziell. Wir haben uns getrennt\u201c, sagte der Musiker. Er habe den Style \u201evielleicht ein bisschen zu lange gerockt. Ich hatte so ein Gef\u00fchl, dass genau diese Kappe und genau dieser Stil so ein bisschen mein Udo-Lindenberg-Hut ist. Ich glaube aber, das war ein Trugschluss\u201c. Auf die Nachfrage der Moderatorin Susan Link, ob er k\u00fcnftig gar keine Kappe mehr tragen w\u00fcrde, antwortete Forster: \u201eDaf\u00fcr bin ich noch nicht ready.\u201c Das w\u00e4re gegebenenfalls \u201edie n\u00e4chste Evolutionsstufe\u201c.<\/p>\n<p><img decoding=\"async\" src=\"https:\/\/www.europesays.com\/de\/wp-content\/uploads\/2025\/12\/29976822-328b-46b9-a245-fed239e00ff5.jpg\"   alt=\"\" loading=\"lazy\" class=\"css-8atqhb\"\/> (Foto: Oliver Berg\/dpa)<\/p>\n<p data-manual=\"paragraph\" data-schema-org-speakable=\"true\" class=\"css-1eosz7k\"><strong>Horst Lichter<\/strong>, 63, Fernsehkoch, speist an Weihnachten wie in alten Zeiten. \u201eBei meiner Mutter gab es \u00fcber viele Jahrzehnte \u2013 auch noch, als ich schon lange nicht mehr zu Hause wohnte \u2013 immer das gleiche Weihnachtsessen\u201c, <a href=\"https:\/\/www.noz.de\/deutschland-welt\/promi-show\/artikel\/horst-lichter-ueber-weihnachtsessen-und-gutscheine-als-geschenk-49649481\" target=\"_blank\" rel=\"nofollow noopener\">sagte er der <\/a><a href=\"https:\/\/www.noz.de\/deutschland-welt\/promi-show\/artikel\/horst-lichter-ueber-weihnachtsessen-und-gutscheine-als-geschenk-49649481\" target=\"_blank\" rel=\"nofollow noopener\">Neuen Osnabr\u00fccker Zeitung<\/a>. Er habe diese Tradition sehr geliebt und koche das Men\u00fc in manchen Jahren an Heiligabend nach. Die Speisenfolge: eine H\u00fchner-Rindfleischsuppe zur Vorspeise, zur Hauptspeise Kaninchenbraten (\u201edas Schwein des armen Mannes\u201c) in dunkler So\u00dfe mit Gem\u00fcse, Bohnensalat, Kartoffeln und Kn\u00f6deln, und zur Nachspeise Vanillepudding \u2013 \u201eder mit der Haut darauf\u201c, wie Lichter sagte. \u201eDie ich allerdings gehasst habe, aber auch das geh\u00f6rt dazu.\u201c Er vermisse diese Zeit sehr.<\/p>\n<p><img decoding=\"async\" src=\"https:\/\/www.europesays.com\/de\/wp-content\/uploads\/2025\/12\/e147423b-c865-4287-b9cd-486e4ade00b5.jpg\"   alt=\"\" loading=\"lazy\" class=\"css-8atqhb\"\/> (Foto: Christian Charisius\/dpa)<\/p>\n<p data-manual=\"paragraph\" data-schema-org-speakable=\"true\" class=\"css-1eosz7k\"><strong><a href=\"https:\/\/www.sueddeutsche.de\/thema\/Felix_Neureuther\" rel=\"nofollow noopener\" target=\"_blank\">Felix Neureuther<\/a><\/strong>, 41, ehemaliger Skirennfahrer, hat seine Karriere mit Links erledigt. \u201eImmer habe ich zuerst den linken Skischuh angezogen und vor einem Rennen meinen Trainer mit der linken Hand abgeklatscht\u201c, <a href=\"https:\/\/www.stern.de\/gesellschaft\/auf-welche-rituale-promis-vertrauen-36978130.html\" target=\"_blank\" rel=\"nofollow noopener\">sagte er dem <\/a><a href=\"https:\/\/www.stern.de\/gesellschaft\/auf-welche-rituale-promis-vertrauen-36978130.html\" target=\"_blank\" rel=\"nofollow noopener\">Stern<\/a>.\u00a0\u201eNie war es die rechte Hand. Das h\u00e4tte mich aus dem Konzept gebracht.\u201c Die innere Balance, die man so sehr suche als Sportler, w\u00e4re dahin gewesen. Neureuther hat seine Karriere 2019 beendet und arbeitet seither als Fernsehexperte.<\/p>\n<p><script async src=\"\/\/www.instagram.com\/embed.js\"><\/script><\/p>\n","protected":false},"excerpt":{"rendered":"Meghan, 44, und Harry, 41, ausgewanderte Royals, beherrschen die Kunst des freundlichen Feuerns. Die Herzogin und der Herzog&hellip;\n","protected":false},"author":2,"featured_media":666695,"comment_status":"","ping_status":"","sticky":false,"template":"","format":"standard","meta":{"footnotes":""},"categories":[155],"tags":[2478,29,214,46017,30,36995,11657,1974,567,2045,8206,5548,149,215],"class_list":{"0":"post-666694","1":"post","2":"type-post","3":"status-publish","4":"format-standard","5":"has-post-thumbnail","7":"category-unterhaltung","8":"tag-britisches-koenigshaus","9":"tag-deutschland","10":"tag-entertainment","11":"tag-felix-neureuther","12":"tag-germany","13":"tag-leute-des-tages","14":"tag-meghan-markle","15":"tag-panorama","16":"tag-prinz-harry","17":"tag-promis","18":"tag-royals","19":"tag-ski-alpin","20":"tag-sueddeutsche-zeitung","21":"tag-unterhaltung"},"share_on_mastodon":{"url":"https:\/\/pubeurope.com\/@de\/115768879034752974","error":""},"_links":{"self":[{"href":"https:\/\/www.europesays.com\/de\/wp-json\/wp\/v2\/posts\/666694","targetHints":{"allow":["GET"]}}],"collection":[{"href":"https:\/\/www.europesays.com\/de\/wp-json\/wp\/v2\/posts"}],"about":[{"href":"https:\/\/www.europesays.com\/de\/wp-json\/wp\/v2\/types\/post"}],"author":[{"embeddable":true,"href":"https:\/\/www.europesays.com\/de\/wp-json\/wp\/v2\/users\/2"}],"replies":[{"embeddable":true,"href":"https:\/\/www.europesays.com\/de\/wp-json\/wp\/v2\/comments?post=666694"}],"version-history":[{"count":0,"href":"https:\/\/www.europesays.com\/de\/wp-json\/wp\/v2\/posts\/666694\/revisions"}],"wp:featuredmedia":[{"embeddable":true,"href":"https:\/\/www.europesays.com\/de\/wp-json\/wp\/v2\/media\/666695"}],"wp:attachment":[{"href":"https:\/\/www.europesays.com\/de\/wp-json\/wp\/v2\/media?parent=666694"}],"wp:term":[{"taxonomy":"category","embeddable":true,"href":"https:\/\/www.europesays.com\/de\/wp-json\/wp\/v2\/categories?post=666694"},{"taxonomy":"post_tag","embeddable":true,"href":"https:\/\/www.europesays.com\/de\/wp-json\/wp\/v2\/tags?post=666694"}],"curies":[{"name":"wp","href":"https:\/\/api.w.org\/{rel}","templated":true}]}}