{"id":666700,"date":"2025-12-23T12:29:24","date_gmt":"2025-12-23T12:29:24","guid":{"rendered":"https:\/\/www.europesays.com\/de\/666700\/"},"modified":"2025-12-23T12:29:24","modified_gmt":"2025-12-23T12:29:24","slug":"zweijaehriges-kind-unter-opfern-mindestens-fuenf-tote-nach-flugzeugabsturz-in-den-usa","status":"publish","type":"post","link":"https:\/\/www.europesays.com\/de\/666700\/","title":{"rendered":"Zweij\u00e4hriges Kind unter Opfern: Mindestens f\u00fcnf Tote nach Flugzeugabsturz in den USA"},"content":{"rendered":"<p>Zweij\u00e4hriges Kind unter OpfernMindestens f\u00fcnf Tote nach Flugzeugabsturz in den USA<\/p>\n<p>23.12.2025, 09:19 Uhr <\/p>\n<p>Artikel anh\u00f6ren(01:45 min)<\/p>\n<p><img decoding=\"async\" class=\"Image_img__fQCi0 Image_Img_16_9__4BLfH widget-picture-inline_maximizable__t_E7h\" loading=\"eager\" fetchpriority=\"high\" src=\"https:\/\/www.europesays.com\/de\/wp-content\/uploads\/2025\/12\/Auf-diesem-von-Sky-Decker-Jr-via-AP-zur-Verfuegung-gestellten-Bild-reagieren-Behoerden-und-Freiwilli.webp\" alt=\"Auf-diesem-von-Sky-Decker-Jr-via-AP-zur-Verfuegung-gestellten-Bild-reagieren-Behoerden-und-Freiwillige-auf-den-Absturz-eines-mexikanischen-Marineflugzeugs-in-der-Naehe-von-Galveston\"\/>Zwischen Tr\u00fcmmern finden die Retter \u00dcberlebende. (Foto: picture alliance\/dpa\/Sky Decker Jr.\/AP)TeilenFolgen auf:<a href=\"https:\/\/www.whatsapp.com\/channel\/0029Va5cdVJD8SDp5YZgYF01\" title=\"Auf WhatsApp folgen\" target=\"_blank\" rel=\"nofollow noopener\"><img decoding=\"async\" src=\"https:\/\/www.n-tv.de\/socialIcons\/whatsapp.svg\" alt=\"whatsapp\" class=\"ArticleShare_icon__FsrC2\"\/><\/a><a href=\"https:\/\/news.google.com\/publications\/CAAiEPMdif5mpRNxiLOeUpHCwwsqFAgKIhDzHYn-ZqUTcYiznlKRwsML?hl=de&amp;gl=DE&amp;ceid=DE%3Ade\" title=\"Auf Google News folgen\" target=\"_blank\" rel=\"nofollow noopener\"><img decoding=\"async\" src=\"https:\/\/www.n-tv.de\/socialIcons\/google.svg\" alt=\"whatsapp\" class=\"ArticleShare_icon__FsrC2\"\/><\/a><\/p>\n<p class=\"Typography_text-m__XI0da Typography_weight-bold__uT6mq storyline_lead_text_leadtext__q_wg8\">Ein Ambulanzflug mit schwer verletzten Kindern an Bord ist auf dem Weg von Mexiko in den US-Bundesstaat Texas. Kurz vor der Landung st\u00fcrzt die Maschine ab. W\u00e4hrend Retter f\u00fcnf Leichen bergen und zwei Verletzte versorgen, fehlt von einer achten Person jede Spur.<\/p>\n<p class=\"Typography_text-default__P3otY Typography_weight-normal__pqUbH storyline_paragraph_p__qSR5N\">Vor der K\u00fcste des US-Bundesstaates Texas ist ein Kleinflugzeug der mexikanischen Marine w\u00e4hrend eines medizinischen Einsatzes abgest\u00fcrzt. F\u00fcnf der acht Menschen an Bord kamen nach bisherigen Informationen ums Leben, wie die mexikanische Marine mitteilte. Zwei weitere h\u00e4tten den Absturz nahe dem auf einer Insel gelegenen Ort Galveston \u00fcberlebt. Nach einem Menschen halte die Suche im Meer noch an.<\/p>\n<p class=\"Typography_text-default__P3otY Typography_weight-normal__pqUbH storyline_paragraph_p__qSR5N\">Der Transportflug wurde in Zusammenarbeit mit einer mexikanischen Stiftung koordiniert, die sich um Kinder mit schweren Verbrennungen k\u00fcmmert. Fotos zeigten Tr\u00fcmmerteile der im mexikanischen Bundesstaat Yucat\u00e1n gestarteten Maschine im Wasser sowie Rettungskr\u00e4fte w\u00e4hrend des Einsatzes. US-Medien zufolge wollte die Maschine in dem nahe der Gro\u00dfstadt Houston gelegenen Galveston landen und st\u00fcrzte kurz zuvor aus noch unbekannter Ursache ab. Am Absturzort herrschte Nebel, wie auf Fotos zu sehen ist.<\/p>\n<p><img decoding=\"async\" class=\"Image_img__fQCi0 Image_Img_16_9__4BLfH widget-picture-inline_maximizable__t_E7h\" loading=\"lazy\" src=\"https:\/\/www.n-tv.de\/logo_grey.svg\" alt=\"Beamte-der-Polizei-von-Galveston-beobachten-das-Wasser-in-der-Galveston-Bay-westlich-des-Galveston-Causeway-in-der-Naehe-von-Galveston-Texas-waehrend-Rettungskraefte-nach-einem-Kleinflugzeug-suchen-das-bei-dichtem-Nebel-in-der-Bucht-abgestuerzt-ist\"\/>Dichter Nebel macht sich in Texas breit. (Foto: picture alliance\/dpa\/The Galveston County Daily News\/AP)<\/p>\n<p class=\"Typography_text-default__P3otY Typography_weight-normal__pqUbH storyline_paragraph_p__qSR5N\">An Bord des Kleinflugzeugs waren den Berichten zufolge vier Besatzungsmitglieder und vier Patienten mit Brandverletzungen, die mit dem Flug zur Behandlung in die USA gebracht werden sollten. Unter den Toten befinde sich auch ein zweij\u00e4hriges Kind, berichtete der US-Sender CNN unter Berufung auf die US-K\u00fcstenwache.<\/p>\n<p class=\"Typography_text-s__wu_cm Typography_weight-normal__pqUbH Typography_color-darkgrey__sZEnP article-detail-footer_source__KslPc\">Quelle: ntv.de, mpa\/dpa\/AFP<\/p>\n","protected":false},"excerpt":{"rendered":"Zweij\u00e4hriges Kind unter OpfernMindestens f\u00fcnf Tote nach Flugzeugabsturz in den USA 23.12.2025, 09:19 Uhr Artikel anh\u00f6ren(01:45 min) Zwischen&hellip;\n","protected":false},"author":2,"featured_media":666701,"comment_status":"","ping_status":"","sticky":false,"template":"","format":"standard","meta":{"footnotes":""},"categories":[3],"tags":[321,13,984,208,14,15,21884,12,797,1719,10,8,9,11,13536,64,103,104],"class_list":{"0":"post-666700","1":"post","2":"type-post","3":"status-publish","4":"format-standard","5":"has-post-thumbnail","7":"category-welt","8":"tag-flugzeugabsturz","9":"tag-headlines","10":"tag-international","11":"tag-mexiko","12":"tag-nachrichten","13":"tag-news","14":"tag-rettungskraefte","15":"tag-schlagzeilen","16":"tag-texas","17":"tag-todesfaelle","18":"tag-top-news","19":"tag-top-meldungen","20":"tag-topmeldungen","21":"tag-topnews","22":"tag-ungluecke","23":"tag-usa","24":"tag-welt","25":"tag-world"},"share_on_mastodon":{"url":"https:\/\/pubeurope.com\/@de\/115768892408414712","error":""},"_links":{"self":[{"href":"https:\/\/www.europesays.com\/de\/wp-json\/wp\/v2\/posts\/666700","targetHints":{"allow":["GET"]}}],"collection":[{"href":"https:\/\/www.europesays.com\/de\/wp-json\/wp\/v2\/posts"}],"about":[{"href":"https:\/\/www.europesays.com\/de\/wp-json\/wp\/v2\/types\/post"}],"author":[{"embeddable":true,"href":"https:\/\/www.europesays.com\/de\/wp-json\/wp\/v2\/users\/2"}],"replies":[{"embeddable":true,"href":"https:\/\/www.europesays.com\/de\/wp-json\/wp\/v2\/comments?post=666700"}],"version-history":[{"count":0,"href":"https:\/\/www.europesays.com\/de\/wp-json\/wp\/v2\/posts\/666700\/revisions"}],"wp:featuredmedia":[{"embeddable":true,"href":"https:\/\/www.europesays.com\/de\/wp-json\/wp\/v2\/media\/666701"}],"wp:attachment":[{"href":"https:\/\/www.europesays.com\/de\/wp-json\/wp\/v2\/media?parent=666700"}],"wp:term":[{"taxonomy":"category","embeddable":true,"href":"https:\/\/www.europesays.com\/de\/wp-json\/wp\/v2\/categories?post=666700"},{"taxonomy":"post_tag","embeddable":true,"href":"https:\/\/www.europesays.com\/de\/wp-json\/wp\/v2\/tags?post=666700"}],"curies":[{"name":"wp","href":"https:\/\/api.w.org\/{rel}","templated":true}]}}