{"id":666718,"date":"2025-12-23T12:39:15","date_gmt":"2025-12-23T12:39:15","guid":{"rendered":"https:\/\/www.europesays.com\/de\/666718\/"},"modified":"2025-12-23T12:39:15","modified_gmt":"2025-12-23T12:39:15","slug":"dpsg-st-elisabeth-gewinnt-den-umweltpreis-2025-in-gladbeck","status":"publish","type":"post","link":"https:\/\/www.europesays.com\/de\/666718\/","title":{"rendered":"DPSG St. Elisabeth gewinnt den Umweltpreis 2025 in Gladbeck"},"content":{"rendered":"<p><a title=\"Gruppenfoto Umweltpreis 2025\" href=\"https:\/\/neue-gladbecker-zeitung.de\/dpsg-st-elisabeth-gewinnt-den-umweltpreis-2025-in-gladbeck\/gruppenfoto-umweltpreis-2025_ergebnis\/\" target=\"_blank\" rel=\"noopener\"><img fetchpriority=\"high\" width=\"678\" height=\"381\" src=\"https:\/\/www.europesays.com\/de\/wp-content\/uploads\/2025\/12\/Gruppenfoto-Umweltpreis-2025_ergebnis.webp.webp\" class=\"attachment-mh-magazine-content size-mh-magazine-content wp-post-image\" alt=\"DPSG St. Elisabeth gewinnt den Umweltpreis\" title=\"Gruppenfoto Umweltpreis 2025\" loading=\"eager\" decoding=\"async\"  \/><\/a><br \/>\nGruppenfoto der Preisverleihung. Foto: Stadt Gladbeck<\/p>\n<p>Stadt Gladbeck verlieh den 38. Umweltpreis<\/p>\n<p><strong>Gladbeck \u2013 23.12.2025 \u2013 DPSG St. Elisabeth <\/strong>\u2013 Mit dem Preis, der seit 1988 j\u00e4hrlich vergeben wird, zeichnet die Stadt Projekte aus, die dem Erhalt, der Pflege, dem Schutz oder der Verbesserung der Umweltbedingungen in <strong><a style=\"color: #ff0000;\" href=\"https:\/\/www.gladbeck.de\" target=\"_blank\" rel=\"noopener\">Gladbeck<\/a><\/strong> dienen.<\/p>\n<p>Insgesamt 14 Bewerbungen f\u00fcr den Umweltpreis waren in diesem Jahr eingegangen. Eine Jury bestehend aus dem 2. Stellvertretenden B\u00fcrgermeister Volker Musiol sowie VertreterInnen der Stadtverwaltung und der Stifterunternehmen haben daraus die GewinnerInnen ausgew\u00e4hlt. Sie vergaben die Pl\u00e4tze 1 bis 3, jeweils zwei 4. sowie zwei 5. Pl\u00e4tze. Zus\u00e4tzlich wurden sieben Anerkennungspreise vergeben.<\/p>\n<p>Die NGZ-News aus Gladbeck immer sofort auf das Handy?<br \/>Dann abonniere kostenlos den <a style=\"color: #ff0000;\" href=\"https:\/\/whatsapp.com\/channel\/0029VaAJZdH8F2pIH21PF72X\" target=\"_blank\" rel=\"noopener\">WhatsApp-Kanal<\/a><br \/>\nDie Gladbecker Zusammenfassung des Tages der NGZ?<br \/>Dann abonniere den kostenlosen <a href=\"https:\/\/neue-gladbecker-zeitung.de\/newsletter-2\/\" target=\"_blank\" rel=\"noopener\"><strong>Newsletter<\/strong><\/a><br \/>\nFolgen Sie uns auf Facebook: <strong><a style=\"color: #ff0000;\" href=\"https:\/\/www.facebook.com\/NeueGladbeckerZeitung\/\" target=\"_blank\" rel=\"noopener\">NeueGladbeckerZeitung<\/a><\/strong><\/p>\n<p><img loading=\"lazy\" decoding=\"async\" class=\"size-full wp-image-42904\" src=\"https:\/\/www.europesays.com\/de\/wp-content\/uploads\/2025\/12\/Preisverleihung-an-DPSG-St.-Elisabeth_ergebnis.webp.webp\" alt=\"DPSG St. Elisabeth nimmt den 1. Preis entgegen\" width=\"678\" height=\"381\"  \/>Die DPSG St. Elisabeth W\u00f6lflingsstufe wurde mit dem 1. Platz ausgezeichnet. Foto: Stadt Gladbeck<\/p>\n<p>Den <strong>1. Platz<\/strong> erh\u00e4lt die <strong><a style=\"color: #ff0000;\" href=\"https:\/\/www.facebook.com\/DPSG.St.Elisabeth.Ellinghorst\/\" target=\"_blank\" rel=\"noopener\">DPSG St. Elisabeth<\/a><\/strong> (Facebook)W\u00f6lflingsstufe f\u00fcr ihr Projekt zum ressourcenschonenden Leben im Alltag. Ausgehend von der Idee einer \u00dcbernachtung im Pfarrheim entwickelten die Kinder ein umfassendes Konzept zum Sparen von Wasser und Strom sowie zur konsequenten M\u00fcllvermeidung. Dabei setzten sie auf gerettete Lebensmittel, regionale Produkte und ein bewusstes Konsumverhalten, mit der Erkenntnis, dass Nachhaltigkeit keinen Verzicht auf Spa\u00df oder Genuss bedeutet.<\/p>\n<p>Der <strong>2. Platz<\/strong> geht an die <strong><a style=\"color: #ff0000;\" href=\"https:\/\/www.suedparkschulegladbeck.de\/ogs\/\" target=\"_blank\" rel=\"noopener\">OGS S\u00fcdparkschule<\/a><\/strong>, Gruppe 8. Im Mittelpunkt ihres Projekts stand das Thema Mikroplastik. Die Sch\u00fcler:innen erforschten die Auswirkungen von Plastik auf Umwelt und Gesundheit, lernten M\u00fcllvermeidung im Alltag kennen und stellten zum Abschluss eigene Kosmetikprodukte ganz ohne Plastik her.<\/p>\n<p>\u00dcber den<strong> 3. Platz<\/strong> freut sich die <strong><a style=\"color: #ff0000;\" href=\"https:\/\/ruhrpottkids.com\/locations\/staedt-kindergarten-ringeldorfer-str-gladbeck\/\" target=\"_blank\" rel=\"noopener\">St\u00e4dtische Kita Ringeldorfer Stra\u00dfe<\/a><\/strong>. Unter dem Motto \u201eH\u00fchner in der Kita \u2013 gelebter Umweltschutz mit Herz und Federn\u201c vermittelten die Kinder Wissen \u00fcber artgerechte Tierhaltung, den Ursprung von Lebensmitteln und einen respektvollen Umgang mit Tieren und nat\u00fcrlichen Ressourcen.<\/p>\n<p>Der 4. Platz wurde in diesem Jahr zweimal vergeben:<\/p>\n<p>Die OGS S\u00fcdparkschule, Gruppe 7, f\u00fcr ein Projekt zum Klimawandel mit eigenen Temperatur- und Niederschlagsmessungen, sowie die St\u00e4dtische Kita Holthauser Stra\u00dfe, die Umweltbildung kreativ mit Theater, Hochbeet-Bepflanzung und Solarenergie verband.<\/p>\n<p>Auch der 5. Platz wurde zweifach vergeben:<\/p>\n<p>An den St\u00e4dtischen Naturkindergarten Frochtwinkel 11 f\u00fcr das Projekt \u201eWaldwochen als Antwort auf Naturentfremdung\u201c mit besonderem Fokus auf Igelschutz, sowie an den St\u00e4dtischen Kindergarten Berliner Stra\u00dfe f\u00fcr gemeinsame Waldtage zur M\u00fcllvermeidung und Wiederverwertung.<\/p>\n<p>Dar\u00fcber hinaus zeichnete die Jury mehrere weitere Projekte und Einzelpersonen mit Anerkennungspreisen aus, darunter:<\/p>\n<p>\u2022 die Arbeitsgemeinschaft Robin Wood am Heisenberg-Gymnasium f\u00fcr eine M\u00fcllsammelaktion im Nordpark,<br \/>\u2022 die 7. Klasse der Freien Waldorfschule Gladbeck f\u00fcr ein Waldpraktikum mit Bachfreilegung und Baumpflanzungen,<br \/>\u2022 die AWO Kita Marienstra\u00dfe und die St\u00e4dtische Kita Maria-Theresien-Stra\u00dfe f\u00fcr kreative Projekte zur M\u00fcllvermeidung,<br \/>\u2022 sowie die EinzelbewerberInnen Dieter Lippelt (klimafreundliche Mobilit\u00e4t mit dem Fahrrad), Heribert Houben (Konzept zur \u00f6kologischen Aufwertung des Goetheplatzes) und Sabine Ridderskamp (Umgestaltung eines Gartens zu einem artenreichen Naturgarten).<\/p>\n<p><strong>Besonders erfreulich:<\/strong> Auch in diesem Jahr stammt ein Gro\u00dfteil der ausgezeichneten Projekte von Kindern und Jugendlichen. Sie zeigen eindrucksvoll, dass Umwelt- und Klimaschutz schon fr\u00fch beginnen kann, mit Kreativit\u00e4t, Engagement und Verantwortung.<\/p>\n<p>Die anwesenden Stifterunternehmen sagten bereits ihre Unterst\u00fctzung f\u00fcr den 39. Gladbecker Umweltpreis im Jahr 2026 zu.<\/p>\n<p><a style=\"color: #ff0000;\" href=\"https:\/\/neue-gladbecker-zeitung.de\" target=\"_blank\" rel=\"noopener\">Zur Startseite<\/a><\/p>\n","protected":false},"excerpt":{"rendered":"Gruppenfoto der Preisverleihung. Foto: Stadt Gladbeck Stadt Gladbeck verlieh den 38. Umweltpreis Gladbeck \u2013 23.12.2025 \u2013 DPSG St.&hellip;\n","protected":false},"author":2,"featured_media":666719,"comment_status":"","ping_status":"","sticky":false,"template":"","format":"standard","meta":{"footnotes":""},"categories":[1848],"tags":[57643,3364,29,155396,548,663,3934,3658,30,17275,13,14,15,1209,12],"class_list":{"0":"post-666718","1":"post","2":"type-post","3":"status-publish","4":"format-standard","5":"has-post-thumbnail","7":"category-gelsenkirchen","8":"tag-umweltpreis","9":"tag-de","10":"tag-deutschland","11":"tag-dpsg-st-elisabeth","12":"tag-eu","13":"tag-europa","14":"tag-europe","15":"tag-gelsenkirchen","16":"tag-germany","17":"tag-gladbeck","18":"tag-headlines","19":"tag-nachrichten","20":"tag-news","21":"tag-nordrhein-westfalen","22":"tag-schlagzeilen"},"share_on_mastodon":{"url":"https:\/\/pubeurope.com\/@de\/115768929824110943","error":""},"_links":{"self":[{"href":"https:\/\/www.europesays.com\/de\/wp-json\/wp\/v2\/posts\/666718","targetHints":{"allow":["GET"]}}],"collection":[{"href":"https:\/\/www.europesays.com\/de\/wp-json\/wp\/v2\/posts"}],"about":[{"href":"https:\/\/www.europesays.com\/de\/wp-json\/wp\/v2\/types\/post"}],"author":[{"embeddable":true,"href":"https:\/\/www.europesays.com\/de\/wp-json\/wp\/v2\/users\/2"}],"replies":[{"embeddable":true,"href":"https:\/\/www.europesays.com\/de\/wp-json\/wp\/v2\/comments?post=666718"}],"version-history":[{"count":0,"href":"https:\/\/www.europesays.com\/de\/wp-json\/wp\/v2\/posts\/666718\/revisions"}],"wp:featuredmedia":[{"embeddable":true,"href":"https:\/\/www.europesays.com\/de\/wp-json\/wp\/v2\/media\/666719"}],"wp:attachment":[{"href":"https:\/\/www.europesays.com\/de\/wp-json\/wp\/v2\/media?parent=666718"}],"wp:term":[{"taxonomy":"category","embeddable":true,"href":"https:\/\/www.europesays.com\/de\/wp-json\/wp\/v2\/categories?post=666718"},{"taxonomy":"post_tag","embeddable":true,"href":"https:\/\/www.europesays.com\/de\/wp-json\/wp\/v2\/tags?post=666718"}],"curies":[{"name":"wp","href":"https:\/\/api.w.org\/{rel}","templated":true}]}}