{"id":666721,"date":"2025-12-23T12:41:13","date_gmt":"2025-12-23T12:41:13","guid":{"rendered":"https:\/\/www.europesays.com\/de\/666721\/"},"modified":"2025-12-23T12:41:13","modified_gmt":"2025-12-23T12:41:13","slug":"uber-fahrer-in-augsburg-inningen-angegriffen-und-ausgeraubt-polizei-fasst-tatverdaechtige","status":"publish","type":"post","link":"https:\/\/www.europesays.com\/de\/666721\/","title":{"rendered":"Uber-Fahrer in Augsburg-Inningen angegriffen und ausgeraubt: Polizei fasst Tatverd\u00e4chtige"},"content":{"rendered":"<p class=\"mb-6 text-xs md:text-m lg:text-l font-serif group-[.font-sans]:font-sans \">\n    Mehrere M\u00e4nner haben in der Nacht auf Sonntag einen Uber-Fahrer im Augsburger Stadtteil <a href=\"https:\/\/www.augsburger-allgemeine.de\/augsburg\/ort\/inningen\" target=\"_self\" class=\"underline \" rel=\"nofollow noopener\">Inningen<\/a> attackiert und \u00fcberfallen. Wie die Polizei mitteilt, war der 38-J\u00e4hrige gegen 1.30 Uhr im B\u00fcrgermeister-Lutzenberger-Weg unterwegs, als mehrere Personen unvermittelt auf sein Fahrzeug einschlugen. Der Fahrer stieg daraufhin aus, es kam zum Streit.\n  <\/p>\n<p>            M\u00e4nner rauben Uber-Fahrer in Augsburg-Inningen aus<\/p>\n<p class=\"mb-6 text-xs md:text-m lg:text-l font-serif group-[.font-sans]:font-sans \">\n    Nach Polizeiangaben attackierte die Gruppe den 38-J\u00e4hrigen daraufhin k\u00f6rperlich und floh. Das Opfer zog sich leichte Verletzungen zu. Nach dem Vorfall merkte der Uber-Fahrer, dass mehrere hunderte Euro Bargeld fehlten. Er alarmierte die Polizei, woraufhin diese umgehend eine Fahndung einleitete.\n  <\/p>\n<p>            Polizei fahndet und ermittelt wegen gef\u00e4hrlicher K\u00f6rperverletzung<\/p>\n<p class=\"mb-6 text-xs md:text-m lg:text-l font-serif group-[.font-sans]:font-sans \">\n    Die Ma\u00dfnahme zeigte schnell Erfolg: Schon im n\u00e4heren Umfeld des Tatorts nahmen Beamte drei Tatverd\u00e4chtige fest, M\u00e4nner im Alter von 17 bis 19 Jahren. Die Polizei hat gegen sie nun Ermittlungen wegen schweren Raubs sowie gef\u00e4hrlicher K\u00f6rperverletzung eingeleitet. (kmax)\n  <\/p>\n<ul data-module-id=\"DragDropModule\" class=\"flex flex-wrap justify-start group-[.no-bookmarks]:hidden\">\n<li class=\"mb-3 mr-3\">\n    Max Kramer<\/p>\n<p>      Icon Haken im Kreis gesetzt<\/p>\n<p>      Icon Plus im Kreis<\/p>\n<\/li>\n<li class=\"mb-3 mr-3\">\n    86199 Inningen<\/p>\n<p>      Icon Haken im Kreis gesetzt<\/p>\n<p>      Icon Plus im Kreis<\/p>\n<\/li>\n<li class=\"mb-3 mr-3\">\n    Polizei<\/p>\n<p>      Icon Haken im Kreis gesetzt<\/p>\n<p>      Icon Plus im Kreis<\/p>\n<\/li>\n<\/ul>\n","protected":false},"excerpt":{"rendered":"Mehrere M\u00e4nner haben in der Nacht auf Sonntag einen Uber-Fahrer im Augsburger Stadtteil Inningen attackiert und \u00fcberfallen. Wie&hellip;\n","protected":false},"author":2,"featured_media":666722,"comment_status":"","ping_status":"","sticky":false,"template":"","format":"standard","meta":{"footnotes":""},"categories":[1846],"tags":[680,155398,513,772,3364,29,548,663,3934,514,30,13,155397,682,14,15,121,12,6053],"class_list":{"0":"post-666721","1":"post","2":"type-post","3":"status-publish","4":"format-standard","5":"has-post-thumbnail","7":"category-augsburg","8":"tag-augsburg","9":"tag-augsburg-inningen","10":"tag-auto","11":"tag-bayern","12":"tag-de","13":"tag-deutschland","14":"tag-eu","15":"tag-europa","16":"tag-europe","17":"tag-fahrzeug","18":"tag-germany","19":"tag-headlines","20":"tag-inningen","21":"tag-koerperverletzung","22":"tag-nachrichten","23":"tag-news","24":"tag-polizei","25":"tag-schlagzeilen","26":"tag-stadtteil"},"share_on_mastodon":{"url":"https:\/\/pubeurope.com\/@de\/115768936747377152","error":""},"_links":{"self":[{"href":"https:\/\/www.europesays.com\/de\/wp-json\/wp\/v2\/posts\/666721","targetHints":{"allow":["GET"]}}],"collection":[{"href":"https:\/\/www.europesays.com\/de\/wp-json\/wp\/v2\/posts"}],"about":[{"href":"https:\/\/www.europesays.com\/de\/wp-json\/wp\/v2\/types\/post"}],"author":[{"embeddable":true,"href":"https:\/\/www.europesays.com\/de\/wp-json\/wp\/v2\/users\/2"}],"replies":[{"embeddable":true,"href":"https:\/\/www.europesays.com\/de\/wp-json\/wp\/v2\/comments?post=666721"}],"version-history":[{"count":0,"href":"https:\/\/www.europesays.com\/de\/wp-json\/wp\/v2\/posts\/666721\/revisions"}],"wp:featuredmedia":[{"embeddable":true,"href":"https:\/\/www.europesays.com\/de\/wp-json\/wp\/v2\/media\/666722"}],"wp:attachment":[{"href":"https:\/\/www.europesays.com\/de\/wp-json\/wp\/v2\/media?parent=666721"}],"wp:term":[{"taxonomy":"category","embeddable":true,"href":"https:\/\/www.europesays.com\/de\/wp-json\/wp\/v2\/categories?post=666721"},{"taxonomy":"post_tag","embeddable":true,"href":"https:\/\/www.europesays.com\/de\/wp-json\/wp\/v2\/tags?post=666721"}],"curies":[{"name":"wp","href":"https:\/\/api.w.org\/{rel}","templated":true}]}}