{"id":666769,"date":"2025-12-23T13:12:13","date_gmt":"2025-12-23T13:12:13","guid":{"rendered":"https:\/\/www.europesays.com\/de\/666769\/"},"modified":"2025-12-23T13:12:13","modified_gmt":"2025-12-23T13:12:13","slug":"pol-h-polizei-hannover-zieht-positive-bilanz-zum-weihnachtsmarkteinsatz-2025","status":"publish","type":"post","link":"https:\/\/www.europesays.com\/de\/666769\/","title":{"rendered":"POL-H: Polizei Hannover zieht positive Bilanz zum Weihnachtsmarkteinsatz 2025"},"content":{"rendered":"<p class=\"date\">23.12.2025 \u2013 14:09<\/p>\n<p class=\"customer\">\n                        <a class=\"story-customer\" title=\"weiter zum newsroom von Polizeidirektion Hannover\" href=\"https:\/\/www.presseportal.de\/blaulicht\/nr\/66841\" rel=\"nofollow noopener\" target=\"_blank\">Polizeidirektion Hannover<\/a>\n                    <\/p>\n<p><a data-category=\"citylink-story-view\" data-action=\"click\" data-label=\"Citylink in Meldungsansicht\" class=\"story-city event-trigger\" href=\"https:\/\/www.presseportal.de\/regional\/Hannover\" title=\"News aus Hannover \" rel=\"nofollow noopener\" target=\"_blank\">Hannover<\/a> (ots)<\/p>\n<p>Ein funktionierendes Sicherheitskonzept, sichtbare Pr\u00e4senz und gut abgestimmte Einsatzstrukturen: Die Polizei Hannover blickt zufrieden auf den diesj\u00e4hrigen Einsatz anl\u00e4sslich der hannoverschen Weihnachtsm\u00e4rkte zur\u00fcck. Trotz hoher Besucherzahlen verlief der Einsatz insgesamt ruhig.<\/p>\n<p>\u00dcber mehrere Wochen hinweg war die Polizei t\u00e4glich im Bereich der Weihnachtsm\u00e4rkte rund um Marktkirche, Kr\u00f6pcke, Ernst-August-Platz und Lister Meile pr\u00e4sent. W\u00e4hrend der \u00d6ffnungszeiten an allen Tagen sowie zu besonderen Anl\u00e4ssen, wie der offiziellen Markter\u00f6ffnung am 24.11.2025, unterst\u00fctzten die Einsatzkr\u00e4fte den geordneten Ablauf des vorweihnachtlichen Treibens. Ziel war es, ein sicheres Besuchserlebnis zu erm\u00f6glichen &#8211; sei es durch pr\u00e4ventive Ma\u00dfnahmen, gezielte Kontrollen oder entschlossenes Eingreifen bei Straftaten. Die eingesetzten Beamtinnen und Beamten der Polizeiinspektion Besondere Dienste und der Zentralen Polizeidirektion Niedersachsen waren jederzeit ansprechbar und griffen bei Bedarf konsequent ein, zum Beispiel mit Platzverweisen oder bei der Ahndung von Straftaten. Hierzu z\u00e4hlten unter anderem K\u00f6rperverletzungsdelikte, Beleidigungen, Hausfriedensbr\u00fcche sowie das Inverkehrbringen von Falschgeld. Mehrfach griffen Einsatzkr\u00e4fte auch bei medizinischen Notf\u00e4llen unterst\u00fctzend ein.<\/p>\n<p>Wesentlicher Bestandteil des Sicherheitskonzepts war auch in diesem Jahr die sichtbare Pr\u00e4senz der Polizei. Neben uniformierten Kr\u00e4ften auf den M\u00e4rkten und in der mobilen Wache in der Schmiedestra\u00dfe waren auch zivile Beamtinnen und Beamte im Einsatz, die das Geschehen unauff\u00e4llig beobachteten und bei Bedarf unterst\u00fctzten. Die Mischung aus pr\u00e4ventivem Ansatz und konsequenter Gefahrenabwehr hat sich aus Sicht der Polizei bew\u00e4hrt.<\/p>\n<p>Die Polizei Hannover bedankt sich bei allen, die zu diesem insgesamt positiven Verlauf beigetragen haben. Insbesondere den Besucherinnen und Besuchern, die sich besonnen und r\u00fccksichtsvoll verhielten und gemeinsam mit den engagierten Einsatzkr\u00e4ften zu einem sicheren und besinnlichen Weihnachtsmarkterlebnis. \/ms, nash<\/p>\n<p class=\"contact-headline\">R\u00fcckfragen bitte an:<\/p>\n<p class=\"contact-text\">Polizeidirektion Hannover<br \/>Marcus Schmieder<br \/>Telefon: 0511 109-1040<br \/>E-Mail: <a href=\"https:\/\/www.presseportal.de\/blaulicht\/pm\/66841\/mailto: pressestelle@pd-h.polizei.niedersachsen.de\" class=\"uri-mailto\" rel=\"nofollow noopener\" target=\"_blank\"> pressestelle@pd-h.polizei.niedersachsen.de<\/a><br \/><a target=\"_blank\" class=\"uri-ext outbound\" rel=\"noopener nofollow\" href=\"https:\/\/www.pd-h.polizei-nds.de\">https:\/\/www.pd-h.polizei-nds.de<\/a><\/p>\n<p class=\"originator\">Original-Content von: Polizeidirektion Hannover, \u00fcbermittelt durch news aktuell<\/p>\n","protected":false},"excerpt":{"rendered":"23.12.2025 \u2013 14:09 Polizeidirektion Hannover Hannover (ots) Ein funktionierendes Sicherheitskonzept, sichtbare Pr\u00e4senz und gut abgestimmte Einsatzstrukturen: Die Polizei&hellip;\n","protected":false},"author":2,"featured_media":386213,"comment_status":"","ping_status":"","sticky":false,"template":"","format":"standard","meta":{"footnotes":""},"categories":[1836],"tags":[3364,29,30,46,177,5404,1411,121,178,180,179,181],"class_list":{"0":"post-666769","1":"post","2":"type-post","3":"status-publish","4":"format-standard","5":"has-post-thumbnail","7":"category-hannover","8":"tag-de","9":"tag-deutschland","10":"tag-germany","11":"tag-hannover","12":"tag-kriminalitt","13":"tag-ni","14":"tag-niedersachsen","15":"tag-polizei","16":"tag-presse","17":"tag-pressemeldung","18":"tag-pressemitteilung","19":"tag-pressemitteilungen"},"share_on_mastodon":{"url":"https:\/\/pubeurope.com\/@de\/115769058617795942","error":""},"_links":{"self":[{"href":"https:\/\/www.europesays.com\/de\/wp-json\/wp\/v2\/posts\/666769","targetHints":{"allow":["GET"]}}],"collection":[{"href":"https:\/\/www.europesays.com\/de\/wp-json\/wp\/v2\/posts"}],"about":[{"href":"https:\/\/www.europesays.com\/de\/wp-json\/wp\/v2\/types\/post"}],"author":[{"embeddable":true,"href":"https:\/\/www.europesays.com\/de\/wp-json\/wp\/v2\/users\/2"}],"replies":[{"embeddable":true,"href":"https:\/\/www.europesays.com\/de\/wp-json\/wp\/v2\/comments?post=666769"}],"version-history":[{"count":0,"href":"https:\/\/www.europesays.com\/de\/wp-json\/wp\/v2\/posts\/666769\/revisions"}],"wp:featuredmedia":[{"embeddable":true,"href":"https:\/\/www.europesays.com\/de\/wp-json\/wp\/v2\/media\/386213"}],"wp:attachment":[{"href":"https:\/\/www.europesays.com\/de\/wp-json\/wp\/v2\/media?parent=666769"}],"wp:term":[{"taxonomy":"category","embeddable":true,"href":"https:\/\/www.europesays.com\/de\/wp-json\/wp\/v2\/categories?post=666769"},{"taxonomy":"post_tag","embeddable":true,"href":"https:\/\/www.europesays.com\/de\/wp-json\/wp\/v2\/tags?post=666769"}],"curies":[{"name":"wp","href":"https:\/\/api.w.org\/{rel}","templated":true}]}}