{"id":666770,"date":"2025-12-23T13:13:26","date_gmt":"2025-12-23T13:13:26","guid":{"rendered":"https:\/\/www.europesays.com\/de\/666770\/"},"modified":"2025-12-23T13:13:26","modified_gmt":"2025-12-23T13:13:26","slug":"zugentgleisung-bei-elze-bahnstrecke-hannover-goettingen-tage-gesperrt","status":"publish","type":"post","link":"https:\/\/www.europesays.com\/de\/666770\/","title":{"rendered":"Zugentgleisung bei Elze: Bahnstrecke Hannover-G\u00f6ttingen Tage gesperrt"},"content":{"rendered":"<p>Zwischen Hannover und G\u00f6ttingen <\/p>\n<p>Entgleister Zug legt wichtige Bahnstrecke lahm<\/p>\n<p>23.12.2025 &#8211; 13:50 UhrLesedauer: 1 Min.<\/p>\n<p><a href=\"#focus-0\" class=\"transition-colors duration-200 block text-current relative\" data-sctrack=\"FocusGalleryImage.Reference\"><img fetchpriority=\"high\" data-testid=\"Opener.Image\" style=\"--lqipURL:url('https:\/\/images.t-online.de\/2025\/01\/MlBd23LP-PuF\/0x208:4000x2250\/fit-in\/150x0\/filters:blur(25)\/image.jpg')\"   loading=\"eager\" src=\"https:\/\/www.europesays.com\/de\/wp-content\/uploads\/2025\/12\/1766495606_476_image.jpg\" alt=\"imago 83973305\" title=\"imago 83973305\" width=\"4000\" height=\"2250\" class=\"bg-[url:var(--lqipURL)] bg-cover bg-center flex h-full w-full max-w-full\" decoding=\"async\"\/><img style=\"--width:32;--height:32\" loading=\"lazy\" src=\"https:\/\/hannover.t-online.de\/s\/paper\/_next\/static\/media\/zoom-in.f7dae02f.svg\" alt=\"Vergr\u00f6\u00dfern des Bildes\" title=\"Vergr\u00f6\u00dfern des Bildes\" class=\"block h-[calc(var(--height)_\/_16_*_1rem)] w-[calc(var(--width)_\/_16_*_1rem)] max-w-none absolute bottom-8 right-8 rounded-4 bg-snow p-8\" decoding=\"async\"\/><\/a><\/p>\n<p>Ein G\u00fcterzug (Symbolbild): Nachdem ein Zug entgleist ist, kommt es zwischen Hannover und G\u00f6ttingen zu einer Sperrung. (Quelle: Gottfried Czepluch\/imago-images-bilder)<\/p>\n<p class=\"font-bold text-18 leading-17\">Ein Zugungl\u00fcck bei Elze unterbricht den Bahnverkehr zwischen Hannover und G\u00f6ttingen. Reisende m\u00fcssen sich auf erhebliche Einschr\u00e4nkungen einstellen.<\/p>\n<p class=\"text-18 leading-17\">Bei Elze im Landkreis Hildesheim ist am Dienstag ein Zug entgleist. Der Vorfall f\u00fchrte zu einer Sperrung der Bahnstrecke zwischen Hannover Hauptbahnhof und G\u00f6ttingen.<\/p>\n<p class=\"text-18 leading-17\">Laut Metronom sei der Schaden an der Strecke umfangreich. Die Sperrung werde voraussichtlich mindestens bis zum 26. Dezember andauern.<\/p>\n<p class=\"text-18 leading-17\">Der Regionalzuganbieter teilte mit, es habe sich bei dem entgleisten Zug nicht um einen Metronom gehandelt. Aus noch ungekl\u00e4rter Ursache sei ein Wagen eines G\u00fcterzuges aus den Schienen gesprungen, teilte die Deutsche Bahn mit. Auf der Strecke Hamburg Hauptbahnhof \u2013 Hannover k\u00f6nne es zu Versp\u00e4tungen kommen.<\/p>\n<p class=\"text-18 leading-17\">Die Auswirkungen betreffen den Verkehr auf der Linie RE2 zwischen Hannover und G\u00f6ttingen. Z\u00fcge aus Richtung Hannover enden in Nordstemmen. Aus Richtung G\u00f6ttingen enden sie in Banteln. Zwischen Banteln und Nordstemmen sei ein Busnotverkehr eingerichtet. Fahrg\u00e4ste m\u00fcssen mit l\u00e4ngeren Reisezeiten rechnen.<\/p>\n<p class=\"text-18 leading-17\">Die Bahn empfiehlt, vor Fahrtantritt die aktuellen Verbindungen \u00fcber die elektronischen Auskunftssysteme zu pr\u00fcfen.<\/p>\n","protected":false},"excerpt":{"rendered":"Zwischen Hannover und G\u00f6ttingen Entgleister Zug legt wichtige Bahnstrecke lahm 23.12.2025 &#8211; 13:50 UhrLesedauer: 1 Min. Ein G\u00fcterzug&hellip;\n","protected":false},"author":2,"featured_media":666771,"comment_status":"","ping_status":"","sticky":false,"template":"","format":"standard","meta":{"footnotes":""},"categories":[1836],"tags":[722,17161,2226,2227,3364,29,144464,30,25890,18870,46,8285,1411,2224,15984],"class_list":{"0":"post-666770","1":"post","2":"type-post","3":"status-publish","4":"format-standard","5":"has-post-thumbnail","7":"category-hannover","8":"tag-722","9":"tag-17161","10":"tag-bahnstrecke","11":"tag-bahnverkehr","12":"tag-de","13":"tag-deutschland","14":"tag-elze","15":"tag-germany","16":"tag-goettingen","17":"tag-gueterzug","18":"tag-hannover","19":"tag-hildesheim","20":"tag-niedersachsen","21":"tag-sperrung","22":"tag-zugunglueck"},"share_on_mastodon":{"url":"https:\/\/pubeurope.com\/@de\/115769064537935646","error":""},"_links":{"self":[{"href":"https:\/\/www.europesays.com\/de\/wp-json\/wp\/v2\/posts\/666770","targetHints":{"allow":["GET"]}}],"collection":[{"href":"https:\/\/www.europesays.com\/de\/wp-json\/wp\/v2\/posts"}],"about":[{"href":"https:\/\/www.europesays.com\/de\/wp-json\/wp\/v2\/types\/post"}],"author":[{"embeddable":true,"href":"https:\/\/www.europesays.com\/de\/wp-json\/wp\/v2\/users\/2"}],"replies":[{"embeddable":true,"href":"https:\/\/www.europesays.com\/de\/wp-json\/wp\/v2\/comments?post=666770"}],"version-history":[{"count":0,"href":"https:\/\/www.europesays.com\/de\/wp-json\/wp\/v2\/posts\/666770\/revisions"}],"wp:featuredmedia":[{"embeddable":true,"href":"https:\/\/www.europesays.com\/de\/wp-json\/wp\/v2\/media\/666771"}],"wp:attachment":[{"href":"https:\/\/www.europesays.com\/de\/wp-json\/wp\/v2\/media?parent=666770"}],"wp:term":[{"taxonomy":"category","embeddable":true,"href":"https:\/\/www.europesays.com\/de\/wp-json\/wp\/v2\/categories?post=666770"},{"taxonomy":"post_tag","embeddable":true,"href":"https:\/\/www.europesays.com\/de\/wp-json\/wp\/v2\/tags?post=666770"}],"curies":[{"name":"wp","href":"https:\/\/api.w.org\/{rel}","templated":true}]}}