{"id":666814,"date":"2025-12-23T13:38:17","date_gmt":"2025-12-23T13:38:17","guid":{"rendered":"https:\/\/www.europesays.com\/de\/666814\/"},"modified":"2025-12-23T13:38:17","modified_gmt":"2025-12-23T13:38:17","slug":"berlin-brandenburg-wegner-dankt-ehrenamtlichen-gelebte-mitmenschlichkeit","status":"publish","type":"post","link":"https:\/\/www.europesays.com\/de\/666814\/","title":{"rendered":"Berlin &#038; Brandenburg: Wegner dankt Ehrenamtlichen: &#8222;Gelebte Mitmenschlichkeit&#8220;"},"content":{"rendered":"<p>Berlin &amp; BrandenburgWegner dankt Ehrenamtlichen: &#8222;Gelebte Mitmenschlichkeit&#8220;<img decoding=\"async\" class=\"Image_img__fQCi0 Image_Img_16_9__4BLfH\" loading=\"eager\" fetchpriority=\"high\" src=\"https:\/\/www.europesays.com\/de\/wp-content\/uploads\/2025\/12\/Berlins-Regierender-Buergermeister-wuenscht-den-Berlinern-eine-ruhige-Weihnachtszeit.webp.webp\" alt=\"Berlins-Regierender-Buergermeister-wuenscht-den-Berlinern-eine-ruhige-Weihnachtszeit\"\/>(Foto: Bernd von Jutrczenka\/dpa)TeilenFolgen auf:<a href=\"https:\/\/www.whatsapp.com\/channel\/0029Va5cdVJD8SDp5YZgYF01\" title=\"Auf WhatsApp folgen\" target=\"_blank\" rel=\"noopener\"><img decoding=\"async\" src=\"https:\/\/www.n-tv.de\/socialIcons\/whatsapp.svg\" alt=\"whatsapp\" class=\"ArticleShare_icon__FsrC2\"\/><\/a><a href=\"https:\/\/news.google.com\/publications\/CAAiEPMdif5mpRNxiLOeUpHCwwsqFAgKIhDzHYn-ZqUTcYiznlKRwsML?hl=de&amp;gl=DE&amp;ceid=DE%3Ade\" title=\"Auf Google News folgen\" target=\"_blank\" rel=\"noopener\"><img decoding=\"async\" src=\"https:\/\/www.n-tv.de\/socialIcons\/google.svg\" alt=\"whatsapp\" class=\"ArticleShare_icon__FsrC2\"\/><\/a><\/p>\n<p class=\"Typography_text-m__XI0da Typography_weight-bold__uT6mq storyline_lead_text_leadtext__q_wg8\">Berlins Regierende B\u00fcrgermeister Wegner schickt in den sozialen Medien einen Weihnachtsgru\u00df. Besonders hebt er das Engagement freiwilliger Helfer hervor &#8211; &#8222;bei all unserer Unterschiedlichkeit&#8220;.<\/p>\n<p class=\"Typography_text-default__P3otY Typography_weight-normal__pqUbH storyline_paragraph_p__qSR5N\">Berlin (dpa\/bb) &#8211; Berlins Regierender B\u00fcrgermeister Kai Wegner bedankt sich in seiner Weihnachtsbotschaft bei den ehrenamtlichen Helferinnen und Helfern der Stadt. &#8222;Viele Berlinerinnen und Berliner engagieren sich freiwillig gerade jetzt w\u00e4hrend der Feiertage f\u00fcr Menschen in Not, f\u00fcr Wohnungslose, in der Telefonseelsorge oder ganz einfach in ihrer Nachbarschaft&#8220;, sagte Wegner in einem Video auf der Plattform X.<\/p>\n<p class=\"Typography_text-default__P3otY Typography_weight-normal__pqUbH storyline_paragraph_p__qSR5N\">&#8222;Das ist gelebte Mitmenschlichkeit, das ist gelebter Zusammenhalt&#8220;, so der CDU Politiker weiter. &#8222;Und es ist genau das, was unsere Stadt ausmacht, dass wir bei all unserer Unterschiedlichkeit f\u00fcreinander da sein k\u00f6nnen.&#8220; Wegner bedankte sich auch bei Polizistinnen und Polizisten, Feuerwehrleuten, Rettungskr\u00e4ften, \u00c4rztinnen und Pflegern und bei den Mitarbeitenden im Nahverkehr und in den Notdiensten. Ihnen und allen anderen w\u00fcnsche er eine erholsame Weihnachtszeit.<\/p>\n<p class=\"Typography_text-s__wu_cm Typography_weight-normal__pqUbH Typography_color-darkgrey__sZEnP article-detail-footer_source__KslPc\">Quelle: dpa<\/p>\n","protected":false},"excerpt":{"rendered":"Berlin &amp; BrandenburgWegner dankt Ehrenamtlichen: &#8222;Gelebte Mitmenschlichkeit&#8220;(Foto: Bernd von Jutrczenka\/dpa)TeilenFolgen auf: Berlins Regierende B\u00fcrgermeister Wegner schickt in den&hellip;\n","protected":false},"author":2,"featured_media":666815,"comment_status":"","ping_status":"","sticky":false,"template":"","format":"standard","meta":{"footnotes":""},"categories":[1816],"tags":[1960,1958,1959,1957,1956,1890,29,30],"class_list":{"0":"post-666814","1":"post","2":"type-post","3":"status-publish","4":"format-standard","5":"has-post-thumbnail","7":"category-brandenburg","8":"tag-aktuelle-nachrichten-aus-berlin-und-brandenburg","9":"tag-aktuelle-nachrichten-aus-brandenburg","10":"tag-aktuelle-news-aus-berlin-und-brandenburg","11":"tag-aktuelle-news-aus-brandenburg","12":"tag-berlin-und-brandenburg","13":"tag-brandenburg","14":"tag-deutschland","15":"tag-germany"},"share_on_mastodon":{"url":"https:\/\/pubeurope.com\/@de\/115769162682900666","error":""},"_links":{"self":[{"href":"https:\/\/www.europesays.com\/de\/wp-json\/wp\/v2\/posts\/666814","targetHints":{"allow":["GET"]}}],"collection":[{"href":"https:\/\/www.europesays.com\/de\/wp-json\/wp\/v2\/posts"}],"about":[{"href":"https:\/\/www.europesays.com\/de\/wp-json\/wp\/v2\/types\/post"}],"author":[{"embeddable":true,"href":"https:\/\/www.europesays.com\/de\/wp-json\/wp\/v2\/users\/2"}],"replies":[{"embeddable":true,"href":"https:\/\/www.europesays.com\/de\/wp-json\/wp\/v2\/comments?post=666814"}],"version-history":[{"count":0,"href":"https:\/\/www.europesays.com\/de\/wp-json\/wp\/v2\/posts\/666814\/revisions"}],"wp:featuredmedia":[{"embeddable":true,"href":"https:\/\/www.europesays.com\/de\/wp-json\/wp\/v2\/media\/666815"}],"wp:attachment":[{"href":"https:\/\/www.europesays.com\/de\/wp-json\/wp\/v2\/media?parent=666814"}],"wp:term":[{"taxonomy":"category","embeddable":true,"href":"https:\/\/www.europesays.com\/de\/wp-json\/wp\/v2\/categories?post=666814"},{"taxonomy":"post_tag","embeddable":true,"href":"https:\/\/www.europesays.com\/de\/wp-json\/wp\/v2\/tags?post=666814"}],"curies":[{"name":"wp","href":"https:\/\/api.w.org\/{rel}","templated":true}]}}