{"id":666829,"date":"2025-12-23T13:48:13","date_gmt":"2025-12-23T13:48:13","guid":{"rendered":"https:\/\/www.europesays.com\/de\/666829\/"},"modified":"2025-12-23T13:48:13","modified_gmt":"2025-12-23T13:48:13","slug":"der-tag-auf-ntv-de-am-dienstag-23-dezember-2025","status":"publish","type":"post","link":"https:\/\/www.europesays.com\/de\/666829\/","title":{"rendered":"Der Tag auf ntv.de am Dienstag, 23. Dezember 2025"},"content":{"rendered":"<p>14:40 UhrProdukt bei Konditorei sorgt f\u00fcr Sturm der Entr\u00fcstung<\/p>\n<p class=\"Typography_text-default__P3otY Typography_weight-normal__pqUbH storyline_paragraph_p__qSR5N\">In \u00d6sterreich bricht ein<b class=\"bold\"> Sturm der Entr\u00fcstung <\/b>\u00fcber eine B\u00e4ckerei in Klagenfurt hinein. Diese verkauft laut &#8222;Kleine Zeitung&#8220; in ihrem Onlineshop Produkte, in deren Bezeichnung<b class=\"bold\"> das N-Wort auftaucht<\/b>. Konkret hei\u00dft es dort: &#8222;N****brot&#8220;. Von Rassismus will man bei der Konditorei Zehrer aber nichts wissen. <\/p>\n<p class=\"Typography_text-default__P3otY Typography_weight-normal__pqUbH storyline_paragraph_p__qSR5N\">Intern werde das Produkt bereits <b class=\"bold\">seit einigen Jahren &#8222;Erdnussbrot&#8220; genannt<\/b>, hei\u00dft es als Antwort an die &#8222;Kleine Zeitung&#8220;. Und: &#8222;Ganze Generationen kennen es als N****brot und verbinden damit Kindheitserinnerungen. Das ist<b class=\"bold\"> nicht abwertend gemeint<\/b>.&#8220; Wenn danach gefragt werde, w\u00fcrde es keinen Sinn machen, zu sagen, sie h\u00e4tten das Produkt nicht, argumentiert Zehrer. Viele Nutzer in sozialen Netzwerken \u00fcberzeugt das nicht. Sie fordern eine<b class=\"bold\"> Umbenennung<\/b>. Auch in Deutschland gibt es nach wie vor immer wieder Vorf\u00e4lle um das N-Wort:<\/p>\n<p>14:17 UhrChuck Norris trauert um Ex-Frau &#8211; &#8222;Dianne war ein unglaublicher Mensch&#8220;<\/p>\n<p class=\"Typography_text-default__P3otY Typography_weight-normal__pqUbH storyline_paragraph_p__qSR5N\">Sie wissen vielleicht nicht unbedingt gleich, wer Dianne Holechek war, aber f\u00fcr Chuck Norris war sie lange Zeit die Frau an seiner Seite &#8211; und auch nach 30 Jahren Ehe noch eine enge Vertraute. Der Actionstar trauert um Holechek, die <b class=\"bold\">im Alter von 84 Jahren<\/b> gestorben ist. Das gab Norris in einem Social-Media-Beitrag bekannt. Norris teilte ein Schwarz-Wei\u00df-Foto des ehemaligen Paares, auf dem sie zusammen mit ihren <b class=\"bold\">S\u00f6hnen Mike und Eric Norris<\/b> posieren. Er sei zutiefst traurig, mitteilen zu m\u00fcssen, dass seine Ex-Frau Dianne verstorben sei, schreibt der Hollywoodstar zu dem Schnappschuss. &#8222;<b class=\"bold\">Nach 30 Jahren Ehe konnten wir einen Weg finden, enge Freunde zu bleiben<\/b>, und diese Jahre der Freundschaft bedeuten mir die Welt&#8220;, hei\u00dft es in dem Post weiter. &#8222;Dianne war ein unglaublicher Mensch. Sie war freundlich, intelligent und hat das Leben in vollen Z\u00fcgen genossen. Ihre Anwesenheit in meinem Leben wird niemals vergessen werden. Sie war auch eine liebevolle und hingebungsvolle Mutter f\u00fcr unsere S\u00f6hne Mike und Eric, die immer ihr gr\u00f6\u00dfter Stolz waren.&#8220;<\/p>\n<p><img decoding=\"async\" class=\"Image_img__fQCi0 Image_Img_16_9__4BLfH widget-picture-inline_maximizable__t_E7h\" loading=\"lazy\" src=\"https:\/\/www.n-tv.de\/logo_grey.svg\" alt=\"Der-amerikanische-Schauspieler-u-a-in-der-TV-Serie-Walker-Texas-Ranger-mit-seiner-Ehefrau-Diane-bei-einem-Staatsbankett-in-Washington-D-C-im-Januar-1988-Chuck-Norris-wurde-am-10-Maerz-1940-in-Ryan-Oklahoma-geboren\"\/>Der amerikanische Schauspieler kennen viele unter anderem aus der Serie &#8222;Walker, Texas Ranger&#8220;) &#8211; hier mit Dianne Holechek im Jahr 1987. (Foto: picture-alliance \/ dpa)<\/p>\n<p>14:11 UhrSchichtwechsel<\/p>\n<p class=\"Typography_text-default__P3otY Typography_weight-normal__pqUbH storyline_paragraph_p__qSR5N\">Liebe Leserinnen und Leser,<\/p>\n<p class=\"Typography_text-default__P3otY Typography_weight-normal__pqUbH storyline_paragraph_p__qSR5N\">die letzte Schicht hier im Tag vor dem Weihnachtsfest ist angebrochen. Bis in den Abend hinein begleite ich Sie an dieser Stelle. Mein Name ist Robin Gr\u00fctzmacher und bei Fragen, Anregungen oder Kritik schreiben Sie gerne eine Mail an: robin.gruetzmacher@ntv.de. <\/p>\n<p>13:59 UhrBundestag im Weihnachtsmodus: So verbringen die Abgeordneten die Zeit<\/p>\n<p class=\"Typography_text-default__P3otY Typography_weight-normal__pqUbH storyline_paragraph_p__qSR5N\">Wie verbringen Sie die Feiertage? Die Politikerinnen und Politiker ganz unterschiedlich von &#8222;Explosion&#8220; in der K\u00fcche bis hin zu &#8222;endlich Ruhe&#8220;. Letzteres ist nach einem durchaus turbulenten Jahr mit Regierungswechsel gut nachzuvollziehen. Nun ist Zeit f\u00fcr Familie und gutes Essen &#8211; oder was ist geplant? Die Abgeordneten verraten ihre Vorhaben f\u00fcr die Feiertage:<\/p>\n<p>13:36 UhrKein Hinweis auf Terror in Gie\u00dfen &#8211; Ermittlungen gegen Unfallfahrer wegen versuchten Mordes<\/p>\n<p class=\"Typography_text-default__P3otY Typography_weight-normal__pqUbH storyline_paragraph_p__qSR5N\">Nach dem Zwischenfall mit einem Auto und mehreren Verletzten in der Gie\u00dfener Innenstadt vermuten die Ermittler eine <b class=\"bold\">psychische Erkrankung <\/b>bei dem Autofahrer. Es gebe bislang keine Hinweise auf eine politisch motivierte oder terroristische Straftat, teilen die Polizei und die Staatsanwaltschaft Gie\u00dfen mit.<\/p>\n<p>13:20 UhrZug entgleist: Strecke zwischen Hannover und G\u00f6ttingen dicht<\/p>\n<p class=\"Typography_text-default__P3otY Typography_weight-normal__pqUbH storyline_paragraph_p__qSR5N\">Keine guten Nachrichten f\u00fcr viele, die gerade im Raum Hannover beziehungsweise G\u00f6ttingen mit dem Zug unterwegs sind: Auf der Bahnstrecke Hannover Hauptbahnhof &#8211; G\u00f6ttingen kommt es <b class=\"bold\">bei Elze (Landkreis Hildesheim) <\/b>zu einer Streckensperrung. Grund ist ein entgleister Zug, der Schaden an der Strecke ist nach Angaben des Regionalzuganbieters Metronom umfangreich. <\/p>\n<p class=\"Typography_text-default__P3otY Typography_weight-normal__pqUbH storyline_paragraph_p__qSR5N\"><b class=\"bold\">Also etwas warten oder morgen fahren? <\/b>Nach einer ersten Einsch\u00e4tzung bleibt die Strecke <b class=\"bold\">voraussichtlich mindestens bis zum 26. Dezember gesperrt<\/b>. Der Anbieter wies darauf hin, dass es sich bei dem entgleisten Zug nicht um einen Metronom handelte. Auch auf der Strecke <b class=\"bold\">Hamburg Hauptbahnhof &#8211; Hannover <\/b>k\u00f6nne es zu sp\u00fcrbaren Versp\u00e4tungen durch die Streckensperrung bei Elze kommen.<\/p>\n<p>12:38 UhrKanaldamm bricht &#8211; Hausboote kippen in die Tiefe<\/p>\n<p class=\"Typography_text-default__P3otY Typography_weight-normal__pqUbH storyline_paragraph_p__qSR5N\"><b class=\"bold\">Im englischen Whitchurch<\/b> bricht ein Kanaldamm. Mehrere Hausboote kippen in das pl\u00f6tzlich klaffende Erdloch und landen im Schlamm. Ein Video zeigt den Moment, als ein Schiff \u00fcber die Kante kippt. Drohnenaufnahmen verdeutlichen das Ausma\u00df des Schadens. <\/p>\n<p>12:11 UhrAusstieg aus Trumps Friedensplan? Israels Minister Katz will Gazas Norden besiedeln<\/p>\n<p class=\"Typography_text-default__P3otY Typography_weight-normal__pqUbH storyline_paragraph_p__qSR5N\">Eigentlich sollen die israelischen Truppen laut Friedensplan stufenweise nach dem<b class=\"bold\"> Ende des Kriegs aus dem Gazastreifen<\/b> <b class=\"bold\">abziehen<\/b>. Doch statt sich zu bem\u00fchen, den vielen unschuldigen Menschen, die zwar noch ihr Leben, aber kein Zuhause mehr haben, eine Perspektive zu schaffen, scheint der israelische Verteidigungsminister Israel Katz ganz andere Projekte im Sinn zu haben: Der<b class=\"bold\"> rechtskonservative Politiker<\/b> spricht von einer Besiedlung des n\u00f6rdlichen Gazastreifens. Das steht zwar klar im Widerspruch zu dem von US-Pr\u00e4sident Donald Trump initiierten Friedensplan. Andererseits: Da Trump sich selbst weder ans V\u00f6lkerrecht oder an irgendein anderes Recht gebunden zu f\u00fchlen scheint, warum sollten andere dann Vertr\u00e4ge f\u00fcr voll nehmen? <\/p>\n<p><img decoding=\"async\" class=\"Image_img__fQCi0 Image_Img_16_9__4BLfH widget-picture-inline_maximizable__t_E7h\" loading=\"lazy\" src=\"https:\/\/www.n-tv.de\/logo_grey.svg\" alt=\"Palestinians-flee-with-their-belongings-the-Abu-Iskandar-neighbourhood-of-northern-Gaza-City-on-August-25-2025-Israeli-Defence-Minister-Israel-Katz-vowed-on-August-22-to-destroy-Gaza-City-if-Hamas-did-not-agree-to-disarm-release-all-remaining-hostages-in-the-territory-and-end-the-war-on-Israel-s-terms-Photo-by-Omar-Ashtawy-apaimages-APAIMAGES-sipa\"\/>Die Lage f\u00fcr viele Menschen im Gazastreifen ist desastr\u00f6s. (Foto: picture alliance \/ SIPA)<\/p>\n<p class=\"Typography_text-default__P3otY Typography_weight-normal__pqUbH storyline_paragraph_p__qSR5N\">Katz bleibt in seinen \u00c4u\u00dferungen noch sehr vage: Bei einer Veranstaltung im besetzten Westjordanland sagte der israelische Minister, man werde &#8222;mit Gottes Hilfe, wenn die Zeit gekommen ist&#8220;, auch im Norden des Gazastreifens Siedlungskerne errichten, <b class=\"bold\">an den Orten der vor 20 Jahren ger\u00e4umten israelischen Siedlungen.<\/b> Man werde dies &#8222;auf die richtige Weise und zur richtigen Zeit&#8220; tun. Katz sprach zudem von einer &#8222;gro\u00dfen Revolution&#8220; im Westjordanland, wo Israel zuletzt die Schaffung weiterer Siedlungen beschlossen hatte. International werden die israelischen Siedlungen auf dem Gebiet, das die Pal\u00e4stinenser als Teil eines eigenen Staates beanspruchen,<b class=\"bold\"> als illegal und als H\u00fcrde f\u00fcr eine Friedensregelung eingestuft<\/b>. Im August hatte Ministerpr\u00e4sident Benjamin Netanjahu gesagt, Israel habe nicht vor, den Gazastreifen zu besetzen und erneut zu besiedeln. <b class=\"bold\">&#8222;Das ist nicht meine Politik&#8220;<\/b>, hatte der 76-j\u00e4hrige Likud-Vorsitzende damals gesagt.<\/p>\n<p>12:00 UhrSchlagzeilen am Mittag<\/p>\n<p>11:47 UhrSchnee im Anflug? So wird das Weihnachtswetter<\/p>\n<p class=\"Typography_text-default__P3otY Typography_weight-normal__pqUbH storyline_paragraph_p__qSR5N\">Der Weihnachtsmann ist in dieser Woche nicht allein: Auch V\u00e4terchen Frost besucht uns und bringt winterliche Temperaturen mit. Beim Schnee k\u00f6nnen einige tats\u00e4chlich auf wei\u00dfe Fl\u00f6ckchen hoffen, aber andere d\u00fcrften vergebens warten. Wo die Chancen auf wei\u00dfe Weihnachten am gr\u00f6\u00dften sind: <\/p>\n<p>11:08 UhrAuto st\u00fcrzt von Br\u00fccke zehn Meter in die Tiefe &#8211; Fahrer \u00fcberlebt<\/p>\n<p class=\"Typography_text-default__P3otY Typography_weight-normal__pqUbH storyline_paragraph_p__qSR5N\">Es geh\u00f6rt definitiv zu den &#8222;Was w\u00e4re wenn&#8220;-Szenarien, die ich beim Fahren <b class=\"bold\">auf l\u00e4ngeren Br\u00fccken im S\u00fcden Deutschlands<\/b> h\u00e4ufig im Kopf habe: Wenn ein Lastwagen das eigene Auto wie eine Billardkugel trotz Leitplanke von der Br\u00fccke kickt. Etwa das ist einem <b class=\"bold\">30 Jahre alten Mann<\/b> auf der A70 im Landkreis Bamberg in Bayern passiert. Der Lkw-Fahrer wechselte die Spur, um einen Unfall zu vermeiden, aber verursachte so die folgenschwere Kollision mit dem Auto des 30-J\u00e4hrigen. Wie die Polizei mitteilt, wurde dann das Auto<b class=\"bold\"> \u00fcber die Leitplanke geschleudert <\/b>und fiel in die Tiefe. Der Wagen sei <b class=\"bold\">auf dem Dach<\/b> gelandet. Ganz gro\u00dfes Gl\u00fcck im Ungl\u00fcck f\u00fcr den Autofahrer, der sich laut Polizei selbst befreien konnte, aber dennoch bei dem Horror-Unfall schwer verletzt worden ist.<\/p>\n<p>10:27 UhrPolizist stoppt Crashtour von Autodieb in NRW &#8211; sechs Unf\u00e4lle<\/p>\n<p class=\"Typography_text-default__P3otY Typography_weight-normal__pqUbH storyline_paragraph_p__qSR5N\">Ein Mann ist <b class=\"bold\">in M\u00fcnster und im benachbarten Landkreis Steinfurt<\/b> zu einer richtigen &#8222;Crashtour&#8220; aufgebrochen und zwar mit einem gestohlenen Auto. Wie die Polizei mitteilt verursachte der 26-J\u00e4hrige nach bisherigem Stand an sechs Orten Unf\u00e4lle. <b class=\"bold\">Verletzt wurde demnach niemand,<\/b> aber das hat wohl nur mit Gl\u00fcck zu tun. Der Autodieb missachtete mehrere rote Ampeln und donnerte \u00fcber ein abgestelltes Fahrrad. Dass seine Unfallfahrt noch ein Ende fand, bevor jemand zu Schaden kommt, ist einem aufmerksamen Polizisten zu verdanken: <b class=\"bold\">Der Beamte war nicht im Dienst,<\/b> aber z\u00f6gerte nicht, den Fahrer zu stoppen. Eine Streife konnte den 26-J\u00e4hrigen dann fixieren. Der Mann leistete laut Mitteilung erheblichen Widerstand. Die Polizei hat ein Hinweisportal freigeschaltet, wo Zeugen m\u00f6gliche Videos und Fotos der Crashtour hochladen k\u00f6nnen. Die Hintergr\u00fcnde des Vorfalls seien noch unklar.<\/p>\n<p>09:47 UhrJ\u00e4ger zu Trump-Pl\u00e4nen: &#8222;Wenn sie Gr\u00f6nland besetzen wollen, k\u00f6nnen die USA das&#8220;<\/p>\n<p class=\"Typography_text-default__P3otY Typography_weight-normal__pqUbH storyline_paragraph_p__qSR5N\">Donald Trump und Gr\u00f6nland ist eine Geschichte mit mehreren &#8222;Staffeln&#8220;: <b class=\"bold\">Ein Land kaufen? Ausgeschlossen,<\/b> war die R\u00fcckmeldung und seine Aussagen stie\u00dfen noch auf gro\u00dfes Gel\u00e4chter. Dann machte der US-Pr\u00e4sident vor einigen Monaten Schlagzeilen mit seinen Pl\u00e4nen, Gr\u00f6nland annektieren zu wollen &#8211; da war das Gel\u00e4chter schon deutlich weniger. Wie ernst es ihm ist, macht Trump nun mit der Ernennung des Gouverneurs von Louisiana zum <b class=\"bold\">Gr\u00f6nland-Sondergesandten<\/b>. Seine Aufgabe laut des US-Pr\u00e4sidenten: &#8222;Gr\u00f6nland zu einem Teil der USA zu machen.&#8220; <b class=\"bold\">Gr\u00f6nland und die EU protestieren<\/b>, doch das wird im Fall der F\u00e4lle nicht viel nutzen, wie Politikwissenschaftler Thomas J\u00e4ger erkl\u00e4rt.<\/p>\n<p>09:27 UhrWeniger Sekt zum Feiern? Schaumweinkonsum geht zur\u00fcck<\/p>\n<p class=\"Typography_text-default__P3otY Typography_weight-normal__pqUbH storyline_paragraph_p__qSR5N\">Ob man ihn mag oder nicht, aber zum Ansto\u00dfen ist Sekt oder Prosecco h\u00e4ufig die erste Wahl &#8211; oder vielleicht doch nicht? Der Blick in die Statistik l\u00e4sst genau das vermuten: Der Konsum von Schaumweinen in Deutschland ist binnen zehn Jahren jedoch um rund ein F\u00fcnftel gesunken (19,5 Prozent), wie das Statistische Bundesamt mitteilt. Im Jahr<b class=\"bold\"> 2014 waren es noch 46 Gl\u00e4ser Sekt, Prosecco oder Champagner pro Kopf<\/b> im Jahr &#8211; zehn Jahre sp\u00e4ter waren es schon zehn Gl\u00e4ser weniger. Tja, es k\u00f6nnte auch daran liegen, dass wir in den vergangenen Jahren mit Pandemie und Ukraine-Krieg nicht so viel zu feiern hatten wie in den Vorjahren. <\/p>\n<p><img decoding=\"async\" class=\"Image_img__fQCi0 Image_Img_16_9__4BLfH widget-picture-inline_maximizable__t_E7h\" loading=\"lazy\" src=\"https:\/\/www.n-tv.de\/logo_grey.svg\" alt=\"Eine-Runde-Sekt-fuer-die-Mitarbeiter-nett-wenn-der-Chef-das-erlaubt-Die-Arbeitsfaehigkeit-darf-das-aber-nicht-beeintraechtigen\"\/>St\u00f6\u00dfchen! Vor Silvester wird der Verkauf sicherlich nochmal kr\u00e4ftig in Schwung kommen. (Foto: picture alliance \/ dpa Themendienst)<\/p>\n<p class=\"Typography_text-default__P3otY Typography_weight-normal__pqUbH storyline_paragraph_p__qSR5N\">Nochmal ein paar Zahlen: Im vergangenen Jahr wurden den Statistikern zufolge <b class=\"bold\">255,3 Millionen Liter Schaumwein <\/b>in Deutschland verkauft. Pro Kopf kamen auf jede Person ab 16 Jahren demnach <b class=\"bold\">rund 4,8 Flaschen Schaumwein<\/b>. 2014 hatten die mindestens 16-J\u00e4hrigen im Schnitt noch 6,1 Flaschen Schaumwein getrunken.<\/p>\n<p>09:10 UhrSchlagzeilen am Morgen<\/p>\n<p>08:50 UhrDieses Geschenk ist f\u00fcr Horst Lichter &#8222;voll f\u00fcr den Arsch&#8220;<\/p>\n<p class=\"Typography_text-default__P3otY Typography_weight-normal__pqUbH storyline_paragraph_p__qSR5N\">Suchen Sie gerade noch ein Weihnachtsgeschenk? Der Moderator und TV-Koch Horst Lichter hat da einen Tipp: keinen Gutschein schenken. Im Interview mit der &#8222;Neuen Osnabr\u00fccker Zeitung&#8220; (NOZ) sagte er: &#8222;Ich habe immer wieder mal Gutscheine geschenkt bekommen. Aber <b class=\"bold\">eingel\u00f6st habe ich in meinem ganzen Leben nicht einen davon.<\/b> Nie.&#8220; Er finde Gutscheine &#8222;voll f\u00fcr den Arsch&#8220;. Das gilt auch f\u00fcr einen Gutschein, den er zu seiner Hochzeit geschenkt bekommen hatte &#8211; <b class=\"bold\">vier Tage im Hotel<\/b>. &#8222;Dann sagt man sich zuerst: Das kann ich ja immer noch machen. Bis man sich irgendwann sagt: Das ist Urzeiten her, der Gutschein gilt doch gar nicht mehr.&#8220; Falls Sie nun jede Menge Gutscheine, zum Beispiel f\u00fcr gemeinsame Aktivit\u00e4ten, f\u00fcr Heiligabend gekauft haben, h\u00e4tte ich noch einen Tipp: Am besten zusammen mit dem Geschenk <b class=\"bold\">gleich ein paar Terminvorschl\u00e4ge<\/b> machen. Sonst wird daraus nie etwas wie aus dem Familienfoto in meiner Familie &#8211; okay, die Pandemie hat die Sache auch ein klein wenig erschwert zwischenzeitlich &#8230; <\/p>\n<p><img decoding=\"async\" class=\"Image_img__fQCi0 Image_Img_16_9__4BLfH widget-picture-inline_maximizable__t_E7h\" loading=\"lazy\" src=\"https:\/\/www.n-tv.de\/logo_grey.svg\" alt=\"Moderator-Horst-Lichter-zu-Gast-in-der-WDR-Talkshow-Koelner-Treff\"\/>Horst Lichter (Foto: picture alliance \/ dpa)<\/p>\n<p>08:12 UhrMethanexplosion: Zwei Tote bei Grubenungl\u00fcck in Polen<\/p>\n<p class=\"Typography_text-default__P3otY Typography_weight-normal__pqUbH storyline_paragraph_p__qSR5N\">Kurz vor Weihnachten wird Polen von einem schweren Grubenungl\u00fcck ersch\u00fcttert: Bei dem Unfall in einer Kohlegrube <b class=\"bold\">im schlesischen Pawlowice<\/b> sind zwei Bergleute get\u00f6tet worden. Ausl\u00f6ser war eine Methanexplosion, die gestern Nachmittag <b class=\"bold\">auf 900 Metern unter Tage<\/b> registriert wurde, wie der Betreiber JSW mitteilt. Den Angaben zufolge befanden sich zum Zeitpunkt der Explosion zehn Bergleute in der N\u00e4he der Ungl\u00fccksstelle. Acht von ihnen gelang es, sich in Sicherheit zu bringen. Zu einem<b class=\"bold\"> 41 Jahre alten Kumpel und seinem 40 Jahre alten Kollegen<\/b> gab es jedoch keinen Kontakt. Nach sieben Stunden Suche gelang es den Rettungskr\u00e4ften in der Nacht, die beiden zu bergen, aber ein Arzt konnte nur noch den Tod feststellen. Damit sind in diesem Jahr nach Angaben der Obersten Bergbaubeh\u00f6rde<b class=\"bold\"> 15 Menschen bei Grubenungl\u00fccken in Polen ums Leben gekommen.<\/b><\/p>\n<p>07:39 UhrPolizei erwischt Mann beim Autoknacken &#8211; Flucht endet mit sieben Verletzten<\/p>\n<p class=\"Typography_text-default__P3otY Typography_weight-normal__pqUbH storyline_paragraph_p__qSR5N\">Die Polizei ertappt einen Mann<b class=\"bold\"> in Hamburg <\/b>dabei, wie er versucht &#8211; erfolglos, wie die Beamtinnen und Beamten mitteilen &#8211; Autos aufzubrechen. Der <b class=\"bold\">37-J\u00e4hrige<\/b> spurtet zu seinem Auto und ergreift die Flucht. Doch der Versuch zu Entkommen endet mit einem Unfall: Das Fluchtfahrzeug wird zwischen einem Linienbus und einem anderen Wagen eingeklemmt, mehrere Menschen werden verletzt. Der Verd\u00e4chtige muss von Einsatzkr\u00e4ften aus seinem eingeklemmten Auto befreit werden. Er wurde mit leichten Verletzungen ins Krankenhaus gebracht. <b class=\"bold\">Drei Passagiere im Bus <\/b>und drei Insassen in dem anderen Auto wurden leicht verletzt oder standen unter Schock.<\/p>\n<p>07:15 UhrWas heute wichtig wird<\/p>\n<p class=\"Typography_text-default__P3otY Typography_weight-normal__pqUbH storyline_paragraph_p__qSR5N\">Guten Morgen, liebe Leserinnen und Leser, <\/p>\n<p class=\"Typography_text-default__P3otY Typography_weight-normal__pqUbH storyline_paragraph_p__qSR5N\">momentan gibt es wohl zwei Typen von Weihnachtselfen: die ganz entspannten, die schon &#8222;vor Wochen alles l\u00e4ngst erledigt&#8220; haben und die gestressten Menschen, die heute und vielleicht sogar morgen Fr\u00fch noch durch die Gesch\u00e4fte irren auf der fieberhaften Suche nach einem Geschenk. Letzteren w\u00fcnsche ich viel Erfolg und Durchhalteverm\u00f6gen. Was uns am Tag vor Heiligabend noch so erwartet: <\/p>\n<p><img decoding=\"async\" class=\"Image_img__fQCi0 Image_Img_16_9__4BLfH widget-picture-inline_maximizable__t_E7h\" loading=\"lazy\" src=\"https:\/\/www.n-tv.de\/logo_grey.svg\" alt=\"A-man-feeds-a-goats-in-a-petting-zoo-Be-closer-to-animals-and-nature-Focus-on-the-goat\"\/>Ziegen haben die H\u00f6rner und ihren Dicksch\u00e4del nicht nur zum Angucken &#8211; die setzen sie auch gern mal ein. (Foto: picture alliance \/ Zoonar)<\/p>\n<ul class=\"storyline_list_bulleted_ul__UBKND\">\n<li>\n<p class=\"Typography_text-default__P3otY Typography_weight-normal__pqUbH storyline_paragraph_p__qSR5N\">Kann eine Krankenkasse Behandlungskosten von einem Tierpark einfordern, weil eine Ziege im dortigen Streichelgehege eine Versicherte zu Fall brachte? \u00dcber diese Frage entscheidet heute das Landgericht in Stralsund.<\/p>\n<\/li>\n<li>\n<p class=\"Typography_text-default__P3otY Typography_weight-normal__pqUbH storyline_paragraph_p__qSR5N\">Bundesweit gibt es rund 970 Tafeln, also kostenlose Lebensmittelausgaben f\u00fcr Bed\u00fcrftige Menschen. Die Tafel Deutschland zieht heute Bilanz f\u00fcr das Jahr 2025.<\/p>\n<\/li>\n<li>\n<p class=\"Typography_text-default__P3otY Typography_weight-normal__pqUbH storyline_paragraph_p__qSR5N\">Auto in Bushaltestelle in Gie\u00dfen gerast: War es ein Unfall? Nach dem Vorfall in Hessen mit mehreren Verletzten sind noch einige Fragen offen.<\/p>\n<\/li>\n<li>\n<p class=\"Typography_text-default__P3otY Typography_weight-normal__pqUbH storyline_paragraph_p__qSR5N\">In Bayern wird das Urteil in einem Prozess gegen einen ehemaligen Bundeswehrsoldaten erwartet: Der 30-J\u00e4hrige aus dem Landkreis Hof soll zwischen 2015 und 2022 sechs Frauen teils schwer und in einem Fall mehrfach vergewaltigt haben. Die Anklage wirft ihm zudem Verst\u00f6\u00dfe gegen das Kriegswaffenkontrollgesetz sowie das Waffen- und Sprengstoffgesetz vor. In Gang gekommen waren die Ermittlungen, weil US-Beh\u00f6rden den Mann verd\u00e4chtigten, kinderpornografische Daten zu besitzen. Auch daf\u00fcr ist er angeklagt.<\/p>\n<\/li>\n<\/ul>\n<p class=\"Typography_text-default__P3otY Typography_weight-normal__pqUbH storyline_paragraph_p__qSR5N\">Aus Politik und Wirtschaft gibt es am Tag vor Heiligabend erwartungsgem\u00e4\u00df wenig. W\u00e4hrend wir voll im &#8222;Weihnachtsmodus&#8220; sind und uns auf geruhsame Tage freuen k\u00f6nnen, gilt das in anderen Teilen der Welt nicht, wie im Sudan, im Gazastreifen oder in der Ukraine. Wir behalten das im Blick, zum Beispiel im <a class=\"inline_link\" href=\"https:\/\/www.n-tv.de\/politik\/07-27-In-der-Ukraine-kommt-es-zu-Strom-Notabschaltungen-nach-russischen-Angriffen-article23143824.html\" target=\"_blank\" rel=\"noopener\">Ukraine-Ticker<\/a>. Bei Fragen, Hinweisen oder Kritik k\u00f6nnen Sie mir gern eine Mail schreiben an: johanna.ohlau(at)ntv.de.<\/p>\n<p>06:51 UhrF\u00fcnf Tote bei Flugzeugabsturz vor US-K\u00fcste<\/p>\n<p class=\"Typography_text-default__P3otY Typography_weight-normal__pqUbH storyline_paragraph_p__qSR5N\"><b class=\"bold\">Vor der K\u00fcste des US-Bundesstaates Texas<\/b> sind mehrere Menschen bei einem Flugzeugabsturz ums Leben gekommen: Ein Kleinflugzeug der mexikanischen Marine ist w\u00e4hrend eines medizinischen Einsatzes abgest\u00fcrzt. F\u00fcnf der <b class=\"bold\">acht Menschen an Bord <\/b>seien nach bisherigen Informationen ums Leben gekommen, teilt die mexikanische Marine mit. Zwei weitere h\u00e4tten den Absturz \u00fcberlebt, nach einem Menschen halte die Suche im Wasser noch an. Vier der Passagiere an Bord waren Menschen mit B<b class=\"bold\">randverletzungen,<\/b> die in den USA behandelt werden sollten. Unter den Toten befinde sich auch ein <b class=\"bold\">zweij\u00e4hriges Kind,<\/b> berichtet der US-Sender CNN unter Berufung auf die US-K\u00fcstenwache. A<b class=\"bold\">m Absturzort herrschte Nebel,<\/b> wie auf Fotos zu sehen war. US-Medien zufolge wollte die Maschine i<b class=\"bold\">n Galveston nahe der Gro\u00dfstadt Houston <\/b>landen und st\u00fcrzte kurz zuvor aus noch unbekannter Ursache ab. <\/p>\n<p><img decoding=\"async\" class=\"Image_img__fQCi0 Image_Img_16_9__4BLfH widget-picture-inline_maximizable__t_E7h\" loading=\"lazy\" src=\"https:\/\/www.n-tv.de\/logo_grey.svg\" alt=\"Beamte-der-Polizei-von-Galveston-beobachten-das-Wasser-in-der-Galveston-Bay-westlich-des-Galveston-Causeway-in-der-Naehe-von-Galveston-Texas-waehrend-Rettungskraefte-nach-einem-Kleinflugzeug-suchen-das-bei-dichtem-Nebel-in-der-Bucht-abgestuerzt-ist\"\/>Das Ungl\u00fcck ereignete sich der N\u00e4he von Galveston an der US-K\u00fcste. (Foto: picture alliance\/dpa\/The Galveston County Daily News\/AP)<\/p>\n<p>06:10 UhrKnapp jeder dritte Tafelkunde ist ein Kind<\/p>\n<p class=\"Typography_text-default__P3otY Typography_weight-normal__pqUbH storyline_paragraph_p__qSR5N\">Wir werfen in Deutschland so viele Lebensmittel weg. Umso schlimmer, wenn man bedenkt, wie viele Menschen nicht genug Geld f\u00fcr Essen haben und auf <b class=\"bold\">privat organisierte Initiativen <\/b>wie die Tafel angewiesen sind. Etwa 1,5 Millionen Menschen besuchen die <b class=\"bold\">970 kostenlosen Lebensmittel-Ausgaben <\/b>und knapp jeder dritte Kunde ist ein Kind (fast 30 Prozent). &#8222;Vor allem die Anzahl der Kinder ist im Vergleich zum Vorjahr leicht gestiegen, was uns Sorge bereitet&#8220;, sagte Andreas Steppuhn, Vorsitzender der Tafel Deutschland, der Deutschen Presse-Agentur. <b class=\"bold\">Die Lage bei den Tafeln bleibe angespannt<\/b>: &#8222;Die gestiegenen Lebenshaltungskosten durch hohe Mieten und hohe Lebensmittelpreise sorgen daf\u00fcr, dass das Geld f\u00fcr viele immer knapper wird.&#8220; Und: &#8222;Immer noch ein Drittel aller Tafeln haben<b class=\"bold\"> Wartelisten oder Aufnahmestopps.<\/b>&#8222;<\/p>\n<p>05:50 UhrSchlagzeilen aus der Nacht<\/p>\n","protected":false},"excerpt":{"rendered":"14:40 UhrProdukt bei Konditorei sorgt f\u00fcr Sturm der Entr\u00fcstung In \u00d6sterreich bricht ein Sturm der Entr\u00fcstung \u00fcber eine&hellip;\n","protected":false},"author":2,"featured_media":666830,"comment_status":"","ping_status":"","sticky":false,"template":"","format":"standard","meta":{"footnotes":""},"categories":[1773],"tags":[29,214,30,471,1780,215],"class_list":{"0":"post-666829","1":"post","2":"type-post","3":"status-publish","4":"format-standard","5":"has-post-thumbnail","7":"category-serien","8":"tag-deutschland","9":"tag-entertainment","10":"tag-germany","11":"tag-serien","12":"tag-series","13":"tag-unterhaltung"},"share_on_mastodon":{"url":"","error":""},"_links":{"self":[{"href":"https:\/\/www.europesays.com\/de\/wp-json\/wp\/v2\/posts\/666829","targetHints":{"allow":["GET"]}}],"collection":[{"href":"https:\/\/www.europesays.com\/de\/wp-json\/wp\/v2\/posts"}],"about":[{"href":"https:\/\/www.europesays.com\/de\/wp-json\/wp\/v2\/types\/post"}],"author":[{"embeddable":true,"href":"https:\/\/www.europesays.com\/de\/wp-json\/wp\/v2\/users\/2"}],"replies":[{"embeddable":true,"href":"https:\/\/www.europesays.com\/de\/wp-json\/wp\/v2\/comments?post=666829"}],"version-history":[{"count":0,"href":"https:\/\/www.europesays.com\/de\/wp-json\/wp\/v2\/posts\/666829\/revisions"}],"wp:featuredmedia":[{"embeddable":true,"href":"https:\/\/www.europesays.com\/de\/wp-json\/wp\/v2\/media\/666830"}],"wp:attachment":[{"href":"https:\/\/www.europesays.com\/de\/wp-json\/wp\/v2\/media?parent=666829"}],"wp:term":[{"taxonomy":"category","embeddable":true,"href":"https:\/\/www.europesays.com\/de\/wp-json\/wp\/v2\/categories?post=666829"},{"taxonomy":"post_tag","embeddable":true,"href":"https:\/\/www.europesays.com\/de\/wp-json\/wp\/v2\/tags?post=666829"}],"curies":[{"name":"wp","href":"https:\/\/api.w.org\/{rel}","templated":true}]}}