{"id":666851,"date":"2025-12-23T14:00:22","date_gmt":"2025-12-23T14:00:22","guid":{"rendered":"https:\/\/www.europesays.com\/de\/666851\/"},"modified":"2025-12-23T14:00:22","modified_gmt":"2025-12-23T14:00:22","slug":"pol-ac-senior-in-wohnung-brutal-ueberfallen-polizei-sucht-zeugen","status":"publish","type":"post","link":"https:\/\/www.europesays.com\/de\/666851\/","title":{"rendered":"POL-AC: Senior in Wohnung brutal \u00fcberfallen &#8211; Polizei sucht Zeugen"},"content":{"rendered":"<p class=\"date\">23.12.2025 \u2013 12:29<\/p>\n<p class=\"customer\">\n                        <a class=\"story-customer\" title=\"weiter zum newsroom von Polizei Aachen\" href=\"https:\/\/www.presseportal.de\/blaulicht\/nr\/11559\" target=\"_blank\" rel=\"noopener\">Polizei Aachen<\/a>\n                    <\/p>\n<p><a data-category=\"citylink-story-view\" data-action=\"click\" data-label=\"Citylink in Meldungsansicht\" class=\"story-city event-trigger\" href=\"https:\/\/www.presseportal.de\/regional\/Aachen\" title=\"News aus Aachen \" target=\"_blank\" rel=\"noopener\">Aachen<\/a> (ots)<\/p>\n<p>Am Sonntagabend (21.12.2025) ist ein 90-j\u00e4hriger Rollstuhlfahrer gegen 18:45 Uhr in seiner Wohnung am Boxgraben Opfer eines Raub\u00fcberfalls geworden.<\/p>\n<p>Nach bisherigen Erkenntnissen klingelten zwei bislang unbekannte T\u00e4ter an der T\u00fcr des Gesch\u00e4digten und baten darum, etwas trinken zu d\u00fcrfen. Der Mann lie\u00df die T\u00e4ter in seine Wohnung. W\u00e4hrend er in seinem Rollstuhl sa\u00df, hielten sie ihn pl\u00f6tzlich von hinten fest. Einer der T\u00e4ter schlug dem Mann dann mehrfach ins Gesicht.<\/p>\n<p>Anschlie\u00dfend rissen die T\u00e4ter dem 90-J\u00e4hrigen eine sogenannte &#8222;Panzerkette&#8220; aus massivem Gold vom Armgelenk und einen Goldring mit wei\u00dfem Edelstein vom Finger. Danach stie\u00dfen sie den Mann samt Rollstuhl um und fl\u00fcchteten mit der Beute aus der Wohnung.<\/p>\n<p>Da sein Rollstuhl umgekippt war und er nicht aufstehen konnte, kroch er zu einem weiteren Rollstuhl in der Wohnung, um sich aufrichten zu k\u00f6nnen. Erst dann konnte er seinen Pflegedienst und den Notruf der Polizei verst\u00e4ndigen.<\/p>\n<p>Die zust\u00e4ndige Kriminalpolizei hat die Ermittlungen aufgenommen und bittet m\u00f6gliche Zeuginnen und Zeugen, die verd\u00e4chtige Beobachtungen &#8211; auch im Zusammenhang mit dem geraubten Schmuck &#8211; gemacht haben, sich bei der Polizei Aachen zu melden.<\/p>\n<p>Insbesondere sucht die Kriminalpolizei Anwohnerinnen und Anwohner des Boxgraben und der n\u00e4heren Umgebung, bei denen Unbekannte geklingelt und unter einem Vorwand &#8211; etwa mit der Bitte um ein Getr\u00e4nk &#8211; um Einlass gebeten haben.<\/p>\n<p>W\u00e4hrend der B\u00fcrozeiten erreichen Sie das ermittelnde Kriminalkommissariat unter der Telefonnummer 0241 9577 31501, au\u00dferhalb der B\u00fcrozeiten erreichen Sie die Kriminalwache unter 0241 9577 34210.<\/p>\n<p>Unabh\u00e4ngig vom konkreten Fall r\u00e4t die Polizei, unbekannten Personen grunds\u00e4tzlich nicht in die Wohnung zu lassen. Im besten Falle sollte bereits vor dem \u00d6ffnen der T\u00fcr gekl\u00e4rt werden, wer sich vor der Wohnung befindet. Bei unerwarteten Besuchen wird zu besonderer Vorsicht geraten. Im Zweifel sollte Unterst\u00fctzung durch Vertrauenspersonen oder Nachbarn in Anspruch genommen werden. (gw)<\/p>\n<p class=\"contact-headline\">R\u00fcckfragen bitte an:<\/p>\n<p class=\"contact-text\">Polizei Aachen<br \/>Pressestelle<\/p>\n<p>Telefon: 0241 \/ 9577 &#8211; 21211<br \/>E-Mail: <a href=\"https:\/\/www.presseportal.de\/blaulicht\/pm\/11559\/mailto: Pressestelle.Aachen@polizei.nrw.de\" class=\"uri-mailto\" target=\"_blank\" rel=\"noopener\"> Pressestelle.Aachen@polizei.nrw.de<\/a><\/p>\n<p class=\"originator\">Original-Content von: Polizei Aachen, \u00fcbermittelt durch news aktuell<\/p>\n","protected":false},"excerpt":{"rendered":"23.12.2025 \u2013 12:29 Polizei Aachen Aachen (ots) Am Sonntagabend (21.12.2025) ist ein 90-j\u00e4hriger Rollstuhlfahrer gegen 18:45 Uhr in&hellip;\n","protected":false},"author":2,"featured_media":386213,"comment_status":"","ping_status":"","sticky":false,"template":"","format":"standard","meta":{"footnotes":""},"categories":[1853],"tags":[1424,3364,29,548,663,3934,30,13,177,14,15,1209,176,121,178,180,179,181,12],"class_list":{"0":"post-666851","1":"post","2":"type-post","3":"status-publish","4":"format-standard","5":"has-post-thumbnail","7":"category-aachen","8":"tag-aachen","9":"tag-de","10":"tag-deutschland","11":"tag-eu","12":"tag-europa","13":"tag-europe","14":"tag-germany","15":"tag-headlines","16":"tag-kriminalitt","17":"tag-nachrichten","18":"tag-news","19":"tag-nordrhein-westfalen","20":"tag-nrw","21":"tag-polizei","22":"tag-presse","23":"tag-pressemeldung","24":"tag-pressemitteilung","25":"tag-pressemitteilungen","26":"tag-schlagzeilen"},"share_on_mastodon":{"url":"https:\/\/pubeurope.com\/@de\/115769247246633935","error":""},"_links":{"self":[{"href":"https:\/\/www.europesays.com\/de\/wp-json\/wp\/v2\/posts\/666851","targetHints":{"allow":["GET"]}}],"collection":[{"href":"https:\/\/www.europesays.com\/de\/wp-json\/wp\/v2\/posts"}],"about":[{"href":"https:\/\/www.europesays.com\/de\/wp-json\/wp\/v2\/types\/post"}],"author":[{"embeddable":true,"href":"https:\/\/www.europesays.com\/de\/wp-json\/wp\/v2\/users\/2"}],"replies":[{"embeddable":true,"href":"https:\/\/www.europesays.com\/de\/wp-json\/wp\/v2\/comments?post=666851"}],"version-history":[{"count":0,"href":"https:\/\/www.europesays.com\/de\/wp-json\/wp\/v2\/posts\/666851\/revisions"}],"wp:featuredmedia":[{"embeddable":true,"href":"https:\/\/www.europesays.com\/de\/wp-json\/wp\/v2\/media\/386213"}],"wp:attachment":[{"href":"https:\/\/www.europesays.com\/de\/wp-json\/wp\/v2\/media?parent=666851"}],"wp:term":[{"taxonomy":"category","embeddable":true,"href":"https:\/\/www.europesays.com\/de\/wp-json\/wp\/v2\/categories?post=666851"},{"taxonomy":"post_tag","embeddable":true,"href":"https:\/\/www.europesays.com\/de\/wp-json\/wp\/v2\/tags?post=666851"}],"curies":[{"name":"wp","href":"https:\/\/api.w.org\/{rel}","templated":true}]}}