{"id":666905,"date":"2025-12-23T14:34:17","date_gmt":"2025-12-23T14:34:17","guid":{"rendered":"https:\/\/www.europesays.com\/de\/666905\/"},"modified":"2025-12-23T14:34:17","modified_gmt":"2025-12-23T14:34:17","slug":"moers-festival-2026-diese-neuerungen-sind-geplant","status":"publish","type":"post","link":"https:\/\/www.europesays.com\/de\/666905\/","title":{"rendered":"Moers Festival 2026: Diese Neuerungen sind geplant"},"content":{"rendered":"<p class=\"text_ohne_einzug richtext text-em-55 !leading-serif mx-6 desktop:mx-0\">  F\u00fcr die 55. Ausgabe im kommenden Jahr hat das <a href=\"https:\/\/rp-online.de\/thema\/moers\/\" target=\"_blank\" rel=\"noopener\">Moers<\/a> Festival nach der Bekanntgabe des Standortwechsels auf den Kastellplatz im Herzen der Innenstadt weitere Ver\u00e4nderungen angek\u00fcndigt: Erstmals in seiner Geschichte wird das internationale Musik-Event bereits am Donnerstag beginnen und damit an f\u00fcnf statt wie bisher an vier Tagen stattfinden. Das haben die Veranstalter um Leiter Tim Isfort jetzt mitgeteilt.<\/p>\n","protected":false},"excerpt":{"rendered":"F\u00fcr die 55. Ausgabe im kommenden Jahr hat das Moers Festival nach der Bekanntgabe des Standortwechsels auf den&hellip;\n","protected":false},"author":2,"featured_media":666906,"comment_status":"","ping_status":"","sticky":false,"template":"","format":"standard","meta":{"footnotes":""},"categories":[1838],"tags":[3807,20486,242,39522,3364,29,3715,124497,5561,60074,148370,30,45787,31022,57013,1209],"class_list":{"0":"post-666905","1":"post","2":"type-post","3":"status-publish","4":"format-standard","5":"has-post-thumbnail","7":"category-duisburg","8":"tag-moers","9":"tag-zeltplatz","10":"tag-242","11":"tag-ausgabe","12":"tag-de","13":"tag-deutschland","14":"tag-duisburg","15":"tag-erhaeltlich","16":"tag-festival","17":"tag-festivaldorf","18":"tag-festivalticket","19":"tag-germany","20":"tag-kastellplatz","21":"tag-kommenden","22":"tag-neuerungen","23":"tag-nordrhein-westfalen"},"share_on_mastodon":{"url":"https:\/\/pubeurope.com\/@de\/115769381093986102","error":""},"_links":{"self":[{"href":"https:\/\/www.europesays.com\/de\/wp-json\/wp\/v2\/posts\/666905","targetHints":{"allow":["GET"]}}],"collection":[{"href":"https:\/\/www.europesays.com\/de\/wp-json\/wp\/v2\/posts"}],"about":[{"href":"https:\/\/www.europesays.com\/de\/wp-json\/wp\/v2\/types\/post"}],"author":[{"embeddable":true,"href":"https:\/\/www.europesays.com\/de\/wp-json\/wp\/v2\/users\/2"}],"replies":[{"embeddable":true,"href":"https:\/\/www.europesays.com\/de\/wp-json\/wp\/v2\/comments?post=666905"}],"version-history":[{"count":0,"href":"https:\/\/www.europesays.com\/de\/wp-json\/wp\/v2\/posts\/666905\/revisions"}],"wp:featuredmedia":[{"embeddable":true,"href":"https:\/\/www.europesays.com\/de\/wp-json\/wp\/v2\/media\/666906"}],"wp:attachment":[{"href":"https:\/\/www.europesays.com\/de\/wp-json\/wp\/v2\/media?parent=666905"}],"wp:term":[{"taxonomy":"category","embeddable":true,"href":"https:\/\/www.europesays.com\/de\/wp-json\/wp\/v2\/categories?post=666905"},{"taxonomy":"post_tag","embeddable":true,"href":"https:\/\/www.europesays.com\/de\/wp-json\/wp\/v2\/tags?post=666905"}],"curies":[{"name":"wp","href":"https:\/\/api.w.org\/{rel}","templated":true}]}}