{"id":666911,"date":"2025-12-23T14:39:34","date_gmt":"2025-12-23T14:39:34","guid":{"rendered":"https:\/\/www.europesays.com\/de\/666911\/"},"modified":"2025-12-23T14:39:34","modified_gmt":"2025-12-23T14:39:34","slug":"sundair-nimmt-route-nuernberg-beirut-auf","status":"publish","type":"post","link":"https:\/\/www.europesays.com\/de\/666911\/","title":{"rendered":"Sundair nimmt Route N\u00fcrnberg-Beirut auf"},"content":{"rendered":"<p>\n            23. Dezember 2025, 15:08 Uhr<\/p>\n<p>                af<\/p>\n<p>                <img decoding=\"async\" fetchpriority=\"high\" width=\"824\" height=\"654\" src=\"https:\/\/www.europesays.com\/de\/wp-content\/uploads\/2025\/12\/sundair-beirut-yz1fNR__wide__824.jpeg\" alt=\"Sundair nimmt Route N\u00fcrnberg-Beirut auf, \u00a9 Flughafen N\u00fcrnberg\"\/><\/p>\n<p>                                            Sundair nimmt neue Route von N\u00fcrnberg nach Beirut auf. : Gruppenfoto von Sundair-Crew und Flughafenvertretern auf dem nassen Vorfeld des Albrecht D\u00fcrer Airport N\u00fcrnberg vor einer gelb-wei\u00dfen Sundair-Maschine (Kennzeichen D-ASGK). Bew\u00f6lkter Himmel, Flugzeugtreppe mit Schriftzug sichtbar.<\/p>\n<p>                        \u00a9 Flughafen N\u00fcrnberg<\/p>\n<p>            {<br \/>\n                &#8222;@context&#8220;: &#8222;https:\/\/schema.org&#8220;,<br \/>\n                &#8222;@type&#8220;: &#8222;ImageObject&#8220;,<br \/>\n                &#8222;url&#8220;: &#8222;https:\/\/www.europesays.com\/de\/wp-content\/uploads\/2025\/12\/sundair-beirut-yz1fNR__wide__824.jpeg&#8220;,<br \/>\n                &#8222;copyrightHolder&#8220;: {&#8222;@type&#8220;: &#8222;Person&#8220;, &#8222;name&#8220;: &#8222;\u00a9 Flughafen N\u00fcrnberg&#8220;}<br \/>\n                &#8222;caption&#8220;: &#8222;Sundair nimmt neue Route von N\u00fcrnberg nach Beirut auf.: Gruppenfoto von Sundair-Crew und Flughafenvertretern auf dem nassen Vorfeld des Albrecht D\u00fcrer Airport N\u00fcrnberg vor einer gelb-wei\u00dfen Sundair-Maschine (Kennzeichen D-ASGK). Bew\u00f6lkter Himmel, Flugzeugtreppe mit Schriftzug sichtbar.&#8220;<br \/>\n            }<\/p>\n<p>\n                    Sundair hat am Dienstag eine neue Direktverbindung von N\u00fcrnberg in die libanesische Hauptstadt Beirut gestartet. Wie der <a target=\"_blank\" rel=\"noopener\" href=\"https:\/\/www.airport-nuernberg.de\/de\/erstflug-nach-beirut-sundair-startet-neue-nonstop-verbindung-ab-nuernberg-09f7dd100bd3ed34\">Flughafen N\u00fcrnberg<\/a> mitteilte, wird die Strecke zun\u00e4chst einmal w\u00f6chentlich, jeweils dienstags, bedient.\n                <\/p>\n","protected":false},"excerpt":{"rendered":"23. Dezember 2025, 15:08 Uhr af Sundair nimmt neue Route von N\u00fcrnberg nach Beirut auf. : Gruppenfoto von&hellip;\n","protected":false},"author":2,"featured_media":666912,"comment_status":"","ping_status":"","sticky":false,"template":"","format":"standard","meta":{"footnotes":""},"categories":[1837],"tags":[772,3364,29,30,3783],"class_list":{"0":"post-666911","1":"post","2":"type-post","3":"status-publish","4":"format-standard","5":"has-post-thumbnail","7":"category-nuernberg","8":"tag-bayern","9":"tag-de","10":"tag-deutschland","11":"tag-germany","12":"tag-nuernberg"},"share_on_mastodon":{"url":"","error":""},"_links":{"self":[{"href":"https:\/\/www.europesays.com\/de\/wp-json\/wp\/v2\/posts\/666911","targetHints":{"allow":["GET"]}}],"collection":[{"href":"https:\/\/www.europesays.com\/de\/wp-json\/wp\/v2\/posts"}],"about":[{"href":"https:\/\/www.europesays.com\/de\/wp-json\/wp\/v2\/types\/post"}],"author":[{"embeddable":true,"href":"https:\/\/www.europesays.com\/de\/wp-json\/wp\/v2\/users\/2"}],"replies":[{"embeddable":true,"href":"https:\/\/www.europesays.com\/de\/wp-json\/wp\/v2\/comments?post=666911"}],"version-history":[{"count":0,"href":"https:\/\/www.europesays.com\/de\/wp-json\/wp\/v2\/posts\/666911\/revisions"}],"wp:featuredmedia":[{"embeddable":true,"href":"https:\/\/www.europesays.com\/de\/wp-json\/wp\/v2\/media\/666912"}],"wp:attachment":[{"href":"https:\/\/www.europesays.com\/de\/wp-json\/wp\/v2\/media?parent=666911"}],"wp:term":[{"taxonomy":"category","embeddable":true,"href":"https:\/\/www.europesays.com\/de\/wp-json\/wp\/v2\/categories?post=666911"},{"taxonomy":"post_tag","embeddable":true,"href":"https:\/\/www.europesays.com\/de\/wp-json\/wp\/v2\/tags?post=666911"}],"curies":[{"name":"wp","href":"https:\/\/api.w.org\/{rel}","templated":true}]}}