{"id":666938,"date":"2025-12-23T14:55:12","date_gmt":"2025-12-23T14:55:12","guid":{"rendered":"https:\/\/www.europesays.com\/de\/666938\/"},"modified":"2025-12-23T14:55:12","modified_gmt":"2025-12-23T14:55:12","slug":"vorschau-was-im-jahr-2025-alles-geplant-ist","status":"publish","type":"post","link":"https:\/\/www.europesays.com\/de\/666938\/","title":{"rendered":"Vorschau | Was im Jahr 2025 alles geplant ist"},"content":{"rendered":"<p>Im Jahr 2026 werden zahlreiche sportliche Gro\u00dfereignisse in und um Stuttgart herum durchgef\u00fchrt. Hier ein \u00dcberblick \u00fcber die Termine (ohne Gew\u00e4hr\/kein Anspruch auf Vollst\u00e4ndigkeit).<\/p>\n<p><strong>Termine 2026<\/strong><\/p>\n<p>10.01.\/11.01. | Hallenfu\u00dfball | Mercedes-Benz JuniorCup | Sindelfingen<\/p>\n<p>31.01. | Futsal | Deutschland \u2013 England | Stuttgart<\/p>\n<p>20.02.-22.02. | Leichtathletik | Deutsche Meisterschaften der Jugend (Halle) | Sindelfingen<\/p>\n<p>21.02.\/22.02. | Ultimate Frisbee | Deutsche Indoor-Meisterschaft | Gemmrigheim<\/p>\n<p>28.02.\/01.03. | Faustball | Deutsche Meisterschaften (Halle) | Stuttgart<\/p>\n<p>07.03.\/08.03. | Schwimmen | ISSC-Championships | Sindelfingen<\/p>\n<p>14.03.\/15.03. | Handball | Haushahn FINAL4 der Frauen | Stuttgart<\/p>\n<p>14.03.\/15.03. | Rhythmische Sportgymnastik | Gymnastik International | Fellbach-Schmiden<\/p>\n<p>19.03-22.03. | Turnen | EnBW DTB-Pokal | Stuttgart<\/p>\n<p>11.04.-19.04. | Tennis | Porsche Tennis Grand Prix | Stuttgart<\/p>\n<p>17.04.-19.04. | Darts | European Darts Grand Prix (PDC European Tour) | Sindelfingen<\/p>\n<p>24.04.-26.04. | Schwimmen | Internationales Dr. Otto Fahr Swim-Meeting | Stuttgart<\/p>\n<p>07.05.-09.05. | Kongress | Kinderturn-Kongress | Stuttgart<\/p>\n<p>15.05.\/16.05. | Para-Tischtennis | Deutsche Meisterschaften | Sindelfingen<\/p>\n<p>16.05.\/17.05. | Fechten | DM der Altersklassen U 20 und U 15 (S\u00e4bel) | Eislingen<\/p>\n<p>16.05.\/17.05. | Leichtathletik | Stuttgart-Lauf | Stuttgart<\/p>\n<p>23.05. | Fu\u00dfball | DB Regio-wfv-Pokal\/Finaltag der Amateure | Stuttgart<\/p>\n<p>06.06.-14.06. | Tennis | BOSS OPEN | Stuttgart<\/p>\n<p>27.06.-29.06. | Footvolley | European Footvolley League | Schw\u00e4bisch Gm\u00fcnd<\/p>\n<p>30.06.-06.07. | Tennis | Internationale W\u00fcrttembergische Damen-Meisterschaften | Stuttgart<\/p>\n<p>26.07.-27.07. | Rasenkraftsport | DM der Senioren | Waiblingen<\/p>\n<p>19.08.-23.08. | Tanzen | German Open Championships | Stuttgart<\/p>\n<p>07.09. | American Football | Championship Game der ELF | Stuttgart<\/p>\n<p>14.09. | Radsport | Women\u2019s Cycling Grand Prix (mit Brezel Race) | Region Stuttgart<\/p>\n<p>20.09.\/21.09. | Motorsport | Weltmeisterschaft Seitenwagen | Rudersberg<\/p>\n<p>10.10.-12.10. | BMX-Radsport | Finale der BMX-Bundesliga | Stuttgart<\/p>\n<p>16.10.-18.10. | Kongress | Stuttgarter Sportkongress | Stuttgart<\/p>\n<p>18.10.\/19.10. | Leichtathletik | Bottwartal-Marathon | Bottwartal<\/p>\n<p>07.11.\/08.11. | Motorsport | ADAC Supercross | Stuttgart<\/p>\n<p>12.11.-16.11. | Pferdesport | STUTTGART GERMAN MASTERS | Stuttgart<\/p>\n<p>15.11. | Hallenradsport | UCI-Weltcup-Finale | G\u00e4ufelden-\u00d6schelbronn<\/p>\n<p>22.11.\/23.11. | Tipp-Kick | Bundesliga-Endrunde und Pokal-Endrunde | Ditzingen-Hirschlanden<\/p>\n<p>26.11.-01.12. | Handball | Vorrunde der Handball-WM der Frauen | Stuttgart<\/p>\n<p>31.12. | Leichtathletik | Silvesterlauf | Bietigheim-Bissingen<\/p>\n","protected":false},"excerpt":{"rendered":"Im Jahr 2026 werden zahlreiche sportliche Gro\u00dfereignisse in und um Stuttgart herum durchgef\u00fchrt. Hier ein \u00dcberblick \u00fcber die&hellip;\n","protected":false},"author":2,"featured_media":666939,"comment_status":"","ping_status":"","sticky":false,"template":"","format":"standard","meta":{"footnotes":""},"categories":[1830],"tags":[1634,3364,29,30,1441],"class_list":{"0":"post-666938","1":"post","2":"type-post","3":"status-publish","4":"format-standard","5":"has-post-thumbnail","7":"category-stuttgart","8":"tag-baden-wuerttemberg","9":"tag-de","10":"tag-deutschland","11":"tag-germany","12":"tag-stuttgart"},"share_on_mastodon":{"url":"https:\/\/pubeurope.com\/@de\/115769463631190879","error":""},"_links":{"self":[{"href":"https:\/\/www.europesays.com\/de\/wp-json\/wp\/v2\/posts\/666938","targetHints":{"allow":["GET"]}}],"collection":[{"href":"https:\/\/www.europesays.com\/de\/wp-json\/wp\/v2\/posts"}],"about":[{"href":"https:\/\/www.europesays.com\/de\/wp-json\/wp\/v2\/types\/post"}],"author":[{"embeddable":true,"href":"https:\/\/www.europesays.com\/de\/wp-json\/wp\/v2\/users\/2"}],"replies":[{"embeddable":true,"href":"https:\/\/www.europesays.com\/de\/wp-json\/wp\/v2\/comments?post=666938"}],"version-history":[{"count":0,"href":"https:\/\/www.europesays.com\/de\/wp-json\/wp\/v2\/posts\/666938\/revisions"}],"wp:featuredmedia":[{"embeddable":true,"href":"https:\/\/www.europesays.com\/de\/wp-json\/wp\/v2\/media\/666939"}],"wp:attachment":[{"href":"https:\/\/www.europesays.com\/de\/wp-json\/wp\/v2\/media?parent=666938"}],"wp:term":[{"taxonomy":"category","embeddable":true,"href":"https:\/\/www.europesays.com\/de\/wp-json\/wp\/v2\/categories?post=666938"},{"taxonomy":"post_tag","embeddable":true,"href":"https:\/\/www.europesays.com\/de\/wp-json\/wp\/v2\/tags?post=666938"}],"curies":[{"name":"wp","href":"https:\/\/api.w.org\/{rel}","templated":true}]}}