{"id":666956,"date":"2025-12-23T15:05:15","date_gmt":"2025-12-23T15:05:15","guid":{"rendered":"https:\/\/www.europesays.com\/de\/666956\/"},"modified":"2025-12-23T15:05:15","modified_gmt":"2025-12-23T15:05:15","slug":"etsv-hamburg-trauert-um-kapitaen-hertner","status":"publish","type":"post","link":"https:\/\/www.europesays.com\/de\/666956\/","title":{"rendered":"ETSV Hamburg trauert um Kapit\u00e4n Hertner"},"content":{"rendered":"<p>Im Alter von 34 Jahren\u00a0<\/p>\n<p>                                    <img decoding=\"async\" src=\"https:\/\/www.europesays.com\/de\/wp-content\/uploads\/2025\/12\/sebastian-hertner-etsv-hamburg-2025-1766499111-185989.jpg\" title=\"ETSV Hamburg trauert um Kapit\u00e4n Hertner\" alt=\"ETSV Hamburg trauert um Kapit\u00e4n Hertner\"\/><\/p>\n<p>\n                                       \u00a9IMAGO\n                                    <\/p>\n<p>Der einstige Zweitliga-Profi <a href=\"https:\/\/www.transfermarkt.de\/sebastian-hertner\/profil\/spieler\/83694\" rel=\"noreferrer noopener nofollow\" target=\"_blank\">Sebastian Hertner<\/a> von Oberliga-Spitzenreiter <a href=\"https:\/\/www.transfermarkt.de\/etsv-hamburg\/startseite\/verein\/18887\" rel=\"noreferrer noopener nofollow\" target=\"_blank\">ETSV Hamburg<\/a> ist im Alter von 34 Jahren verstorben. \u201eMit gro\u00dfer Trauer m\u00fcssen wir heute bekannt geben, dass unser Kapit\u00e4n Sebastian Hertner im Urlaub t\u00f6dlich verungl\u00fcckt ist. Wir sind fassungslos und unendlich traurig. Unser Mitgef\u00fchl geh\u00f6rt seiner Familie und seinen Angeh\u00f6rigen\u201c, vermeldete der Klub aus dem Hamburger S\u00fcdosten am Dienstag. <a href=\"https:\/\/www.transfermarkt.de\/amateurfussball\/hamburg\" target=\"_blank\" rel=\"nofollow noopener\">FussiFreunde und Transfermarkt<\/a> bekunden den Angeh\u00f6rigen und Freunden des Baden-W\u00fcrttembergers ihr tiefes Mitgef\u00fchl und w\u00fcnschen in dieser schweren Zeit viel Kraft.<\/p>\n<p><\/p>\n<p>Hertner spielte mit <a title=\"TSV 1860 M\u00fcnchen\" href=\"https:\/\/www.transfermarkt.de\/tsv-1860-m-nchen\/startseite\/verein\/72\" target=\"_blank\" rel=\"nofollow noopener\">1860 M\u00fcnchen<\/a>, <a title=\"FC Erzgebirge Aue\" href=\"https:\/\/www.transfermarkt.de\/fc-erzgebirge-aue\/startseite\/verein\/94\" target=\"_blank\" rel=\"nofollow noopener\">Erzgebirge Aue<\/a> und <a title=\"SV Darmstadt 98\" href=\"https:\/\/www.transfermarkt.de\/sv-darmstadt-98\/startseite\/verein\/105\" target=\"_blank\" rel=\"nofollow noopener\">Darmstadt 98<\/a> insgesamt 95-mal in der 2. Bundesliga. \u00dcber die damaligen Drittligisten <a title=\"VfB L\u00fcbeck\" href=\"https:\/\/www.transfermarkt.de\/vfb-l-beck\/startseite\/verein\/78\" target=\"_blank\" rel=\"nofollow noopener\">VfB L\u00fcbeck<\/a> und <a title=\"T\u00fcrkg\u00fcc\u00fc M\u00fcnchen\" href=\"https:\/\/www.transfermarkt.de\/t-rkg-c--m-nchen\/startseite\/verein\/12456\" target=\"_blank\" rel=\"nofollow noopener\">T\u00fcrkg\u00fcc\u00fc M\u00fcnchen<\/a> fand Hertner 2022 zun\u00e4chst den Weg in die Regionalliga Nordost zum <a title=\"BFC Dynamo\" href=\"https:\/\/www.transfermarkt.de\/bfc-dynamo\/startseite\/verein\/222\" target=\"_blank\" rel=\"nofollow noopener\">BFC Dynamo<\/a>, dann in die Nord-Staffel nach Hamburg zu <a title=\"FC Teutonia 05 Ottensen\" href=\"https:\/\/www.transfermarkt.de\/fc-teutonia-05-ottensen\/startseite\/verein\/14361\" target=\"_blank\" rel=\"nofollow noopener\">Teutonia Ottensen<\/a>. Dem ETSV schloss er sich im Sommer letzten Jahres an.<\/p>\n<p><\/p>\n","protected":false},"excerpt":{"rendered":"Im Alter von 34 Jahren\u00a0 \u00a9IMAGO Der einstige Zweitliga-Profi Sebastian Hertner von Oberliga-Spitzenreiter ETSV Hamburg ist im Alter&hellip;\n","protected":false},"author":2,"featured_media":666957,"comment_status":"","ping_status":"","sticky":false,"template":"","format":"standard","meta":{"footnotes":""},"categories":[1826],"tags":[29,155437,30,692,155436,155438],"class_list":{"0":"post-666956","1":"post","2":"type-post","3":"status-publish","4":"format-standard","5":"has-post-thumbnail","7":"category-hamburg","8":"tag-deutschland","9":"tag-etsv-hamburg","10":"tag-germany","11":"tag-hamburg","12":"tag-oberliga-hamburg","13":"tag-sebastian-hertner"},"share_on_mastodon":{"url":"https:\/\/pubeurope.com\/@de\/115769503978932325","error":""},"_links":{"self":[{"href":"https:\/\/www.europesays.com\/de\/wp-json\/wp\/v2\/posts\/666956","targetHints":{"allow":["GET"]}}],"collection":[{"href":"https:\/\/www.europesays.com\/de\/wp-json\/wp\/v2\/posts"}],"about":[{"href":"https:\/\/www.europesays.com\/de\/wp-json\/wp\/v2\/types\/post"}],"author":[{"embeddable":true,"href":"https:\/\/www.europesays.com\/de\/wp-json\/wp\/v2\/users\/2"}],"replies":[{"embeddable":true,"href":"https:\/\/www.europesays.com\/de\/wp-json\/wp\/v2\/comments?post=666956"}],"version-history":[{"count":0,"href":"https:\/\/www.europesays.com\/de\/wp-json\/wp\/v2\/posts\/666956\/revisions"}],"wp:featuredmedia":[{"embeddable":true,"href":"https:\/\/www.europesays.com\/de\/wp-json\/wp\/v2\/media\/666957"}],"wp:attachment":[{"href":"https:\/\/www.europesays.com\/de\/wp-json\/wp\/v2\/media?parent=666956"}],"wp:term":[{"taxonomy":"category","embeddable":true,"href":"https:\/\/www.europesays.com\/de\/wp-json\/wp\/v2\/categories?post=666956"},{"taxonomy":"post_tag","embeddable":true,"href":"https:\/\/www.europesays.com\/de\/wp-json\/wp\/v2\/tags?post=666956"}],"curies":[{"name":"wp","href":"https:\/\/api.w.org\/{rel}","templated":true}]}}