{"id":666968,"date":"2025-12-23T15:12:17","date_gmt":"2025-12-23T15:12:17","guid":{"rendered":"https:\/\/www.europesays.com\/de\/666968\/"},"modified":"2025-12-23T15:12:17","modified_gmt":"2025-12-23T15:12:17","slug":"in-diesen-zonen-sind-boeller-messer-und-andere-waffen-verboten","status":"publish","type":"post","link":"https:\/\/www.europesays.com\/de\/666968\/","title":{"rendered":"In diesen Zonen sind B\u00f6ller, Messer und andere Waffen verboten"},"content":{"rendered":"<p class=\"tspAGen tspAGeo\">Die Berliner Polizei bereitet sich auf den Jahreswechsel 2025\/26 vor. Wie auch in den Vorjahren ist das B\u00f6llern sowie das Mitf\u00fchren von Messern und anderen Waffen in der Silvesternacht in mehreren Bereichen verboten. Im Amtsblatt ver\u00f6ffentlichte die Polizei nun die konkreten Waffen- und B\u00f6llerverbotszonen. <\/p>\n<p class=\"tspAGen\">Als neue Verbotszone wird in der kommenden Silvesternacht der Bereich rund die <strong>Admiralsbr\u00fccke in Kreuzberg<\/strong> ausgewiesen. Vom <strong>31. Dezember 2025 um 18 Uhr bis zum 1. Januar 2026 um 6 Uhr morgens<\/strong> ist es hier untersagt, Feuerwerk der Kategorien F2, F3 und F4 sowie jegliche Pyrotechnik ohne Zulassung und Kennzeichnung dabeizuhaben oder zu z\u00fcnden. Feuerwerk der Kategorie F1 ist erlaubt. <\/p>\n<p> In diese Kategorien wird Feuerwerk eingeteilt <\/p>\n<p class=\"tspAGen\">Pyrotechnik wird nach ihrer Gef\u00e4hrlichkeit in die Kategorien <strong>F1 bis F4<\/strong> eingeteilt. Unter die Kategorie <strong>F1 <\/strong>f\u00e4llt auch f\u00fcr Kinder und Jugendliche geeignetes Kleinstfeuerwerk wie <strong>Wunderkerzen, Brummkreisel, kleine Vulkane, Knallerbsen und Tischfeuerwerk<\/strong>. Dieses darf ganzj\u00e4hrig verwendet werden und ist ab zw\u00f6lf Jahren zugelassen, wie der Zoll auf seiner Website schreibt.<\/p>\n<p class=\"tspAGen\">Das klassische Silvesterfeuerwerk geh\u00f6rt zur <strong>Kategorie 2<\/strong> der \u201eKleinfeuerwerke\u201c: Dabei geht es um<strong> Raketen, Batterien und B\u00f6ller<\/strong>, die ab 18 Jahren erworben werden d\u00fcrfen. Gez\u00fcndet werden d\u00fcrfen sie vom 31. Dezember um 18 Uhr bis zum 1. Januar um 7 Uhr, auch wenn sich viele nicht an diese Beschr\u00e4nkung halten.<\/p>\n<p class=\"tspAGen\"><strong>Nur f\u00fcr Profis<\/strong> sind Feuerwerke der <strong>Kategorien F3<\/strong> (\u201eMittelfeuerwerke\u201c)<strong> und F4 <\/strong>(\u201eGro\u00dffeuerwerke\u201c). Unter die Kategorie F4 fallen auch <strong>Kugelbomben<\/strong>, die beim vergangenen Jahreswechsel vielfach illegal gez\u00fcndet wurden und schwere Verletzungen und Sachsch\u00e4den angerichtet haben. Sie sind nicht im freien Handel erh\u00e4ltlich.<\/p>\n<p class=\"tspAGen\">Auch das Mitf\u00fchren von Waffen und Messern ist in dieser Zeit verboten. Das Waffen- und Messerverbot umfasst alle Waffen und Messer, dazu geh\u00f6ren auch K\u00fcchen- und Gebrauchsmesser. Ausnahmen gibt es etwa f\u00fcr bestimmte Berufsgruppen.<\/p>\n<p class=\"tspAGen\">Wie bereits in den Vorjahren werden auch der <strong>Alexanderplatz <\/strong>in Mitte, der <strong>Steinmetzkiez <\/strong>in Sch\u00f6neberg sowie ein Teil der <strong>Sonnenallee <\/strong>und angrenzender Nebenstra\u00dfen in Neuk\u00f6lln zu B\u00f6ller- und Waffenverbotszonen. Auch hier ist zwischen dem 31. Dezember, 18 Uhr, und 1. Januar, 6 Uhr das <strong>B\u00f6llern sowie das Mitf\u00fchren von Messern, anderen Waffen und Pyrotechnik verboten<\/strong>. <\/p>\n<p class=\"tspAGen\">Eine weitere <strong>Waffen- und Messerverbotszone<\/strong> hat die Polizei ebenfalls vom 31. Dezember, 18 Uhr, bis 1. Januar, 6 Uhr, <strong>rund um den zentralen Silvesterveranstaltungsbereich<\/strong> am Brandenburger Tor, der Stra\u00dfe des 17. Juni und am Gro\u00dfen Stern erlassen. Die Verbotszone schlie\u00dft den Gro\u00dfen Tiergarten, Teile des Hansaviertels und das Parlaments- und Regierungsviertel ein. <a href=\"https:\/\/www.tagesspiegel.de\/berlin\/um-gewaltkriminalitat-einzudammen-messerverbot-in-allen-berliner-bahnen-bussen-und-bahnhofen-14015048.html?icid=in-text-link_15076978\" class=\"link link--internal\" data-gtm-class=\"article-text-link\" data-gtm-val=\"internal\" rel=\"nofollow noopener\" target=\"_blank\">Dar\u00fcber hinaus haben die Waffen- und Messerverbotszonen Bestand, die auch abseits von Silvester gelten.<\/a><\/p>\n<p class=\"tspAGen\">Bei der <a href=\"https:\/\/www.tagesspiegel.de\/berlin\/silvester-party-vor-dem-brandenburger-tor-so-lauft-die-sause-yeah-26-am-31-dezember-in-berlin-15075309.html?icid=in-text-link_15076978\" class=\"link link--internal\" data-gtm-class=\"article-text-link\" data-gtm-val=\"internal\" rel=\"nofollow noopener\" target=\"_blank\"><strong>Silvesterparty am Brandenburger Tor<\/strong><\/a><strong> <\/strong>wurde vom Veranstalter, der Kulturprojekte Berlin GmbH, au\u00dferdem das Mitf\u00fchren und Verwenden von Feuerwerksk\u00f6rpern jeglicher Art verboten. Sicherheitsmitarbeitende werden entsprechende Kontrollen durchf\u00fchren, teilte die Polizei mit. <\/p>\n<p class=\"tspAGen\">In den genannten Verbotszonen werde die Polizei pr\u00e4sent sein und das B\u00f6ller- und Waffenverbot durchsetzen, hie\u00df es. <a href=\"https:\/\/www.tagesspiegel.de\/berlin\/die-silvesterplane-der-berliner-polizei-grossere-bollerverbotszonen-aber-keine-absperrgitter-14813222.html?icid=in-text-link_15076978\" class=\"link link--internal\" data-gtm-class=\"article-text-link\" data-gtm-val=\"internal\" rel=\"nofollow noopener\" target=\"_blank\">Anders als in den Vorjahren sollen die Zonen aber nicht mehr durch Absperrungen markiert werden.<\/a><\/p>\n<p class=\"tspAGen\">Berlins Regierender B\u00fcrgermeister Kai Wegner (CDU) hatte zuletzt ein <strong>konsequentes Vorgehen der Polizei gegen Silvester-Randalierer<\/strong> angek\u00fcndigt. \u201eWer Krawall macht und Straftaten begeht, wird den Rechtsstaat konsequent zu sp\u00fcren bekommen\u201c, sagte der CDU-Politiker im Interview der Deutschen Presse-Agentur. \u201eUns ist wichtig: Jeder kann fr\u00f6hlich feiern, jeder kann Spa\u00df haben. Aber wenn es zu Straftaten kommt, wird die Polizei wie in den vergangenen Jahren sehr konsequent und sehr robust einschreiten.\u201c<\/p>\n<p class=\"tspAGen\">Zur <strong>Debatte um ein B\u00f6llerverbot in Deutschland <\/strong>sagte Wegner: \u201eEin B\u00f6llerverbot funktioniert nur, wenn es ein allgemeines Verkaufsverbot gibt.\u201c Ein solches Verbot nur in Berlin h\u00e4tte aus seiner Sicht zur Folge, dass Menschen Pyrotechnik im Nachbarland Brandenburg kaufen. \u201eEs m\u00fcsste also ein Feuerwerksverkaufsverbot in ganz Deutschland geben. Daf\u00fcr gibt es unter den Bundesl\u00e4ndern allerdings keine Mehrheit.\u201c Berlin werbe vor diesem Hintergrund weiter f\u00fcr mehr Regulierung auf Bundes- wie auch auf europ\u00e4ischer Ebene. <\/p>\n<p> Mehr zu Silvester in Berlin: <a href=\"https:\/\/www.tagesspiegel.de\/berlin\/silvester-party-vor-dem-brandenburger-tor-so-lauft-die-sause-yeah-26-am-31-dezember-in-berlin-15075309.html?icid=topic-list_15076978___\" data-gtm-class=\"article-mzt-link\" data-hydrate-fingerprint=\"09740a54944caac75fd2c0c63fd5c5df\" data-hydrate-props=\"{&amp;escapedquot;element&amp;escapedquot;:{&amp;escapedquot;type&amp;escapedquot;:&amp;escapedquot;relatedContent&amp;escapedquot;,&amp;escapedquot;fieldMap&amp;escapedquot;:{},&amp;escapedquot;relation&amp;escapedquot;:{&amp;escapedquot;fields&amp;escapedquot;:{&amp;escapedquot;isPaid&amp;escapedquot;:false},&amp;escapedquot;href&amp;escapedquot;:&amp;escapedquot;\/berlin\/silvester-party-vor-dem-brandenburger-tor-so-lauft-die-sause-yeah-26-am-31-dezember-in-berlin-15075309.html&amp;escapedquot;,&amp;escapedquot;teaserTitle&amp;escapedquot;:{&amp;escapedquot;kicker&amp;escapedquot;:&amp;escapedquot;Silvester-Party vor dem Brandenburger Tor&amp;escapedquot;,&amp;escapedquot;headline&amp;escapedquot;:&amp;escapedquot;So l\u00e4uft die Sause \u201eYeah 26!\u201c am 31. Dezember in Berlin&amp;escapedquot;},&amp;escapedquot;id&amp;escapedquot;:&amp;escapedquot;15075309&amp;escapedquot;,&amp;escapedquot;type&amp;escapedquot;:&amp;escapedquot;story&amp;escapedquot;},&amp;escapedquot;isPartOfList&amp;escapedquot;:true,&amp;escapedquot;topicListType&amp;escapedquot;:&amp;escapedquot;topic-list&amp;escapedquot;},&amp;escapedquot;showArrow&amp;escapedquot;:true}\" data-hydrate-slots=\"{&#039;default&#039;:[]}\" class=\"tspBTll\" rel=\"nofollow noopener\" target=\"_blank\">Silvester-Party vor dem Brandenburger Tor So l\u00e4uft die Sause \u201eYeah 26!\u201c am 31. Dezember in Berlin <\/a><a href=\"https:\/\/www.tagesspiegel.de\/berlin\/bollerverbote-zu-silvester-was-2025-in-berlin-gilt--und-was-2026-kommen-konnte-15025596.html?icid=topic-list_15076978___\" data-gtm-class=\"article-mzt-link\" data-hydrate-fingerprint=\"09740a54944caac75fd2c0c63fd5c5df\" data-hydrate-props=\"{&amp;escapedquot;element&amp;escapedquot;:{&amp;escapedquot;type&amp;escapedquot;:&amp;escapedquot;relatedContent&amp;escapedquot;,&amp;escapedquot;fieldMap&amp;escapedquot;:{},&amp;escapedquot;relation&amp;escapedquot;:{&amp;escapedquot;fields&amp;escapedquot;:{&amp;escapedquot;isPaid&amp;escapedquot;:true},&amp;escapedquot;href&amp;escapedquot;:&amp;escapedquot;\/berlin\/bollerverbote-zu-silvester-was-2025-in-berlin-gilt--und-was-2026-kommen-konnte-15025596.html&amp;escapedquot;,&amp;escapedquot;teaserTitle&amp;escapedquot;:{&amp;escapedquot;kicker&amp;escapedquot;:&amp;escapedquot;B\u00f6llerverbote zu Silvester&amp;escapedquot;,&amp;escapedquot;headline&amp;escapedquot;:&amp;escapedquot;Was 2025 in Berlin gilt \u2013 und was 2026 kommen k\u00f6nnte&amp;escapedquot;},&amp;escapedquot;id&amp;escapedquot;:&amp;escapedquot;15025596&amp;escapedquot;,&amp;escapedquot;type&amp;escapedquot;:&amp;escapedquot;story&amp;escapedquot;},&amp;escapedquot;isPartOfList&amp;escapedquot;:true,&amp;escapedquot;topicListType&amp;escapedquot;:&amp;escapedquot;topic-list&amp;escapedquot;},&amp;escapedquot;showArrow&amp;escapedquot;:true}\" data-hydrate-slots=\"{&#039;default&#039;:[]}\" class=\"tspBTll\" rel=\"nofollow noopener\" target=\"_blank\">B\u00f6llerverbote zu Silvester Was 2025 in Berlin gilt \u2013 und was 2026 kommen k\u00f6nnte <\/a><a href=\"https:\/\/www.tagesspiegel.de\/kultur\/kein-bock-auf-party-alternative-silvester-plane-fur-berlin-15060789.html?icid=topic-list_15076978___\" data-gtm-class=\"article-mzt-link\" data-hydrate-fingerprint=\"09740a54944caac75fd2c0c63fd5c5df\" data-hydrate-props=\"{&amp;escapedquot;element&amp;escapedquot;:{&amp;escapedquot;type&amp;escapedquot;:&amp;escapedquot;relatedContent&amp;escapedquot;,&amp;escapedquot;fieldMap&amp;escapedquot;:{},&amp;escapedquot;relation&amp;escapedquot;:{&amp;escapedquot;fields&amp;escapedquot;:{&amp;escapedquot;isPaid&amp;escapedquot;:true},&amp;escapedquot;href&amp;escapedquot;:&amp;escapedquot;\/kultur\/kein-bock-auf-party-alternative-silvester-plane-fur-berlin-15060789.html&amp;escapedquot;,&amp;escapedquot;teaserTitle&amp;escapedquot;:{&amp;escapedquot;kicker&amp;escapedquot;:&amp;escapedquot;Kein Bock auf Party?&amp;escapedquot;,&amp;escapedquot;headline&amp;escapedquot;:&amp;escapedquot;Alternative Silvester-Pl\u00e4ne f\u00fcr Berlin&amp;escapedquot;},&amp;escapedquot;id&amp;escapedquot;:&amp;escapedquot;15060789&amp;escapedquot;,&amp;escapedquot;type&amp;escapedquot;:&amp;escapedquot;story&amp;escapedquot;},&amp;escapedquot;isPartOfList&amp;escapedquot;:true,&amp;escapedquot;topicListType&amp;escapedquot;:&amp;escapedquot;topic-list&amp;escapedquot;},&amp;escapedquot;showArrow&amp;escapedquot;:true}\" data-hydrate-slots=\"{&#039;default&#039;:[]}\" class=\"tspBTll\" rel=\"nofollow noopener\" target=\"_blank\">Kein Bock auf Party? Alternative Silvester-Pl\u00e4ne f\u00fcr Berlin <\/a><\/p>\n<p class=\"tspAGen\">Jedes Jahr gef\u00e4hrden Randalierer in Berlin zum Jahreswechsel andere Menschen mit gef\u00e4hrlichem Feuerwerk, setzen Wohnungen in Brand oder greifen Polizei oder Rettungskr\u00e4fte mit B\u00f6llern an. In der Silvesternacht 2024\/2025 waren mehrere Menschen durch sogenannte Kugelbomben schwer verletzt worden, zudem entstand durch die Wucht der Detonationen teils hoher Sachschaden, etwa an Geb\u00e4uden. Kugelbomben d\u00fcrfen eigentlich nur von professionellen Feuerwerkern gekauft und abgeschossen werden. (Tsp, dpa)<\/p>\n","protected":false},"excerpt":{"rendered":"Die Berliner Polizei bereitet sich auf den Jahreswechsel 2025\/26 vor. Wie auch in den Vorjahren ist das B\u00f6llern&hellip;\n","protected":false},"author":2,"featured_media":666969,"comment_status":"","ping_status":"","sticky":false,"template":"","format":"standard","meta":{"footnotes":""},"categories":[1825],"tags":[9006,296,1890,31,29,30,1635,2384,2281],"class_list":{"0":"post-666968","1":"post","2":"type-post","3":"status-publish","4":"format-standard","5":"has-post-thumbnail","7":"category-berlin","8":"tag-alexanderplatz","9":"tag-berlin","10":"tag-brandenburg","11":"tag-cdu","12":"tag-deutschland","13":"tag-germany","14":"tag-jugend","15":"tag-kai-wegner","16":"tag-silvester"},"share_on_mastodon":{"url":"https:\/\/pubeurope.com\/@de\/115769530577246638","error":""},"_links":{"self":[{"href":"https:\/\/www.europesays.com\/de\/wp-json\/wp\/v2\/posts\/666968","targetHints":{"allow":["GET"]}}],"collection":[{"href":"https:\/\/www.europesays.com\/de\/wp-json\/wp\/v2\/posts"}],"about":[{"href":"https:\/\/www.europesays.com\/de\/wp-json\/wp\/v2\/types\/post"}],"author":[{"embeddable":true,"href":"https:\/\/www.europesays.com\/de\/wp-json\/wp\/v2\/users\/2"}],"replies":[{"embeddable":true,"href":"https:\/\/www.europesays.com\/de\/wp-json\/wp\/v2\/comments?post=666968"}],"version-history":[{"count":0,"href":"https:\/\/www.europesays.com\/de\/wp-json\/wp\/v2\/posts\/666968\/revisions"}],"wp:featuredmedia":[{"embeddable":true,"href":"https:\/\/www.europesays.com\/de\/wp-json\/wp\/v2\/media\/666969"}],"wp:attachment":[{"href":"https:\/\/www.europesays.com\/de\/wp-json\/wp\/v2\/media?parent=666968"}],"wp:term":[{"taxonomy":"category","embeddable":true,"href":"https:\/\/www.europesays.com\/de\/wp-json\/wp\/v2\/categories?post=666968"},{"taxonomy":"post_tag","embeddable":true,"href":"https:\/\/www.europesays.com\/de\/wp-json\/wp\/v2\/tags?post=666968"}],"curies":[{"name":"wp","href":"https:\/\/api.w.org\/{rel}","templated":true}]}}