{"id":666976,"date":"2025-12-23T15:17:16","date_gmt":"2025-12-23T15:17:16","guid":{"rendered":"https:\/\/www.europesays.com\/de\/666976\/"},"modified":"2025-12-23T15:17:16","modified_gmt":"2025-12-23T15:17:16","slug":"bill-kaulitz-ganz-verliebt-in-neuen-wuffi-unterhaltung","status":"publish","type":"post","link":"https:\/\/www.europesays.com\/de\/666976\/","title":{"rendered":"Bill Kaulitz ganz verliebt in neuen Wuffi | Unterhaltung"},"content":{"rendered":"<p>Los Angeles \u2013 <b>Jetzt lebt auch dieser Wauzi im Luxus! Tokio-Hotel-Frontmann Bill Kaulitz hat sich einen neuen Kameraden zugelegt: Bulldogge \u201eAlvin Browndot\u201c geht von nun an gemeinsam mit dem S\u00e4nger und seinem ersten Hund \u201eAlfia Pearlpop\u201c durchs Leben.<\/b><\/p>\n<p>Auf <a href=\"https:\/\/www.instagram.com\/p\/DSiZ9CQjECg\/?img_index=1\" target=\"_blank\" rel=\"nofollow noopener\" class=\"text-link--external text-link\">Instagram <\/a>zeigt Bill seine gro\u00dfe Freude \u00fcber das neue Familienmitglied: \u201eWas soll ich sagen, ich bin schon jetzt total verliebt!!!\u201c Dazu teilt der Musiker Fotos von den ersten gemeinsamen Abenteuern: Autofahrten zu dritt, Kuscheleinheiten und Hundetreffs. \u201eAlfia und ich freuen uns sehr, Alvin in unserer Familie willkommen zu hei\u00dfen\u201c, so Bill \u00fcbergl\u00fccklich.<\/p>\n<p> An dieser Stelle findest du Inhalte aus Instagram <\/p>\n<p> Um mit Inhalten aus Instagram und anderen sozialen Netzwerken zu interagieren oder diese darzustellen, brauchen wir deine Zustimmung. <\/p>\n<p> soziale Netzwerke aktivieren  Um eingebettete Inhalte anzuzeigen, ist Ihre jederzeit widerrufliche Einwilligung (\u00fcber den Schalter oder \u00fcber &#8220; <a class=\"embed-placeholder__text-link\" href=\"#\" rel=\"noopener noreferrer\" title=\"Tracking widerrufen\"> Widerruf Tracking und Cookies<\/a> &#8220; am Seitenende) zur Verarbeitung personenbezogener Daten n\u00f6tig.  Dabei k\u00f6nnen Daten in Drittl\u00e4nder wie die USA \u00fcbermittelt werden (Art. 49 Abs. 1 lit. a DSGVO). Mit dem Aktivieren des Inhalts stimmen Sie zu. Weitere Infos finden Sie <a class=\"embed-placeholder__text-link\" href=\"#\" rel=\"noopener noreferrer\" title=\"Zu den Privatsph\u00e4re Einstellungen\"> hier<\/a>. Bulldogge aus dem Tierheim adoptiert<\/p>\n<p>\u201eAlvin Browndot\u201c stammt aus dem Tierheim, wie Bill in seinem Posting seinen 2,3 Millionen Followern erkl\u00e4rt. \u201eIch beschloss, nicht nur einen Bruder und Begleiter f\u00fcr Alfia zu adoptieren, sondern auch einem anderen s\u00fc\u00dfen Tier aus dem Tierheim ein liebevolles Zuhause f\u00fcr immer zu schenken.\u201c<\/p>\n<p>Daf\u00fcr wandte er sich an die gleiche Tierrettungs-Organisation, von der er auch seine erste H\u00fcndin adoptiert hatte.<\/p>\n<p><img decoding=\"async\" width=\"992\" height=\"1123\" alt=\"Bills Bulldoggen \u201eAlvin Bronwdot\u201c (l.) und \u201eAlfia Pearlpop\u201c tragen \u201eLouis Vuitton\u201c, Platz auf dem Beifahrersitz ist aber nur f\u00fcr einen\" src=\"https:\/\/www.europesays.com\/de\/wp-content\/uploads\/2025\/12\/1243de5a9f136b83d3dd6ecc431266c4,51e00649\"   class=\"dynamic\" loading=\"lazy\"\/><\/p>\n<p class=\"fig__caption__text\">Bills Bulldoggen \u201eAlvin Bronwdot\u201c (l.) und \u201eAlfia Pearlpop\u201c tragen \u201eLouis Vuitton\u201c, Platz auf dem Beifahrersitz ist aber nur f\u00fcr einen<\/p>\n<p>Foto: billkaulitz\/Instagram<\/p>\n<p>\u201eAlvin\u201c liebt\u2019s luxuri\u00f6s<\/p>\n<p>Das bedeutet f\u00fcr den noch jungen \u201eAlvin Browndot\u201c einen ganz sch\u00f6nen Aufstieg: Bill Kaulitz kleidet seinen kleinen Schatz in Hundegeschirr von Louis Vuitton (880 Euro) und bettet ihn auf einer Kuscheldecke des Luxuslabels. Wauzi scheint\u2019s zu gefallen!<\/p>\n<p>Mehr zum Thema<\/p>\n<p>Auch die Familie von Bills Zwillingsbruder Tom geht mit zwei Hunden durchs Leben. 2023 waren alle drei Vierbeiner von Tom und Ehefrau <a href=\"https:\/\/www.bild.de\/unterhaltung\/stars-und-leute\/heidi-klum-gntm-macherin-privat-wie-nie-in-neuer-doku-bei-prosieben-692a94f1e9b1296b9ef977c2\" class=\"text-link\" rel=\"nofollow noopener\" target=\"_blank\">Heidi Klum<\/a> (52) innerhalb kurzer Zeit verstorben. Einige Monate sp\u00e4ter schenkte Heidi ihrem Mann zwei Deutsch-Kurzhaar-Welpen zum Geburtstag.<\/p>\n<p>Fans kritisierten Bills Wahl der Hunderasse<\/p>\n<p>Wie Tom und Heidi liebt auch <a href=\"https:\/\/www.bild.de\/unterhaltung\/stars-und-leute\/bill-kaulitz-mit-neuen-zaehnen-war-das-die-7-stunden-op-6916d75fc7cd0ff6c6201543\" class=\"text-link\" rel=\"nofollow noopener\" target=\"_blank\">Bill Kaulitz<\/a> Hunde, und ganz besonders Bulldoggen. Dass er sich diese Rasse zulegt, hat ihm aber auch Kritik eingebracht. Bills erster Hund \u201eAlfia\u201c ist eine Franz\u00f6sische Bulldogge \u2013 eine Rasse, die als Qualzucht gilt. Die Tiere leiden h\u00e4ufig unter Atemproblemen aufgrund ihrer kurzen Schnauzen.<\/p>\n<p><img decoding=\"async\" width=\"992\" height=\"733\" alt=\"Tokio Hotel in Aktion: Bei den Zwillingsbr\u00fcdern Tom (36, l.) und Bill Kaulitz liegt die Liebe zu Hunden in der Familie. Auch Bills fr\u00fchere Hunde \u201eStitch\u201c und \u201ePumba\u201c waren Franz\u00f6sische Bulldoggen\" src=\"https:\/\/www.europesays.com\/de\/wp-content\/uploads\/2025\/12\/bf4b32ec0cc510130a90d04285c77562,b87fb729\"   class=\"dynamic\" loading=\"lazy\"\/><\/p>\n<p class=\"fig__caption__text\">Tokio Hotel in Aktion: Bei den Zwillingsbr\u00fcdern Tom (36, l.) und Bill Kaulitz liegt die Liebe zu Hunden in der Familie. Auch Bills fr\u00fchere Hunde \u201eStitch\u201c und \u201ePumba\u201c waren Franz\u00f6sische Bulldoggen<\/p>\n<p>Foto: Redferns<\/p>\n<p>Noch dazu handelt es sich um eine Blue-Merle-Dogge mit besonderer Fellf\u00e4rbung: Deren Merle-Faktor, eine genetische Mutation, verursacht ein erh\u00f6htes Risiko f\u00fcr Taubheit, Sehst\u00f6rungen und Krebserkrankungen. Neuzugang \u201eAlvin\u201c ist eine Englische Bulldogge, ebenfalls eine Qualzucht, die h\u00e4ufig mit gesundheitlichen Problemen zu k\u00e4mpfen hat.<\/p>\n<p><a href=\"https:\/\/www.bild.de\/unterhaltung\/tv-fernsehformate\/bill-kaulitz-frauen-schrieben-mir-dass-sie-mit-marc-eggers-geschlafen-haben-684fd20b8858611e27644874\" class=\"text-link\" rel=\"nofollow noopener\" target=\"_blank\">Bill Kaulitz<\/a> betont, dass er seine Hunde aus dem Tierschutz adoptiert, also keinen Z\u00fcchter unterst\u00fctzt hat. Ein sch\u00f6neres Leben als im Tierheim hat die Bulldogge bei Bill allemal.<\/p>\n<p><script async src=\"\/\/www.instagram.com\/embed.js\"><\/script><\/p>\n","protected":false},"excerpt":{"rendered":"Los Angeles \u2013 Jetzt lebt auch dieser Wauzi im Luxus! Tokio-Hotel-Frontmann Bill Kaulitz hat sich einen neuen Kameraden&hellip;\n","protected":false},"author":2,"featured_media":666977,"comment_status":"","ping_status":"","sticky":false,"template":"","format":"standard","meta":{"footnotes":""},"categories":[1772],"tags":[28498,29,214,30,604,5351,5352,27432,1779,810,45,5353,215],"class_list":{"0":"post-666976","1":"post","2":"type-post","3":"status-publish","4":"format-standard","5":"has-post-thumbnail","7":"category-musik","8":"tag-bulldogge","9":"tag-deutschland","10":"tag-entertainment","11":"tag-germany","12":"tag-hund","13":"tag-kaulitz-bill","14":"tag-kaulitz-tom","15":"tag-klum-heidi","16":"tag-music","17":"tag-musik","18":"tag-texttospeech","19":"tag-tokio-hotel","20":"tag-unterhaltung"},"share_on_mastodon":{"url":"https:\/\/pubeurope.com\/@de\/115769550920081573","error":""},"_links":{"self":[{"href":"https:\/\/www.europesays.com\/de\/wp-json\/wp\/v2\/posts\/666976","targetHints":{"allow":["GET"]}}],"collection":[{"href":"https:\/\/www.europesays.com\/de\/wp-json\/wp\/v2\/posts"}],"about":[{"href":"https:\/\/www.europesays.com\/de\/wp-json\/wp\/v2\/types\/post"}],"author":[{"embeddable":true,"href":"https:\/\/www.europesays.com\/de\/wp-json\/wp\/v2\/users\/2"}],"replies":[{"embeddable":true,"href":"https:\/\/www.europesays.com\/de\/wp-json\/wp\/v2\/comments?post=666976"}],"version-history":[{"count":0,"href":"https:\/\/www.europesays.com\/de\/wp-json\/wp\/v2\/posts\/666976\/revisions"}],"wp:featuredmedia":[{"embeddable":true,"href":"https:\/\/www.europesays.com\/de\/wp-json\/wp\/v2\/media\/666977"}],"wp:attachment":[{"href":"https:\/\/www.europesays.com\/de\/wp-json\/wp\/v2\/media?parent=666976"}],"wp:term":[{"taxonomy":"category","embeddable":true,"href":"https:\/\/www.europesays.com\/de\/wp-json\/wp\/v2\/categories?post=666976"},{"taxonomy":"post_tag","embeddable":true,"href":"https:\/\/www.europesays.com\/de\/wp-json\/wp\/v2\/tags?post=666976"}],"curies":[{"name":"wp","href":"https:\/\/api.w.org\/{rel}","templated":true}]}}