{"id":667042,"date":"2025-12-23T16:04:17","date_gmt":"2025-12-23T16:04:17","guid":{"rendered":"https:\/\/www.europesays.com\/de\/667042\/"},"modified":"2025-12-23T16:04:17","modified_gmt":"2025-12-23T16:04:17","slug":"klingbeil-gute-loesung-zur-strompreiskompensation-mit-eu-gefunden","status":"publish","type":"post","link":"https:\/\/www.europesays.com\/de\/667042\/","title":{"rendered":"Klingbeil: &#8222;Gute L\u00f6sung&#8220; zur Strompreiskompensation mit EU gefunden"},"content":{"rendered":"<p>      Klingbeil: &#8222;Gute L\u00f6sung&#8220; zur Strompreiskompensation mit EU gefunden<\/p>\n<p>            Kopiere den aktuellen Link<\/p>\n<p>          Zur Merkliste hinzuf\u00fcgen<\/p>\n<p>Bundesfinanzminister Lars Klingbeil (SPD) hat Schritte der EU-Kommission zugunsten niedrigerer Energiepreise f\u00fcr die Industrie begr\u00fc\u00dft und eine &#8222;gute L\u00f6sung&#8220; zur Strompreiskompensation gelobt. &#8222;Die Ausweitung der Strompreiskompensation ist eine sehr gute Nachricht f\u00fcr die deutsche Industrie&#8220;, erkl\u00e4rte Klingbeil am Dienstag nach von Br\u00fcssel verk\u00fcndeten \u00c4nderungen an Leitlinien f\u00fcr staatliche Beihilfen. So werde eine &#8222;sp\u00fcrbare Entlastung bei den Energiekosten ab 2026&#8220; erreicht. Die Chemieindustrie und die Gewerkschaft IG Metall begr\u00fc\u00dften die EU-Entscheidung.<\/p>\n<p class=\"typo-body-sc-md is-initial\">Mit der Strompreiskompensation werden besonders energieintensive Firmen von den Kosten des CO2-Emissionshandels befreit. Im November hatten die Koalitionsspitzen beschlossen, die Kompensation auf weitere Branchen auszudehnen und &#8222;sofern beihilferechtlich m\u00f6glich&#8220; zu erh\u00f6hen.\u00a0<\/p>\n<p class=\"typo-body-sc-md\">Die <a class=\"taxonomy-entity organization\" data-target-type=\"article\" href=\"https:\/\/www.stern.de\/politik\/ausland\/themen\/eu-4540782.html\" target=\"_blank\" rel=\"noopener\">EU<\/a>-Kommission in Br\u00fcssel teilte am Dienstag mit, \u00c4nderungen der Leitlinien f\u00fcr bestimmte Beihilfen angenommen zu haben. So wird zum einen die Liste der Industriezweige erweitert, die f\u00fcr einen Ausgleich der Strompreise infrage kommen &#8211; dazu geh\u00f6ren laut der Beh\u00f6rde k\u00fcnftig etwa die organische Chemie sowie bestimmte Teile der Keramik-, Glas- und Batterieindustrie. F\u00fcr Branchen, die bereits eine Kompensation erhalten, wird zudem der f\u00f6rderf\u00e4hige Anteil der Stromkosten von 75 auf 80 Prozent erh\u00f6ht. Klingbeil bezeichnete das als &#8222;wichtige Verbesserung&#8220;.<\/p>\n<p class=\"typo-body-sc-md\">&#8222;Die gefundene L\u00f6sung f\u00fcgt sich nahtlos in den EU-Rahmen f\u00fcr Energiepreise in der Industrie ein und stellt damit einen fairen Wettbewerb innerhalb der EU sicher&#8220;, erkl\u00e4rte <a class=\"\" data-target-type=\"article\" href=\"https:\/\/www.stern.de\/politik\/deutschland\/themen\/lars-klingbeil-4150534.html\" target=\"_blank\" rel=\"noopener\">Klingbeil<\/a> nun und dankte EU-Wettbewerbskommissarin Teresa Ribera f\u00fcr &#8222;die gute L\u00f6sung, die wir jetzt gefunden haben&#8220;.<\/p>\n<p class=\"typo-body-sc-md\">Auch zum geplanten Industriestrompreis sei die Bundesregierung noch &#8222;in intensiven Gespr\u00e4chen mit der EU-Kommission&#8220;, fuhr der Minister fort. <a class=\"taxonomy-entity organization\" data-target-type=\"article\" href=\"https:\/\/www.stern.de\/politik\/deutschland\/themen\/spd-4541456.html\" target=\"_blank\" rel=\"noopener\">SPD<\/a>-Parlamentsgesch\u00e4ftsf\u00fchrer Dirk Wiese zeigte sich &#8222;zuversichtlich, dass auch der Industriestrompreis sehr zeitnah \u00fcber die Ziellinie geht&#8220;.<\/p>\n<p class=\"typo-body-sc-md\">Der Verband der Chemischen Industrie (VCI) lobte die Entscheidung der EU und sprach von einem &#8222;guten Tag f\u00fcr die energieintensive Industrie&#8220;. &#8222;Die EU-Kommission erkennt den versch\u00e4rften internationalen Wettbewerb an&#8220;, erkl\u00e4rte VCI-Hauptgesch\u00e4ftsf\u00fchrer Wolfgang Gro\u00dfe Entrup. &#8222;Das ist das richtige Signal. Die Strompreise in Europa m\u00fcssen endlich runter.&#8220;<\/p>\n<p class=\"typo-body-sc-md\">Er w\u00fcnsche sich, dass die <a class=\"taxonomy-entity organization\" data-target-type=\"article\" href=\"https:\/\/www.stern.de\/politik\/deutschland\/themen\/bundesregierung-4540750.html\" target=\"_blank\" rel=\"noopener\">Bundesregierung<\/a> auch in den Gespr\u00e4chen zum Industriestrompreis &#8222;nicht lockerl\u00e4sst&#8220;, fuhr Gro\u00dfe Entrup fort. &#8222;Nur gemeinsam k\u00f6nnen beide Instrumente die massiven Kostennachteile gegen\u00fcber anderen Weltregionen reduzieren.&#8220;<\/p>\n<p class=\"typo-body-sc-md\">Die IG Metall \u00e4u\u00dferte sich \u00e4hnlich. &#8222;Insbesondere die M\u00f6glichkeit einer Doppelf\u00f6rderung aus Industriestrompreis und Strompreiskompensation ist zwingend notwendig und muss kommen&#8220;, erkl\u00e4rte der Zweite Vorsitzende der IG Metall, J\u00fcrgen Kerner. Die Entscheidung der EU-Kommission sei &#8222;ein erster Schritt in die richtige Richtung, weitere m\u00fcssen jetzt schnell folgen&#8220;.<\/p>\n<p>\n    AFP\n  <\/p>\n","protected":false},"excerpt":{"rendered":"Klingbeil: &#8222;Gute L\u00f6sung&#8220; zur Strompreiskompensation mit EU gefunden Kopiere den aktuellen Link Zur Merkliste hinzuf\u00fcgen Bundesfinanzminister Lars Klingbeil&hellip;\n","protected":false},"author":2,"featured_media":667043,"comment_status":"","ping_status":"","sticky":false,"template":"","format":"standard","meta":{"footnotes":""},"categories":[3933],"tags":[331,332,548,663,158,3934,3935,13,14,15,12],"class_list":{"0":"post-667042","1":"post","2":"type-post","3":"status-publish","4":"format-standard","5":"has-post-thumbnail","7":"category-eu","8":"tag-aktuelle-nachrichten","9":"tag-aktuelle-news","10":"tag-eu","11":"tag-europa","12":"tag-europaeische-union","13":"tag-europe","14":"tag-european-union","15":"tag-headlines","16":"tag-nachrichten","17":"tag-news","18":"tag-schlagzeilen"},"share_on_mastodon":{"url":"https:\/\/pubeurope.com\/@de\/115769735206305184","error":""},"_links":{"self":[{"href":"https:\/\/www.europesays.com\/de\/wp-json\/wp\/v2\/posts\/667042","targetHints":{"allow":["GET"]}}],"collection":[{"href":"https:\/\/www.europesays.com\/de\/wp-json\/wp\/v2\/posts"}],"about":[{"href":"https:\/\/www.europesays.com\/de\/wp-json\/wp\/v2\/types\/post"}],"author":[{"embeddable":true,"href":"https:\/\/www.europesays.com\/de\/wp-json\/wp\/v2\/users\/2"}],"replies":[{"embeddable":true,"href":"https:\/\/www.europesays.com\/de\/wp-json\/wp\/v2\/comments?post=667042"}],"version-history":[{"count":0,"href":"https:\/\/www.europesays.com\/de\/wp-json\/wp\/v2\/posts\/667042\/revisions"}],"wp:featuredmedia":[{"embeddable":true,"href":"https:\/\/www.europesays.com\/de\/wp-json\/wp\/v2\/media\/667043"}],"wp:attachment":[{"href":"https:\/\/www.europesays.com\/de\/wp-json\/wp\/v2\/media?parent=667042"}],"wp:term":[{"taxonomy":"category","embeddable":true,"href":"https:\/\/www.europesays.com\/de\/wp-json\/wp\/v2\/categories?post=667042"},{"taxonomy":"post_tag","embeddable":true,"href":"https:\/\/www.europesays.com\/de\/wp-json\/wp\/v2\/tags?post=667042"}],"curies":[{"name":"wp","href":"https:\/\/api.w.org\/{rel}","templated":true}]}}