{"id":667048,"date":"2025-12-23T16:07:17","date_gmt":"2025-12-23T16:07:17","guid":{"rendered":"https:\/\/www.europesays.com\/de\/667048\/"},"modified":"2025-12-23T16:07:17","modified_gmt":"2025-12-23T16:07:17","slug":"pol-su-pkw-ueberschlaegt-sich-nach-abkommen-von-der-fahrbahn-fahrer-schwer-verletzt","status":"publish","type":"post","link":"https:\/\/www.europesays.com\/de\/667048\/","title":{"rendered":"POL-SU: Pkw \u00fcberschl\u00e4gt sich nach Abkommen von der Fahrbahn &#8211; Fahrer schwer verletzt"},"content":{"rendered":"<p class=\"date\">23.12.2025 \u2013 13:22<\/p>\n<p class=\"customer\">\n                        <a class=\"story-customer\" title=\"weiter zum newsroom von Kreispolizeibeh\u00f6rde Rhein-Sieg-Kreis\" href=\"https:\/\/www.presseportal.de\/blaulicht\/nr\/65853\" target=\"_blank\" rel=\"noopener\">Kreispolizeibeh\u00f6rde Rhein-Sieg-Kreis<\/a>\n                    <\/p>\n<p><a data-category=\"citylink-story-view\" data-action=\"click\" data-label=\"Citylink in Meldungsansicht\" class=\"story-city event-trigger\" href=\"https:\/\/www.presseportal.de\/regional\/Much\" title=\"News aus Much \" target=\"_blank\" rel=\"noopener\">Much<\/a> (ots)<\/p>\n<p>Am Montagabend (22. Dezember) kam es gegen 20:45 Uhr auf der Bundesstra\u00dfe 56 (B 56) in H\u00f6he des Mucher Ortsteils Niederwahn zu einem Verkehrsunfall, bei dem ein 24-j\u00e4hriger Autofahrer schwer verletzt wurde.<\/p>\n<p>Der Mann aus Much befuhr mit seinem Opel die B 56 aus Richtung Niederwahn kommend in Fahrtrichtung Much-Zentrum. In einer Linkskurve geriet der Pkw aus bislang ungekl\u00e4rter Ursache ohne Fremdeinwirkung ins Schleudern. Das Fahrzeug kam zun\u00e4chst nach links von der Fahrbahn ab, befuhr den angrenzenden Gehweg und geriet anschlie\u00dfend wieder zur\u00fcck auf die Fahrbahn. In der Folge kam der Pkw nach rechts von der Fahrbahn ab, durchbrach einen Metallzaun, st\u00fcrzte einen Abhang hinunter und kam schlie\u00dflich auf dem Dach liegend zum Stillstand.<\/p>\n<p>Der 24-J\u00e4hrige erlitt schwere Verletzungen. Nach der Erstversorgung durch den Rettungsdienst an der Unfallstelle wurde er mit einem Rettungswagen in ein Krankenhaus gebracht. Der Pkw war nicht mehr fahrbereit und musste abgeschleppt werden. Der entstandene Sachschaden wird auf mehrere tausend Euro gesch\u00e4tzt. Hinweise auf einen Alkohol- oder Drogenkonsum ergaben sich nicht.<\/p>\n<p>Das Verkehrskommissariat der Polizei des Rhein-Sieg-Kreises hat die Ermittlungen zur Unfallursache aufgenommen. (Re)<\/p>\n<p class=\"contact-headline\">R\u00fcckfragen bitte an:<\/p>\n<p class=\"contact-text\">Kreispolizeibeh\u00f6rde Rhein-Sieg-Kreis<br \/>Pressestelle<\/p>\n<p>Telefon: 02241\/541-2222<br \/>E-Mail: <a href=\"https:\/\/www.presseportal.de\/blaulicht\/pm\/65853\/mailto: pressestelle@polizei-rhein-sieg.de\" class=\"uri-mailto\" target=\"_blank\" rel=\"noopener\"> pressestelle@polizei-rhein-sieg.de<\/a><\/p>\n<p class=\"originator\">Original-Content von: Kreispolizeibeh\u00f6rde Rhein-Sieg-Kreis, \u00fcbermittelt durch news aktuell<\/p>\n","protected":false},"excerpt":{"rendered":"23.12.2025 \u2013 13:22 Kreispolizeibeh\u00f6rde Rhein-Sieg-Kreis Much (ots) Am Montagabend (22. Dezember) kam es gegen 20:45 Uhr auf der&hellip;\n","protected":false},"author":2,"featured_media":386213,"comment_status":"","ping_status":"","sticky":false,"template":"","format":"standard","meta":{"footnotes":""},"categories":[1842],"tags":[1741,3364,29,30,177,1209,176,121,178,180,179,181],"class_list":{"0":"post-667048","1":"post","2":"type-post","3":"status-publish","4":"format-standard","5":"has-post-thumbnail","7":"category-bonn","8":"tag-bonn","9":"tag-de","10":"tag-deutschland","11":"tag-germany","12":"tag-kriminalitt","13":"tag-nordrhein-westfalen","14":"tag-nrw","15":"tag-polizei","16":"tag-presse","17":"tag-pressemeldung","18":"tag-pressemitteilung","19":"tag-pressemitteilungen"},"share_on_mastodon":{"url":"https:\/\/pubeurope.com\/@de\/115769746740736993","error":""},"_links":{"self":[{"href":"https:\/\/www.europesays.com\/de\/wp-json\/wp\/v2\/posts\/667048","targetHints":{"allow":["GET"]}}],"collection":[{"href":"https:\/\/www.europesays.com\/de\/wp-json\/wp\/v2\/posts"}],"about":[{"href":"https:\/\/www.europesays.com\/de\/wp-json\/wp\/v2\/types\/post"}],"author":[{"embeddable":true,"href":"https:\/\/www.europesays.com\/de\/wp-json\/wp\/v2\/users\/2"}],"replies":[{"embeddable":true,"href":"https:\/\/www.europesays.com\/de\/wp-json\/wp\/v2\/comments?post=667048"}],"version-history":[{"count":0,"href":"https:\/\/www.europesays.com\/de\/wp-json\/wp\/v2\/posts\/667048\/revisions"}],"wp:featuredmedia":[{"embeddable":true,"href":"https:\/\/www.europesays.com\/de\/wp-json\/wp\/v2\/media\/386213"}],"wp:attachment":[{"href":"https:\/\/www.europesays.com\/de\/wp-json\/wp\/v2\/media?parent=667048"}],"wp:term":[{"taxonomy":"category","embeddable":true,"href":"https:\/\/www.europesays.com\/de\/wp-json\/wp\/v2\/categories?post=667048"},{"taxonomy":"post_tag","embeddable":true,"href":"https:\/\/www.europesays.com\/de\/wp-json\/wp\/v2\/tags?post=667048"}],"curies":[{"name":"wp","href":"https:\/\/api.w.org\/{rel}","templated":true}]}}