{"id":667056,"date":"2025-12-23T16:13:16","date_gmt":"2025-12-23T16:13:16","guid":{"rendered":"https:\/\/www.europesays.com\/de\/667056\/"},"modified":"2025-12-23T16:13:16","modified_gmt":"2025-12-23T16:13:16","slug":"neuer-direktflug-von-nuernberg-zu-grossstadt-am-meer","status":"publish","type":"post","link":"https:\/\/www.europesays.com\/de\/667056\/","title":{"rendered":"Neuer Direktflug von N\u00fcrnberg zu Gro\u00dfstadt am Meer"},"content":{"rendered":"<ol class=\"id-DonaldBreadcrumb lp_west_breadcrumb id-DonaldBreadcrumb--default\" data-k5a-pos=\"west_breadcrumb\">\n<li class=\"id-Breadcrumb-item\"><a href=\"https:\/\/www.merkur.de\/\" class=\"id-Breadcrumb-link\" data-id-ec=\"{\" shn=\"\" textlink=\"\" data-k5a-pos=\"1_startseite\" target=\"_blank\" rel=\"noopener\">Startseite<\/a><\/li>\n<li class=\"id-Breadcrumb-item\"><a href=\"https:\/\/www.merkur.de\/bayern\/\" class=\"id-Breadcrumb-link\" data-id-ec=\"{\" shn=\"\" textlink=\"\" data-k5a-pos=\"2_bayern\" target=\"_blank\" rel=\"noopener\">Bayern<\/a><\/li>\n<li class=\"id-Breadcrumb-item\"><a href=\"https:\/\/www.merkur.de\/bayern\/nuernberg\/\" class=\"id-Breadcrumb-link\" data-id-ec=\"{\" shn=\"\" textlink=\"\" franken=\"\" data-k5a-pos=\"3_nuernbergFranken\" target=\"_blank\" rel=\"noopener\">N\u00fcrnberg &amp; Franken<\/a><\/li>\n<\/ol>\n<p class=\"id-Story-timestamp id-Story-timestamp--default\">Stand: 23.12.2025, 16:33 Uhr<\/p>\n<p class=\"id-Story-authors id-Story-authors--default\">Von: <a class=\"id-Story-authors-link lp_west_author\" href=\"https:\/\/www.merkur.de\/autor\/theresa-salmansberger-gu4f03g5q.html\" title=\"Zur Autorenseite von Theresa Salmansberger\" data-id-ec=\"{\" shn=\"\" author-link=\"\" salmansberger=\"\" data-k5a-pos=\"west_author\" target=\"_blank\" rel=\"noopener\">Theresa Salmansberger<\/a><\/p>\n<p class=\"id-Story-interactionBar id-Story-interactionBar--default\">DruckenTeilen<\/p>\n<p class=\"id-StoryElement-leadText\">Von N\u00fcrnberg aus hat eine neue Direktverbindung gestartet. Das Ziel richtet sich besonders an Menschen mit famili\u00e4ren Bindungen dort, aber auch an Individualreisende.<\/p>\n<p class=\"id-StoryElement-paragraph\">N\u00fcrnberg \u2013 Die deutsche Fluggesellschaft Sundair hat am Dienstag, 23. Dezember, eine neue Nonstop-Verbindung zwischen N\u00fcrnberg und Beirut gestartet. Der Erstflug in die libanesische Hauptstadt markiert eine bedeutende Erweiterung des Flugangebots ab N\u00fcrnberg und richtet sich besonders an Menschen mit famili\u00e4ren Bindungen in den Libanon und angrenzende Regionen.<\/p>\n<p><img decoding=\"async\" class=\"id-RatioPlaceholder-element wv_story_el_image\" src=\"https:\/\/www.europesays.com\/de\/wp-content\/uploads\/2025\/12\/40929103-die-sundair-crew-freut-sich-auf-die-ersten-passagiere-jan-bruns-geschaeftsfuehrer-der-abfer.jpeg\" loading=\"lazy\"   height=\"734\" width=\"1100\" alt=\"Die Sundair-Crew freut sich auf die ersten Passagiere: Jan C. Bruns, Gesch&#xE4;ftsf&#xFC;hrer der Abfertigungstochter AirPart (2. v.l.), Pressesprecher Christian Albrecht (r.), Felix Tischner vom Aviation Vertrieb (l.) mit dem Sundair-Team.\"\/>Die Sundair-Crew freut sich auf die ersten Passagiere. \u00a9\u00a0Jan Bein\u00dfen \/ Airport N\u00fcrnbergNeue Direktverbindung von N\u00fcrnberg besonders f\u00fcr Familienbesuche hilfreich<\/p>\n<p class=\"id-StoryElement-paragraph\">F\u00fcr viele Bewohner der Metropolregion N\u00fcrnberg bedeutet diese Direktverbindung eine erhebliche Verbesserung ihrer Reisem\u00f6glichkeiten. Bislang waren Besuche bei Verwandten und Freunden im Libanon oft mit Umsteigen und l\u00e4ngeren Reisezeiten verbunden. Die neue Route vereinfacht nun diese Familienbesuche deutlich.<\/p>\n<p class=\"id-StoryElement-paragraph\">Beirut selbst gilt als kultureller Schmelztiegel mit einer faszinierenden Mischung aus historischen St\u00e4tten, lebendigen M\u00e4rkten und einer pulsierenden Kulturszene. Die Stadt lockt mit zahlreichen Museen und einem aktiven Nachtleben, was sie auch f\u00fcr Individualreisende zu einem interessanten Ziel macht.<\/p>\n<p>Vom Freistaat in die weite Welt hinaus: Das sind Bayerns Verkehrsflugh\u00e4fen<img decoding=\"async\" class=\"id-RatioPlaceholder-element wv_story_el_interstitialImage\" src=\"https:\/\/www.europesays.com\/de\/wp-content\/uploads\/2025\/08\/39195552-israel-air-force-boeing-707-3l6c-manching-3kfe.jpg\" loading=\"lazy\"   height=\"2667\" width=\"4000\" alt=\"Israel - Air Force Boeing 707-3L6C, Manching\"\/><a href=\"https:\/\/www.merkur.de\/bayern\/verkehrsflughaefen-vom-freistaat-in-die-weite-welt-hinaus-das-sind-bayerns-zr-93872845.html\" class=\"id-StoryElement-intestitialLink-link\" data-id-ec=\"{\" shn=\"\" ansehen=\"\" data-k5a-pos=\"west_story_14_photoGalleryLink\" title=\"Zur Fotostrecke: Vom Freistaat in die weite Welt hinaus: Das sind Bayerns Verkehrsflugh&#xE4;fen\" target=\"_blank\" rel=\"noopener\">Fotostrecke ansehen<\/a><\/p>\n<p class=\"id-StoryElement-paragraph\">Die Verbindung wird zun\u00e4chst einmal pro Woche angeboten. Flugtag ist jeweils dienstags. Reiseinteressierte k\u00f6nnen ihre Tickets bereits jetzt \u00fcber die Internetseite des Unternehmens buchen. F\u00fcr aktuelle Informationen zur Sicherheits- und Reiselage stellt das Ausw\u00e4rtige Amt entsprechende Hinweise bereit. (Quelle: Sundair) (res)<\/p>\n","protected":false},"excerpt":{"rendered":"Startseite Bayern N\u00fcrnberg &amp; Franken Stand: 23.12.2025, 16:33 Uhr Von: Theresa Salmansberger DruckenTeilen Von N\u00fcrnberg aus hat eine&hellip;\n","protected":false},"author":2,"featured_media":667057,"comment_status":"","ping_status":"","sticky":false,"template":"","format":"standard","meta":{"footnotes":""},"categories":[1837],"tags":[772,3364,29,30,3783],"class_list":{"0":"post-667056","1":"post","2":"type-post","3":"status-publish","4":"format-standard","5":"has-post-thumbnail","7":"category-nuernberg","8":"tag-bayern","9":"tag-de","10":"tag-deutschland","11":"tag-germany","12":"tag-nuernberg"},"share_on_mastodon":{"url":"https:\/\/pubeurope.com\/@de\/115769772420381812","error":""},"_links":{"self":[{"href":"https:\/\/www.europesays.com\/de\/wp-json\/wp\/v2\/posts\/667056","targetHints":{"allow":["GET"]}}],"collection":[{"href":"https:\/\/www.europesays.com\/de\/wp-json\/wp\/v2\/posts"}],"about":[{"href":"https:\/\/www.europesays.com\/de\/wp-json\/wp\/v2\/types\/post"}],"author":[{"embeddable":true,"href":"https:\/\/www.europesays.com\/de\/wp-json\/wp\/v2\/users\/2"}],"replies":[{"embeddable":true,"href":"https:\/\/www.europesays.com\/de\/wp-json\/wp\/v2\/comments?post=667056"}],"version-history":[{"count":0,"href":"https:\/\/www.europesays.com\/de\/wp-json\/wp\/v2\/posts\/667056\/revisions"}],"wp:featuredmedia":[{"embeddable":true,"href":"https:\/\/www.europesays.com\/de\/wp-json\/wp\/v2\/media\/667057"}],"wp:attachment":[{"href":"https:\/\/www.europesays.com\/de\/wp-json\/wp\/v2\/media?parent=667056"}],"wp:term":[{"taxonomy":"category","embeddable":true,"href":"https:\/\/www.europesays.com\/de\/wp-json\/wp\/v2\/categories?post=667056"},{"taxonomy":"post_tag","embeddable":true,"href":"https:\/\/www.europesays.com\/de\/wp-json\/wp\/v2\/tags?post=667056"}],"curies":[{"name":"wp","href":"https:\/\/api.w.org\/{rel}","templated":true}]}}