{"id":667062,"date":"2025-12-23T16:16:16","date_gmt":"2025-12-23T16:16:16","guid":{"rendered":"https:\/\/www.europesays.com\/de\/667062\/"},"modified":"2025-12-23T16:16:16","modified_gmt":"2025-12-23T16:16:16","slug":"investor-gefunden-glasproduktion-in-freital-geht-weiter","status":"publish","type":"post","link":"https:\/\/www.europesays.com\/de\/667062\/","title":{"rendered":"Investor gefunden &#8211; Glasproduktion in Freital geht weiter"},"content":{"rendered":"<p>F\u00fcr die insolvente Glash\u00fctte Freital hat sich ein Investor gefunden. Die neuen Eigent\u00fcmer bestehen aus einem lokalen Investor und einem Partner aus Lettland, teilte das Unternehmen am Dienstag mit.\u00a0<\/p>\n<p>Gemeinsam \u00fcbernehmen sie nicht nur die Produktionsanlagen, sondern auch s\u00e4mtliche Mitarbeiter. Am 10. Dezember 2025 wurde der Kaufvertrag \u00fcber die \u00dcbernahme der wesentlichen Verm\u00f6genswerte abgeschlossen. Damit wird die \u00fcber 200-j\u00e4hrige Tradition der Glasproduktion an dem Standort fortgef\u00fchrt.\u00a0<\/p>\n<p>Der Gesch\u00e4ftsbetrieb l\u00e4uft ohne Unterbrechung weiter<\/p>\n<p>Der Gesch\u00e4ftsbetrieb wird nahtlos fortgef\u00fchrt. Mittelfristig ist geplant, zun\u00e4chst mit dem Betrieb einer Schmelzwanne wieder Nischensegmente und Kleinserien zu bedienen und bestehende Kundenbeziehungen zu st\u00e4rken. Dar\u00fcber hinaus wollen die Investoren die Internationalisierung des Unternehmens vorantreiben, um neue M\u00e4rkte zu erschlie\u00dfen<\/p>\n<p>\u00dcber die Glash\u00fctte Freital GmbH<\/p>\n<p>Die Glash\u00fctte Freital GmbH wurde 2013 gegr\u00fcndet, ihren Ursprung hat sie aber bereits im Jahr 1802. Damals nahm sie als K\u00f6nigliche Friedrich-H\u00fctte in D\u00f6hlen ihren Betrieb auf. Seither stellt das Unternehmen Beh\u00e4lterglas f\u00fcr den t\u00e4glichen Gebrauch her, darunter Spirituosen-, Wein- und Saftflaschen im Standardbereich, aber auch individuelle und kundenspezifische Artikel. Bei der Glasherstellung nutzt die Glash\u00fctte bis zu 75 Prozent Altglasscherben, um diese so in den Wirtschaftskreislauf zur Wiederverwertung zur\u00fcckzuf\u00fchren.\u00a0<\/p>\n","protected":false},"excerpt":{"rendered":"F\u00fcr die insolvente Glash\u00fctte Freital hat sich ein Investor gefunden. Die neuen Eigent\u00fcmer bestehen aus einem lokalen Investor&hellip;\n","protected":false},"author":2,"featured_media":667063,"comment_status":"","ping_status":"","sticky":false,"template":"","format":"standard","meta":{"footnotes":""},"categories":[1835],"tags":[3364,29,2386,30,859],"class_list":{"0":"post-667062","1":"post","2":"type-post","3":"status-publish","4":"format-standard","5":"has-post-thumbnail","7":"category-dresden","8":"tag-de","9":"tag-deutschland","10":"tag-dresden","11":"tag-germany","12":"tag-sachsen"},"share_on_mastodon":{"url":"https:\/\/pubeurope.com\/@de\/115769782036155932","error":""},"_links":{"self":[{"href":"https:\/\/www.europesays.com\/de\/wp-json\/wp\/v2\/posts\/667062","targetHints":{"allow":["GET"]}}],"collection":[{"href":"https:\/\/www.europesays.com\/de\/wp-json\/wp\/v2\/posts"}],"about":[{"href":"https:\/\/www.europesays.com\/de\/wp-json\/wp\/v2\/types\/post"}],"author":[{"embeddable":true,"href":"https:\/\/www.europesays.com\/de\/wp-json\/wp\/v2\/users\/2"}],"replies":[{"embeddable":true,"href":"https:\/\/www.europesays.com\/de\/wp-json\/wp\/v2\/comments?post=667062"}],"version-history":[{"count":0,"href":"https:\/\/www.europesays.com\/de\/wp-json\/wp\/v2\/posts\/667062\/revisions"}],"wp:featuredmedia":[{"embeddable":true,"href":"https:\/\/www.europesays.com\/de\/wp-json\/wp\/v2\/media\/667063"}],"wp:attachment":[{"href":"https:\/\/www.europesays.com\/de\/wp-json\/wp\/v2\/media?parent=667062"}],"wp:term":[{"taxonomy":"category","embeddable":true,"href":"https:\/\/www.europesays.com\/de\/wp-json\/wp\/v2\/categories?post=667062"},{"taxonomy":"post_tag","embeddable":true,"href":"https:\/\/www.europesays.com\/de\/wp-json\/wp\/v2\/tags?post=667062"}],"curies":[{"name":"wp","href":"https:\/\/api.w.org\/{rel}","templated":true}]}}