{"id":667460,"date":"2025-12-23T20:08:11","date_gmt":"2025-12-23T20:08:11","guid":{"rendered":"https:\/\/www.europesays.com\/de\/667460\/"},"modified":"2025-12-23T20:08:11","modified_gmt":"2025-12-23T20:08:11","slug":"so-feiern-diese-drei-wuppertalerinnen-weihnachten","status":"publish","type":"post","link":"https:\/\/www.europesays.com\/de\/667460\/","title":{"rendered":"So feiern diese drei Wuppertalerinnen Weihnachten"},"content":{"rendered":"<p class=\"text_ohne_einzug richtext text-em-55 !leading-serif mx-6 desktop:mx-0\">Weihnachtszeit ist Familienzeit \u2013 das war schon vor einigen Jahrzehnten so und ist es auch heute noch. Selina Varveri (15) und ihre beiden Gro\u00dfm\u00fctter Brigitt Varveri (64) und Franca Amica (63) sprechen mit uns dar\u00fcber, wie Weihnachten fr\u00fcher war, was heute wichtig geworden ist. Und beide Gro\u00dfm\u00fctter sind sich rasch einig: \u201eFr\u00fcher war es schon sch\u00f6ner\u201c. Weniger hektisch und stressig sei es gewesen. \u201eVielleicht auch nur deshalb, weil wir ja noch Kinder waren und unsere Eltern bestimmt auch ein wenig Stress hatten\u201c, vermutet Birgitt Varveri.<\/p>\n","protected":false},"excerpt":{"rendered":"Weihnachtszeit ist Familienzeit \u2013 das war schon vor einigen Jahrzehnten so und ist es auch heute noch. Selina&hellip;\n","protected":false},"author":2,"featured_media":667461,"comment_status":"","ping_status":"","sticky":false,"template":"","format":"standard","meta":{"footnotes":""},"categories":[1840],"tags":[4152,155500,155499,3364,29,60831,553,155502,15657,155501,31244,30,93409,1209,79504,155498,12289,4418],"class_list":{"0":"post-667460","1":"post","2":"type-post","3":"status-publish","4":"format-standard","5":"has-post-thumbnail","7":"category-wuppertal","8":"tag-acht","9":"tag-amica","10":"tag-birgitt","11":"tag-de","12":"tag-deutschland","13":"tag-enkel","14":"tag-familie","15":"tag-familienmitglieder","16":"tag-familienzeit","17":"tag-franca","18":"tag-frueher","19":"tag-germany","20":"tag-grossmutter","21":"tag-nordrhein-westfalen","22":"tag-selina","23":"tag-varveri","24":"tag-weihnachten","25":"tag-wuppertal"},"share_on_mastodon":{"url":"https:\/\/pubeurope.com\/@de\/115770694315898575","error":""},"_links":{"self":[{"href":"https:\/\/www.europesays.com\/de\/wp-json\/wp\/v2\/posts\/667460","targetHints":{"allow":["GET"]}}],"collection":[{"href":"https:\/\/www.europesays.com\/de\/wp-json\/wp\/v2\/posts"}],"about":[{"href":"https:\/\/www.europesays.com\/de\/wp-json\/wp\/v2\/types\/post"}],"author":[{"embeddable":true,"href":"https:\/\/www.europesays.com\/de\/wp-json\/wp\/v2\/users\/2"}],"replies":[{"embeddable":true,"href":"https:\/\/www.europesays.com\/de\/wp-json\/wp\/v2\/comments?post=667460"}],"version-history":[{"count":0,"href":"https:\/\/www.europesays.com\/de\/wp-json\/wp\/v2\/posts\/667460\/revisions"}],"wp:featuredmedia":[{"embeddable":true,"href":"https:\/\/www.europesays.com\/de\/wp-json\/wp\/v2\/media\/667461"}],"wp:attachment":[{"href":"https:\/\/www.europesays.com\/de\/wp-json\/wp\/v2\/media?parent=667460"}],"wp:term":[{"taxonomy":"category","embeddable":true,"href":"https:\/\/www.europesays.com\/de\/wp-json\/wp\/v2\/categories?post=667460"},{"taxonomy":"post_tag","embeddable":true,"href":"https:\/\/www.europesays.com\/de\/wp-json\/wp\/v2\/tags?post=667460"}],"curies":[{"name":"wp","href":"https:\/\/api.w.org\/{rel}","templated":true}]}}