{"id":667505,"date":"2025-12-23T20:40:45","date_gmt":"2025-12-23T20:40:45","guid":{"rendered":"https:\/\/www.europesays.com\/de\/667505\/"},"modified":"2025-12-23T20:40:45","modified_gmt":"2025-12-23T20:40:45","slug":"stranger-things-star-finn-wolfhard-ueber-gluehwein-erlebnis","status":"publish","type":"post","link":"https:\/\/www.europesays.com\/de\/667505\/","title":{"rendered":"Stranger Things-Star Finn Wolfhard \u00fcber Gl\u00fchwein-Erlebnis"},"content":{"rendered":"<p>\t\tStar aus \u201eStranger Things\u201c \u00fcber Dortmund<br \/>\n\t\t\t\t\tKeine Erinnerung an Gl\u00fchwein-Erlebnis?<\/p>\n<p>\t\t<img alt=\"\" src=\"https:\/\/www.europesays.com\/de\/wp-content\/uploads\/2025\/07\/630_0036_324260_.jpg\"  class=\"avatar avatar-36 photo avatar-default\" height=\"36\" width=\"36\" loading=\"eager\" decoding=\"async\"\/>\t\t<a class=\"article-author__name\" href=\"https:\/\/www.ruhrnachrichten.de\/author\/kevin-kindel\/\" rel=\"author noopener\" target=\"_blank\">Kevin Kindel<\/a><br \/>\n\t\tRedakteur<\/p>\n<p>    <a href=\"https:\/\/www.ruhrnachrichten.de\/wp-content\/uploads\/2025\/12\/23\/14\/630_0900_5526077_-1648x824.jpg\" target=\"_blank\" rel=\"noopener\"><\/p>\n<p>            <img loading=\"lazy\" decoding=\"async\" src=\"https:\/\/www.europesays.com\/de\/wp-content\/uploads\/2025\/12\/630_0900_5526076_-640x428.jpg\" width=\"640\" height=\"428\"  alt=\"\"\/><\/p>\n<p>    <\/a><br \/>\n    Hauptdarsteller Finn Wolfhard bei einem Fan-Event der Netflix-Serie \u201eStranger Things\u201c. \u00a9 picture alliance\/dpa<\/p>\n<p class=\"article__teaser-text\">Finn Wolfhard, bekannt aus \u201eStranger Things\u201c, erinnert sich an ein Gl\u00fchwein-Erlebnis in Dortmund \u2013 oder doch nicht? Zweimal war er bereits in der Stadt.<\/p>\n<p>1 Min Lesezeit<\/p>\n<p>Als die neue Staffel der Erfolgsserie \u201eStranger Things\u201c bei Netflix ver\u00f6ffentlicht wurde, gingen die Server des Streaming-Dienstes in den USA wegen des gro\u00dfen Interesses in die Knie. Die Schauspieler der Mystery-Serie sind schon als Jugendliche zu gro\u00dfen Stars geworden.<\/p>\n<p>In einem Interview f\u00fcr den deutschen Instagram-Kanal von Netflix hat Darsteller Finn Wolfhard jetzt ein Erlebnis in <a href=\"https:\/\/www.ruhrnachrichten.de\/dortmund\/\" data-imported=\"1\" target=\"_blank\" rel=\"noopener\">Dortmund<\/a> angesprochen. Auf die Frage, ob er in Deutschland schon einmal Gl\u00fchwein getrunken habe, sagt der 23-J\u00e4hrige: \u201eEinmal. In Dortmund.\u201c Doch auf Nachfrage folgt: \u201eWas da passiert ist? Ich kann mich nicht erinnern.\u201c<\/p>\n<p>Zwei Auftritte in Dortmund<\/p>\n<p>Ob er damit meint, dass das Erlebnis eher ereignisarm war oder ob der Alkoholgenuss die Erinnerung tr\u00fcbt, l\u00e4sst Wolfhard in dem Instagram-Clip offen.<\/p>\n<p>Mindestens zweimal war der Schauspieler des Charakters Mike Wheeler \u00fcbrigens bereits in Dortmund. 2023 und 2017 war er Teil der <a href=\"https:\/\/www.ruhrnachrichten.de\/dortmund\/comic-con-dortmund-2024-tickets-preise-gaeste-programm-messe-w949465-2001409381\/\" data-imported=\"1\" target=\"_blank\" rel=\"noopener\">Messe \u201eComic Con\u201c in den Westfalenhallen<\/a>. Im Sommer 2016 wurde die erste Staffel von \u201eStranger Things\u201c ver\u00f6ffentlicht \u2013 da war Wolfhard 13 Jahre alt.<\/p>\n<p>In einem anderen Interview sagte der Kanadier k\u00fcrzlich: \u201eIch habe deutsche Wurzeln. Mein Urgro\u00dfvater kam in den sp\u00e4ten 30er-Jahren nach Kanada und gr\u00fcndete dort eine Familie. Ich spreche aber leider kein Deutsch.\u201c<\/p>\n<p>\t\t<a href=\"https:\/\/www.ruhrnachrichten.de\/dortmund\/trevor-noah-dortmund-comedy-star-kabarettist-moderator-w1120963-2001906962\/\" rel=\"nofollow noopener\" aria-hidden=\"true\" tabindex=\"-1\" title=\"Trevor Noah schw\u00e4rmt von Dortmund Comedy-Weltstar hat sich in die Stadt verliebt\" aria-label=\"Trevor Noah schw\u00e4rmt von Dortmund Comedy-Weltstar hat sich in die Stadt verliebt\" target=\"_blank\"><\/p>\n<p>                <img decoding=\"async\" src=\"https:\/\/www.europesays.com\/de\/wp-content\/uploads\/2025\/12\/630_0900_5473071_-160x160.jpg\"  width=\"160\" height=\"160\" alt=\"Trevor Noah hat unter anderem die Musik-Preisverleihung der \u201eGrammys\u201c moderiert.\" loading=\"lazy\"\/><\/p>\n<p>\t\t<\/a><\/p>\n","protected":false},"excerpt":{"rendered":"Star aus \u201eStranger Things\u201c \u00fcber Dortmund Keine Erinnerung an Gl\u00fchwein-Erlebnis? Kevin Kindel Redakteur Hauptdarsteller Finn Wolfhard bei einem&hellip;\n","protected":false},"author":2,"featured_media":667506,"comment_status":"","ping_status":"","sticky":false,"template":"","format":"standard","meta":{"footnotes":""},"categories":[1833],"tags":[3364,29,217,30,1209,8299,215],"class_list":{"0":"post-667505","1":"post","2":"type-post","3":"status-publish","4":"format-standard","5":"has-post-thumbnail","7":"category-dortmund","8":"tag-de","9":"tag-deutschland","10":"tag-dortmund","11":"tag-germany","12":"tag-nordrhein-westfalen","13":"tag-prominent","14":"tag-unterhaltung"},"share_on_mastodon":{"url":"https:\/\/pubeurope.com\/@de\/115770820281365255","error":""},"_links":{"self":[{"href":"https:\/\/www.europesays.com\/de\/wp-json\/wp\/v2\/posts\/667505","targetHints":{"allow":["GET"]}}],"collection":[{"href":"https:\/\/www.europesays.com\/de\/wp-json\/wp\/v2\/posts"}],"about":[{"href":"https:\/\/www.europesays.com\/de\/wp-json\/wp\/v2\/types\/post"}],"author":[{"embeddable":true,"href":"https:\/\/www.europesays.com\/de\/wp-json\/wp\/v2\/users\/2"}],"replies":[{"embeddable":true,"href":"https:\/\/www.europesays.com\/de\/wp-json\/wp\/v2\/comments?post=667505"}],"version-history":[{"count":0,"href":"https:\/\/www.europesays.com\/de\/wp-json\/wp\/v2\/posts\/667505\/revisions"}],"wp:featuredmedia":[{"embeddable":true,"href":"https:\/\/www.europesays.com\/de\/wp-json\/wp\/v2\/media\/667506"}],"wp:attachment":[{"href":"https:\/\/www.europesays.com\/de\/wp-json\/wp\/v2\/media?parent=667505"}],"wp:term":[{"taxonomy":"category","embeddable":true,"href":"https:\/\/www.europesays.com\/de\/wp-json\/wp\/v2\/categories?post=667505"},{"taxonomy":"post_tag","embeddable":true,"href":"https:\/\/www.europesays.com\/de\/wp-json\/wp\/v2\/tags?post=667505"}],"curies":[{"name":"wp","href":"https:\/\/api.w.org\/{rel}","templated":true}]}}