{"id":667509,"date":"2025-12-23T20:42:12","date_gmt":"2025-12-23T20:42:12","guid":{"rendered":"https:\/\/www.europesays.com\/de\/667509\/"},"modified":"2025-12-23T20:42:12","modified_gmt":"2025-12-23T20:42:12","slug":"stadt-will-strassen-rund-ums-connewitzer-kreuz-dicht-machen","status":"publish","type":"post","link":"https:\/\/www.europesays.com\/de\/667509\/","title":{"rendered":"Stadt will Stra\u00dfen rund ums Connewitzer Kreuz dicht machen"},"content":{"rendered":"<p>Aus Sicherheitsgr\u00fcnden<\/p>\n<p>Silvester in Leipzig: Stadt sperrt Stra\u00dfen rund ums Connewitzer Kreuz <\/p>\n<p>App \u00f6ffnen<\/p>\n<p class=\"Textstyled__Text-sc-1cqv9mi-0 cLyiiX ArticleHeadstyled__ArticleSubHeadline-sc-tdzyy5-11 fXdZot\">Zum Jahreswechsel plant die Stadt Leipzig, einige Stra\u00dfen f\u00fcr mehrere Stunden zu sperren. Neben dem Augustusplatz sind vor allem die Stra\u00dfen rund um das Connewitzer Kreuz betroffen.<\/p>\n<p class=\"Textstyled__Text-sc-1cqv9mi-0 cLyiiX\">Leipzig. In Leipzig werden in der Silvesternacht mehrere Stra\u00dfen im Stadtgebiet gesperrt. Wie die Stadt mitteilte, sollen so die \u00f6ffentliche Sicherheit und Ordnung gew\u00e4hrleistet werden. Au\u00dferdem zielen die Ma\u00dfnahmen darauf ab, dass es insgesamt m\u00f6glichst wenige Einschr\u00e4nkungen im \u00f6ffentlichen Personennahverkehr und im Individualverkehr gibt.<\/p>\n<p>Weiterlesen nach der Anzeige<\/p>\n<p>Weiterlesen nach der Anzeige<\/p>\n<p class=\"Textstyled__Text-sc-1cqv9mi-0 cLyiiX\">So werden unter anderem der Augustusplatz und die Goethestra\u00dfe auf H\u00f6he der Oper vom 31. Dezember ab 19 Uhr bis zum 1. Januar um 10 Uhr gesperrt. Die Einfahrt in die Tiefgarage Augustusplatz ist in diesem Zeitraum \u00fcber den Georgiring m\u00f6glich, die Ausfahrt \u00fcber die Goethestra\u00dfe auf H\u00f6he der Oper.<\/p>\n<p>Stadt will Stra\u00dfen rund ums Connewitzer Kreuz sperren<\/p>\n<p class=\"Textstyled__Text-sc-1cqv9mi-0 cLyiiX\">Dar\u00fcber hinaus wird es vor allem im Stadtteil Connewitz Stra\u00dfensperrungen geben. So bereitet die Stadt am 31. Dezember ab 21 Uhr vor\u00fcbergehende Sperrungen f\u00fcr die Zufahrten zum Connewitzer Kreuz vor. Das betrifft die Kochstra\u00dfe ab Kreuzung Richard-Lehmann-Stra\u00dfe bis Kreuzung Scheffelstra\u00dfe, sowie in Richtung Connewitzer Kreuz die Eichendorffstra\u00dfe und Scheffelstra\u00dfe ab Kochstra\u00dfe. Zudem soll auch die Selneckerstra\u00dfe ab Kreuzung Windscheidstra\u00dfe gesperrt werden.<\/p>\n<p>Weiterlesen nach der Anzeige<\/p>\n<p>Weiterlesen nach der Anzeige<\/p>\n<p class=\"Textstyled__Text-sc-1cqv9mi-0 cLyiiX\">Zus\u00e4tzlich d\u00fcrfen Fahrzeuge ab 22.45 Uhr die Karl-Liebknecht-Stra\u00dfe ab Kreuzung Richard-Lehmann-Stra\u00dfe, die Arno-Nitzsche-Stra\u00dfe ab Kreuzung Bernhard-G\u00f6ring-Stra\u00dfe, die Bornaische Stra\u00dfe ab Wiedebachplatz und die Wolfgang-Heinze-Stra\u00dfe ab Kreuzung Hermannstra\u00dfe jeweils in Richtung Connewitzer Kreuz nicht mehr befahren. Die Sperrungen sollen in den fr\u00fchen Morgenstunden des 1. Januars wieder aufgehoben werden.<\/p>\n<p>Busse und Stra\u00dfenbahnen fahren zu Silvester nach Sonderfahrplan<\/p>\n<p class=\"Textstyled__Text-sc-1cqv9mi-0 cLyiiX\">W\u00e4hrend die Sperrungen gelten, soll es in diesem Bereich sowie in der Innenstadt in der Dimitroffstra\u00dfe, am Georgiring, dem Grimmaischen Steinweg und der Goethestra\u00dfe Haltverbote geben. Dort werden unter anderem Ersatzhaltestellen f\u00fcr Busse und Stra\u00dfenbahnen angelegt. <\/p>\n<p class=\"Textstyled__Text-sc-1cqv9mi-0 cLyiiX\">Die Stra\u00dfenbahnen verkehren vom 31. Dezember um 22.30 Uhr bis 1. Januar, circa 4 Uhr, nach einem Sonderfahrplan. Diese und weitere Infos zum <a href=\"https:\/\/www.l.de\/verkehrsbetriebe\/nachrichten\/ansicht\/wir-bringen-dich-gut-durch-feiertage-und-jahreswechsel-7782\/\" target=\"_self\" rel=\"nofollow noopener\" title=\"https:\/\/www.l.de\/verkehrsbetriebe\/nachrichten\/ansicht\/wir-bringen-dich-gut-durch-feiertage-und-jahreswechsel-7782\/\" data-vars-event-category=\"intext_link\" data-vars-event-action=\"click\" data-vars-event-label=\"https:\/\/www.l.de\/verkehrsbetriebe\/nachrichten\/ansicht\/wir-bringen-dich-gut-durch-feiertage-und-jahreswechsel-7782\/\">\u00f6ffentlichen Personennahverkehr <\/a>zu Silvester sind unter anderem auf Website der Leipziger Verkehrsbetriebe nachzulesen. <\/p>\n<p class=\"Editorialstyled__Editorial-sc-1bfvh9l-0 cSmjnJ\">LVZ<\/p>\n","protected":false},"excerpt":{"rendered":"Aus Sicherheitsgr\u00fcnden Silvester in Leipzig: Stadt sperrt Stra\u00dfen rund ums Connewitzer Kreuz App \u00f6ffnen Zum Jahreswechsel plant die&hellip;\n","protected":false},"author":2,"featured_media":667510,"comment_status":"","ping_status":"","sticky":false,"template":"","format":"standard","meta":{"footnotes":""},"categories":[1832],"tags":[3364,29,30,71,859],"class_list":{"0":"post-667509","1":"post","2":"type-post","3":"status-publish","4":"format-standard","5":"has-post-thumbnail","7":"category-leipzig","8":"tag-de","9":"tag-deutschland","10":"tag-germany","11":"tag-leipzig","12":"tag-sachsen"},"share_on_mastodon":{"url":"https:\/\/pubeurope.com\/@de\/115770828071831983","error":""},"_links":{"self":[{"href":"https:\/\/www.europesays.com\/de\/wp-json\/wp\/v2\/posts\/667509","targetHints":{"allow":["GET"]}}],"collection":[{"href":"https:\/\/www.europesays.com\/de\/wp-json\/wp\/v2\/posts"}],"about":[{"href":"https:\/\/www.europesays.com\/de\/wp-json\/wp\/v2\/types\/post"}],"author":[{"embeddable":true,"href":"https:\/\/www.europesays.com\/de\/wp-json\/wp\/v2\/users\/2"}],"replies":[{"embeddable":true,"href":"https:\/\/www.europesays.com\/de\/wp-json\/wp\/v2\/comments?post=667509"}],"version-history":[{"count":0,"href":"https:\/\/www.europesays.com\/de\/wp-json\/wp\/v2\/posts\/667509\/revisions"}],"wp:featuredmedia":[{"embeddable":true,"href":"https:\/\/www.europesays.com\/de\/wp-json\/wp\/v2\/media\/667510"}],"wp:attachment":[{"href":"https:\/\/www.europesays.com\/de\/wp-json\/wp\/v2\/media?parent=667509"}],"wp:term":[{"taxonomy":"category","embeddable":true,"href":"https:\/\/www.europesays.com\/de\/wp-json\/wp\/v2\/categories?post=667509"},{"taxonomy":"post_tag","embeddable":true,"href":"https:\/\/www.europesays.com\/de\/wp-json\/wp\/v2\/tags?post=667509"}],"curies":[{"name":"wp","href":"https:\/\/api.w.org\/{rel}","templated":true}]}}