{"id":667581,"date":"2025-12-23T21:23:23","date_gmt":"2025-12-23T21:23:23","guid":{"rendered":"https:\/\/www.europesays.com\/de\/667581\/"},"modified":"2025-12-23T21:23:23","modified_gmt":"2025-12-23T21:23:23","slug":"jahreswechsel-in-gladbeck-knallerei-mit-augenmass-gefordert","status":"publish","type":"post","link":"https:\/\/www.europesays.com\/de\/667581\/","title":{"rendered":"Jahreswechsel in Gladbeck &#8211; Knallerei mit Augenma\u00df gefordert"},"content":{"rendered":"<p><a title=\"Feuerrwerk - Pexels\" href=\"https:\/\/neue-gladbecker-zeitung.de\/jahreswechsel-in-gladbeck-knallerei-mit-augenmass-gefordert\/feuerrwerk-pexels_ergebnis\/\" rel=\"nofollow noopener\" target=\"_blank\"><img fetchpriority=\"high\" width=\"678\" height=\"381\" src=\"https:\/\/www.europesays.com\/de\/wp-content\/uploads\/2025\/12\/Feuerrwerk-Pexels_ergebnis.webp.webp\" class=\"attachment-mh-magazine-content size-mh-magazine-content wp-post-image\" alt=\"Jahreswechsel in Gladbeck - Knallerei mit Augenma\u00df\" title=\"Feuerrwerk - Pexels\" loading=\"eager\" decoding=\"async\"  \/><\/a><br \/>\nWunderkerzen tun es evtl. auch. Symbolbild: pexels<\/p>\n<p>B\u00fcrgermeisterin appelliert an gegenseitige R\u00fccksichtnahme<\/p>\n<p><strong>Gladbeck \u2013 23.12.2025 \u2013 Jahreswechsel <\/strong>\u2013 Der Jahreswechsel steht vor der T\u00fcr, und damit r\u00fcckt auch das traditionelle Silvesterfeuerwerk n\u00e4her. <strong><a style=\"color: #ff0000;\" href=\"https:\/\/www.gladbeck.de\" target=\"_blank\" rel=\"noopener nofollow\">Gladbecks<\/a><\/strong> B\u00fcrgermeisterin Bettina Weist appelliert dabei an gegenseitige R\u00fccksichtnahme und an den respektvollen Umgang mit Rettungs- und Einsatzkr\u00e4ften.<\/p>\n<p><strong>Dazu die B\u00fcrgermeisterin:<\/strong> \u201eGerade in der festlichen Silvesternacht, wenn wir gemeinsam den Jahreswechsel feiern, bitte ich alle GladbeckerInnen eindringlich, Feuerwerk verantwortungsvoll und r\u00fccksichtsvoll zu nutzen, aufeinander zu achten und daf\u00fcr zu sorgen, dass unsere Rettungs- und Einsatzkr\u00e4fte nicht behindert werden, damit sie jederzeit schnell und sicher Hilfe leisten k\u00f6nnen.\u201c<\/p>\n<p>Die NGZ-News aus Gladbeck immer sofort auf das Handy?<br \/>Dann abonniere kostenlos den <a style=\"color: #ff0000;\" href=\"https:\/\/whatsapp.com\/channel\/0029VaAJZdH8F2pIH21PF72X\" target=\"_blank\" rel=\"noopener nofollow\">WhatsApp-Kanal<\/a><br \/>\nDie Gladbecker Zusammenfassung des Tages der NGZ?<br \/>Dann abonniere den kostenlosen <a href=\"https:\/\/neue-gladbecker-zeitung.de\/newsletter-2\/\" target=\"_blank\" rel=\"noopener nofollow\"><strong>Newsletter<\/strong><\/a><br \/>\nFolgen Sie uns auf Facebook: <strong><a style=\"color: #ff0000;\" href=\"https:\/\/www.facebook.com\/NeueGladbeckerZeitung\/\" target=\"_blank\" rel=\"noopener nofollow\">NeueGladbeckerZeitung<\/a><\/strong><\/p>\n<p>Eine ausgewiesene \u201eB\u00f6llerverbotszone\u201c gibt es in Gladbeck nicht, dennoch weist die Stadtverwaltung auf bestimmte Spielregeln hin, die f\u00fcr den Umgang mit Feuerwerk gelten. Grunds\u00e4tzlich gilt: Das Abbrennen und Z\u00fcnden von Feuerwerksk\u00f6rpern der Klasse II ist nur am 31. Dezember und 1. Januar rund um den Jahreswechsel um 0 Uhr erlaubt.<\/p>\n<p>Der <strong>Verkauf ist in diesem Jahr ab Montag, 29. Dezember<\/strong>, freigegeben. Dar\u00fcber hinaus ist das Abbrennen pyrotechnischer Gegenst\u00e4nde in unmittelbarer N\u00e4he von Kirchen, Krankenh\u00e4usern, Kinder- und Altersheimen sowie Reet- und Fachwerkh\u00e4usern grunds\u00e4tzlich verboten. Zuwiderhandlungen k\u00f6nnen mit empfindlichen Bu\u00dfgeldern bis zu 10.000 Euro geahndet werden.<\/p>\n<p>Der <strong><a style=\"color: #ff0000;\" href=\"https:\/\/www.gladbeck.de\/Rathaus_Politik\/Rathaus\/Kommunaler_Ordnungsdienst\/Kontakt_zum_KOD.asp\" target=\"_blank\" rel=\"noopener nofollow\">Kommunale Ordnungsdienst<\/a><\/strong> der Stadt Gladbeck wird zwischen den Feiertagen im Einsatz sein und die Einhaltung der bestehenden Verbote kontrollieren. Gerade mit R\u00fccksicht auf Kinder, \u00e4ltere Menschen und auch Haustiere bittet die Verwaltung, die bestehenden Regeln einzuhalten und zu respektieren.<\/p>\n<p><a style=\"color: #ff0000;\" href=\"https:\/\/neue-gladbecker-zeitung.de\" rel=\"nofollow noopener\" target=\"_blank\">Zur Startseite<\/a><\/p>\n","protected":false},"excerpt":{"rendered":"Wunderkerzen tun es evtl. auch. Symbolbild: pexels B\u00fcrgermeisterin appelliert an gegenseitige R\u00fccksichtnahme Gladbeck \u2013 23.12.2025 \u2013 Jahreswechsel \u2013&hellip;\n","protected":false},"author":2,"featured_media":667582,"comment_status":"","ping_status":"","sticky":false,"template":"","format":"standard","meta":{"footnotes":""},"categories":[1848],"tags":[19184,3364,29,548,663,3934,4851,3658,30,17275,13,2280,14,15,1209,12],"class_list":{"0":"post-667581","1":"post","2":"type-post","3":"status-publish","4":"format-standard","5":"has-post-thumbnail","7":"category-gelsenkirchen","8":"tag-boeller","9":"tag-de","10":"tag-deutschland","11":"tag-eu","12":"tag-europa","13":"tag-europe","14":"tag-feuerwerk","15":"tag-gelsenkirchen","16":"tag-germany","17":"tag-gladbeck","18":"tag-headlines","19":"tag-jahreswechsel","20":"tag-nachrichten","21":"tag-news","22":"tag-nordrhein-westfalen","23":"tag-schlagzeilen"},"share_on_mastodon":{"url":"https:\/\/pubeurope.com\/@de\/115770989451499386","error":""},"_links":{"self":[{"href":"https:\/\/www.europesays.com\/de\/wp-json\/wp\/v2\/posts\/667581","targetHints":{"allow":["GET"]}}],"collection":[{"href":"https:\/\/www.europesays.com\/de\/wp-json\/wp\/v2\/posts"}],"about":[{"href":"https:\/\/www.europesays.com\/de\/wp-json\/wp\/v2\/types\/post"}],"author":[{"embeddable":true,"href":"https:\/\/www.europesays.com\/de\/wp-json\/wp\/v2\/users\/2"}],"replies":[{"embeddable":true,"href":"https:\/\/www.europesays.com\/de\/wp-json\/wp\/v2\/comments?post=667581"}],"version-history":[{"count":0,"href":"https:\/\/www.europesays.com\/de\/wp-json\/wp\/v2\/posts\/667581\/revisions"}],"wp:featuredmedia":[{"embeddable":true,"href":"https:\/\/www.europesays.com\/de\/wp-json\/wp\/v2\/media\/667582"}],"wp:attachment":[{"href":"https:\/\/www.europesays.com\/de\/wp-json\/wp\/v2\/media?parent=667581"}],"wp:term":[{"taxonomy":"category","embeddable":true,"href":"https:\/\/www.europesays.com\/de\/wp-json\/wp\/v2\/categories?post=667581"},{"taxonomy":"post_tag","embeddable":true,"href":"https:\/\/www.europesays.com\/de\/wp-json\/wp\/v2\/tags?post=667581"}],"curies":[{"name":"wp","href":"https:\/\/api.w.org\/{rel}","templated":true}]}}